{"id":91644,"date":"2025-05-30T12:28:11","date_gmt":"2025-05-30T18:28:11","guid":{"rendered":"https:\/\/www.interaccionnoticias.com.mx\/?p=91644"},"modified":"2025-05-30T12:28:12","modified_gmt":"2025-05-30T18:28:12","slug":"periodistas-marchan-en-chilpancingo-a-41-anos-del-asesinato-cometido-en-contra-de-manuel-buendia","status":"publish","type":"post","link":"https:\/\/www.interaccionnoticias.com.mx\/?p=91644","title":{"rendered":"Periodistas marchan en Chilpancingo, a 41 a\u00f1os del asesinato cometido en contra de Manuel Buend\u00eda"},"content":{"rendered":"\n<p><strong><em>&#8212; Reprochan las amenazas contra comunicadores de medios locales<\/em><\/strong><\/p>\n\n\n\n<p><strong>Rogelio Agust\u00edn<\/strong><\/p>\n\n\n\n<p>Trabajadores de diferentes medios de comunicaci\u00f3n marcharon en la capital de Guerrero para conmemorar el 41 aniversario del asesinato perpetrado en contra del periodista Manuel Buend\u00eda Tellezgir\u00f3n.<\/p>\n\n\n\n<p>La movilizaci\u00f3n comenz\u00f3 en las inmediaciones de la alameda Granados Maldonado, cerca de la cabina de transmisiones de Radio Universidad, que esta semna cumpli\u00f3 43 a\u00f1os de estar al aire.<\/p>\n\n\n\n<p>Los comunicadores caminaron sobre las avenidas Benito Ju\u00e1rez e Ignacio Ram\u00edrez, para finalmente ingresar a la plaza central Primer Congreso de An\u00e1huac.<\/p>\n\n\n\n<p>Ah\u00ed realizaron un mitin, donde los periodistas Jes\u00fas Saavedra Lezama y Florentino Gatica se pronunciaron en contra de los asesinatos y actos encaminados a silenciar a la prensa.<\/p>\n\n\n\n<p>Reivindicaron los casos de Anwar Delgado Peralta y Fabi\u00e1n Ortiz Trigo, el primero fue amenazado por un diputado local del PRI y el segundo por agentes de la Fiscal\u00eda General de la Rep\u00fablica (FGR).<\/p>\n\n\n\n<p>Se pronunciaron en contra de todo acto que implique acciones de represi\u00f3n, que tengan la intenci\u00f3n de silenciar a los medios de comunicaci\u00f3n.<\/p>\n\n\n\n<p>La protesta de este d\u00eda culmin\u00f3 sin sobresaltos.<\/p>\n\n\n\n<figure class=\"wp-block-gallery has-nested-images columns-default is-cropped wp-block-gallery-1 is-layout-flex wp-block-gallery-is-layout-flex\">\n<figure class=\"wp-block-image size-large\"><img decoding=\"async\" src=\"data:image\/gif;base64,R0lGODlhAQABAIAAAAAAAP\/\/\/ywAAAAAAQABAAACAUwAOw==\" fifu-lazy=\"1\" fifu-data-sizes=\"auto\" fifu-data-srcset=\"https:\/\/i3.wp.com\/www.interaccionnoticias.com.mx\/wp-content\/uploads\/2025\/05\/250530-Periodistas-marchan-1024x683.jpg?ssl=1&w=75&resize=75&ssl=1 75w, https:\/\/i3.wp.com\/www.interaccionnoticias.com.mx\/wp-content\/uploads\/2025\/05\/250530-Periodistas-marchan-1024x683.jpg?ssl=1&w=100&resize=100&ssl=1 100w, https:\/\/i3.wp.com\/www.interaccionnoticias.com.mx\/wp-content\/uploads\/2025\/05\/250530-Periodistas-marchan-1024x683.jpg?ssl=1&w=150&resize=150&ssl=1 150w, https:\/\/i3.wp.com\/www.interaccionnoticias.com.mx\/wp-content\/uploads\/2025\/05\/250530-Periodistas-marchan-1024x683.jpg?ssl=1&w=240&resize=240&ssl=1 240w, https:\/\/i3.wp.com\/www.interaccionnoticias.com.mx\/wp-content\/uploads\/2025\/05\/250530-Periodistas-marchan-1024x683.jpg?ssl=1&w=320&resize=320&ssl=1 320w, https:\/\/i3.wp.com\/www.interaccionnoticias.com.mx\/wp-content\/uploads\/2025\/05\/250530-Periodistas-marchan-1024x683.jpg?ssl=1&w=500&resize=500&ssl=1 500w, https:\/\/i3.wp.com\/www.interaccionnoticias.com.mx\/wp-content\/uploads\/2025\/05\/250530-Periodistas-marchan-1024x683.jpg?ssl=1&w=640&resize=640&ssl=1 640w, https:\/\/i3.wp.com\/www.interaccionnoticias.com.mx\/wp-content\/uploads\/2025\/05\/250530-Periodistas-marchan-1024x683.jpg?ssl=1&w=800&resize=800&ssl=1 800w, https:\/\/i3.wp.com\/www.interaccionnoticias.com.mx\/wp-content\/uploads\/2025\/05\/250530-Periodistas-marchan-1024x683.jpg?ssl=1&w=1024&resize=1024&ssl=1 1024w, https:\/\/i3.wp.com\/www.interaccionnoticias.com.mx\/wp-content\/uploads\/2025\/05\/250530-Periodistas-marchan-1024x683.jpg?ssl=1&w=1280&resize=1280&ssl=1 1280w, https:\/\/i3.wp.com\/www.interaccionnoticias.com.mx\/wp-content\/uploads\/2025\/05\/250530-Periodistas-marchan-1024x683.jpg?ssl=1&w=1600&resize=1600&ssl=1 1600w\" data-id=\"91645\" fifu-data-src=\"https:\/\/i3.wp.com\/www.interaccionnoticias.com.mx\/wp-content\/uploads\/2025\/05\/250530-Periodistas-marchan-1024x683.jpg?ssl=1\" alt=\"\" class=\"wp-image-91645\"\/><\/figure>\n\n\n\n<figure class=\"wp-block-image size-large\"><img decoding=\"async\" src=\"data:image\/gif;base64,R0lGODlhAQABAIAAAAAAAP\/\/\/ywAAAAAAQABAAACAUwAOw==\" fifu-lazy=\"1\" fifu-data-sizes=\"auto\" fifu-data-srcset=\"https:\/\/i3.wp.com\/www.interaccionnoticias.com.mx\/wp-content\/uploads\/2025\/05\/250530-Periodistas-marchan-1-1024x683.jpg?ssl=1&w=75&resize=75&ssl=1 75w, https:\/\/i3.wp.com\/www.interaccionnoticias.com.mx\/wp-content\/uploads\/2025\/05\/250530-Periodistas-marchan-1-1024x683.jpg?ssl=1&w=100&resize=100&ssl=1 100w, https:\/\/i3.wp.com\/www.interaccionnoticias.com.mx\/wp-content\/uploads\/2025\/05\/250530-Periodistas-marchan-1-1024x683.jpg?ssl=1&w=150&resize=150&ssl=1 150w, https:\/\/i3.wp.com\/www.interaccionnoticias.com.mx\/wp-content\/uploads\/2025\/05\/250530-Periodistas-marchan-1-1024x683.jpg?ssl=1&w=240&resize=240&ssl=1 240w, https:\/\/i3.wp.com\/www.interaccionnoticias.com.mx\/wp-content\/uploads\/2025\/05\/250530-Periodistas-marchan-1-1024x683.jpg?ssl=1&w=320&resize=320&ssl=1 320w, https:\/\/i3.wp.com\/www.interaccionnoticias.com.mx\/wp-content\/uploads\/2025\/05\/250530-Periodistas-marchan-1-1024x683.jpg?ssl=1&w=500&resize=500&ssl=1 500w, https:\/\/i3.wp.com\/www.interaccionnoticias.com.mx\/wp-content\/uploads\/2025\/05\/250530-Periodistas-marchan-1-1024x683.jpg?ssl=1&w=640&resize=640&ssl=1 640w, https:\/\/i3.wp.com\/www.interaccionnoticias.com.mx\/wp-content\/uploads\/2025\/05\/250530-Periodistas-marchan-1-1024x683.jpg?ssl=1&w=800&resize=800&ssl=1 800w, https:\/\/i3.wp.com\/www.interaccionnoticias.com.mx\/wp-content\/uploads\/2025\/05\/250530-Periodistas-marchan-1-1024x683.jpg?ssl=1&w=1024&resize=1024&ssl=1 1024w, https:\/\/i3.wp.com\/www.interaccionnoticias.com.mx\/wp-content\/uploads\/2025\/05\/250530-Periodistas-marchan-1-1024x683.jpg?ssl=1&w=1280&resize=1280&ssl=1 1280w, https:\/\/i3.wp.com\/www.interaccionnoticias.com.mx\/wp-content\/uploads\/2025\/05\/250530-Periodistas-marchan-1-1024x683.jpg?ssl=1&w=1600&resize=1600&ssl=1 1600w\" data-id=\"91646\" fifu-data-src=\"https:\/\/i3.wp.com\/www.interaccionnoticias.com.mx\/wp-content\/uploads\/2025\/05\/250530-Periodistas-marchan-1-1024x683.jpg?ssl=1\" alt=\"\" class=\"wp-image-91646\"\/><\/figure>\n<\/figure>\n","protected":false},"excerpt":{"rendered":"<p>&#8212; Reprochan las amenazas contra comunicadores de medios locales Rogelio Agust\u00edn Trabajadores de diferentes medios de comunicaci\u00f3n marcharon en la capital de Guerrero para conmemorar el 41 aniversario del asesinato&hellip; <\/p>\n","protected":false},"author":21,"featured_media":91646,"comment_status":"open","ping_status":"open","sticky":false,"template":"","format":"standard","meta":{"fifu_image_url":"","fifu_image_alt":"","footnotes":""},"categories":[11],"tags":[],"class_list":["post-91644","post","type-post","status-publish","format-standard","has-post-thumbnail","hentry","category-guerrero"],"_links":{"self":[{"href":"https:\/\/www.interaccionnoticias.com.mx\/index.php?rest_route=\/wp\/v2\/posts\/91644","targetHints":{"allow":["GET"]}}],"collection":[{"href":"https:\/\/www.interaccionnoticias.com.mx\/index.php?rest_route=\/wp\/v2\/posts"}],"about":[{"href":"https:\/\/www.interaccionnoticias.com.mx\/index.php?rest_route=\/wp\/v2\/types\/post"}],"author":[{"embeddable":true,"href":"https:\/\/www.interaccionnoticias.com.mx\/index.php?rest_route=\/wp\/v2\/users\/21"}],"replies":[{"embeddable":true,"href":"https:\/\/www.interaccionnoticias.com.mx\/index.php?rest_route=%2Fwp%2Fv2%2Fcomments&post=91644"}],"version-history":[{"count":1,"href":"https:\/\/www.interaccionnoticias.com.mx\/index.php?rest_route=\/wp\/v2\/posts\/91644\/revisions"}],"predecessor-version":[{"id":91647,"href":"https:\/\/www.interaccionnoticias.com.mx\/index.php?rest_route=\/wp\/v2\/posts\/91644\/revisions\/91647"}],"wp:featuredmedia":[{"embeddable":true,"href":"https:\/\/www.interaccionnoticias.com.mx\/index.php?rest_route=\/wp\/v2\/media\/91646"}],"wp:attachment":[{"href":"https:\/\/www.interaccionnoticias.com.mx\/index.php?rest_route=%2Fwp%2Fv2%2Fmedia&parent=91644"}],"wp:term":[{"taxonomy":"category","embeddable":true,"href":"https:\/\/www.interaccionnoticias.com.mx\/index.php?rest_route=%2Fwp%2Fv2%2Fcategories&post=91644"},{"taxonomy":"post_tag","embeddable":true,"href":"https:\/\/www.interaccionnoticias.com.mx\/index.php?rest_route=%2Fwp%2Fv2%2Ftags&post=91644"}],"curies":[{"name":"wp","href":"https:\/\/api.w.org\/{rel}","templated":true}]}}