{"id":91620,"date":"2025-05-29T19:05:00","date_gmt":"2025-05-30T01:05:00","guid":{"rendered":"https:\/\/www.interaccionnoticias.com.mx\/?p=91620"},"modified":"2025-05-29T23:55:42","modified_gmt":"2025-05-30T05:55:42","slug":"muere-el-senor-donato-abarca-beltran-padre-de-uno-de-los-43-normalistas-desaparecidos-de-ayotizinapa","status":"publish","type":"post","link":"https:\/\/www.interaccionnoticias.com.mx\/?p=91620","title":{"rendered":"Muere el se\u00f1or Donato Abarca Beltr\u00e1n, padre de uno de los 43 normalistas desaparecidos de Ayotizinapa"},"content":{"rendered":"\n<p><em><strong>&#8212; Padec\u00eda de diabetes, su situaci\u00f3n se complic\u00f3 tras la desaparici\u00f3n de su hijo, \u00c1ngel Abarca Carrillo<\/strong><\/em><\/p>\n\n\n\n<p><strong>Rogelio Agust\u00edn<\/strong><\/p>\n\n\n\n<p>Este jueves se confirm\u00f3 el deceso del se\u00f1or Donato Abarca Beltr\u00e1n, padre de Luis \u00c1ngel Abarca Carrillo, uno de los 43 estudiantes de la Normal Rural de Ayotzinapa desaparecidos desde la noche del 26 de septiembre de 2014.<\/p>\n\n\n\n<p>La muerte del se\u00f1or Abarca Beltr\u00e1n se confirm\u00f3 a partir de la publicaci\u00f3n de una esquela emitida por la Subsecretar\u00eda de Derechos Humanos y Migraci\u00f3n de la Secretar\u00eda de Gobernaci\u00f3n Federal.<\/p>\n\n\n\n<p>El se\u00f1or Donato Abarca era esposo de la se\u00f1ora Metodia Carrillo Lino, quien de hecho es la que participa con mayor frecuencia en las actividades programadas por el colectivo \u201cNos Faltan 43\u201d.<\/p>\n\n\n\n<p>Se sabe que el se\u00f1or Donato desde hac\u00eda varios a\u00f1os enfrentaba complicaciones de la Diabetes, por lo que su deceso deriva de los problemas cr\u00f3nicos que padec\u00eda.<\/p>\n\n\n\n<p>Era originario del municipio de Azoy\u00fa, ubicado en la regi\u00f3n de la Costa Chica.<\/p>\n","protected":false},"excerpt":{"rendered":"<p>&#8212; Padec\u00eda de diabetes, su situaci\u00f3n se complic\u00f3 tras la desaparici\u00f3n de su hijo, \u00c1ngel Abarca Carrillo Rogelio Agust\u00edn Este jueves se confirm\u00f3 el deceso del se\u00f1or Donato Abarca Beltr\u00e1n,&hellip; <\/p>\n","protected":false},"author":21,"featured_media":91621,"comment_status":"open","ping_status":"open","sticky":false,"template":"","format":"standard","meta":{"fifu_image_url":"","fifu_image_alt":"","footnotes":""},"categories":[15],"tags":[],"class_list":["post-91620","post","type-post","status-publish","format-standard","has-post-thumbnail","hentry","category-movimientos-sociales"],"_links":{"self":[{"href":"https:\/\/www.interaccionnoticias.com.mx\/index.php?rest_route=\/wp\/v2\/posts\/91620","targetHints":{"allow":["GET"]}}],"collection":[{"href":"https:\/\/www.interaccionnoticias.com.mx\/index.php?rest_route=\/wp\/v2\/posts"}],"about":[{"href":"https:\/\/www.interaccionnoticias.com.mx\/index.php?rest_route=\/wp\/v2\/types\/post"}],"author":[{"embeddable":true,"href":"https:\/\/www.interaccionnoticias.com.mx\/index.php?rest_route=\/wp\/v2\/users\/21"}],"replies":[{"embeddable":true,"href":"https:\/\/www.interaccionnoticias.com.mx\/index.php?rest_route=%2Fwp%2Fv2%2Fcomments&post=91620"}],"version-history":[{"count":1,"href":"https:\/\/www.interaccionnoticias.com.mx\/index.php?rest_route=\/wp\/v2\/posts\/91620\/revisions"}],"predecessor-version":[{"id":91622,"href":"https:\/\/www.interaccionnoticias.com.mx\/index.php?rest_route=\/wp\/v2\/posts\/91620\/revisions\/91622"}],"wp:featuredmedia":[{"embeddable":true,"href":"https:\/\/www.interaccionnoticias.com.mx\/index.php?rest_route=\/wp\/v2\/media\/91621"}],"wp:attachment":[{"href":"https:\/\/www.interaccionnoticias.com.mx\/index.php?rest_route=%2Fwp%2Fv2%2Fmedia&parent=91620"}],"wp:term":[{"taxonomy":"category","embeddable":true,"href":"https:\/\/www.interaccionnoticias.com.mx\/index.php?rest_route=%2Fwp%2Fv2%2Fcategories&post=91620"},{"taxonomy":"post_tag","embeddable":true,"href":"https:\/\/www.interaccionnoticias.com.mx\/index.php?rest_route=%2Fwp%2Fv2%2Ftags&post=91620"}],"curies":[{"name":"wp","href":"https:\/\/api.w.org\/{rel}","templated":true}]}}