{"id":91609,"date":"2025-05-29T17:27:00","date_gmt":"2025-05-29T23:27:00","guid":{"rendered":"https:\/\/www.interaccionnoticias.com.mx\/?p=91609"},"modified":"2025-05-29T23:13:48","modified_gmt":"2025-05-30T05:13:48","slug":"nos-nos-vamos-a-detener-advierte-la-ceteg","status":"publish","type":"post","link":"https:\/\/www.interaccionnoticias.com.mx\/?p=91609","title":{"rendered":"\u00abNos nos vamos a detener\u00bb, advierte la CETEG"},"content":{"rendered":"\n<p><strong><em>&#8212; La CETEG culpa al gobierno de la confrontaci\u00f3n de este jueves en Chilpancingo<br>&#8212; Advierte que el boicot a las elecciones del Poder Judicial depende de la administraci\u00f3n federal<\/em><\/strong><\/p>\n\n\n\n<p><strong>Yasm\u00edn Garc\u00eda<\/strong><\/p>\n\n\n\n<p>\u00abNo nos vamos a detener, hacemos un llamado a los compa\u00f1eros que se sigan protegiendo entre ellos mismos que unidos vamos a enfrentar la lucha magisterial\u00bb, dijo Juan Carlos Salmer\u00f3n, integrante de la Comisi\u00f3n de Organizaci\u00f3n de la regi\u00f3n centro de la Coordinadora Estatal de Trabajadores de la Educaci\u00f3n (CETEG).<\/p>\n\n\n\n<p>El integrante de la Comisi\u00f3n de Organizaci\u00f3n de la CETEG y uno de los maestros que encabeza las movilizaciones en Chilpancingo, responsabilizo al Gobierno de Guerrero del uso de la fuerza, despu\u00e9s de que la Guardia Nacional lanz\u00f3 gas lacrim\u00f3geno para evitar la toma de la Junta Distrital Ejecutiva 7 del Instituto Nacional Electoral (INE).<\/p>\n\n\n\n<p>Acus\u00f3 que los agentes de la Guardia Nacional no cuidaron ninguna forma, tampoco implementaron ning\u00fan protocolo de seguridad y utilizaron gas lacrim\u00f3geno en una zona escolar, adem\u00e1s de manera directa contra el magisterio, violando los derechos humanos de los estudiantes y de los maestros.<\/p>\n\n\n\n<p>\u00abSe les hablo se les dijo que se iban a hacer las pintas de las demandas, que se hicieran un lado que no hab\u00eda otra manifestaci\u00f3n, pero no accedieron\u00bb, Insisti\u00f3.<\/p>\n\n\n\n<p>Consider\u00f3 que no hubo medida de las consecuencias y lanzaron el gas lacrim\u00f3geno contra maestros y maestras.<\/p>\n\n\n\n<p>Advirti\u00f3 que las movilizaciones van a continuar: \u00abEstamos fortalecidos con esto nos llaman a estar fuertemente acccionando con la Coordinadora Nacional de Trabajadores de la Educaci\u00f3n (CNTE)\u00bb.<\/p>\n\n\n\n<p>Indic\u00f3 que si llegan al boicot de las elecciones del Poder Judicial es por la cerraz\u00f3n del gobierno federal ante la soluci\u00f3n a sus demandas.<\/p>\n\n\n\n<p>\u00abSi no hay soluci\u00f3n ellos nos van a llevar eso, la postura de nosotros es que se den soluciones antes para no llegar al boicot pero ser\u00e1n ellos, la cerraz\u00f3n del gobierno ante la soluci\u00f3n de las demandas justas\u00bb.<\/p>\n\n\n\n<p>Mencion\u00f3 que fue una promesa de campa\u00f1a de Claudia Sheinbaum Pardo la abrogaci\u00f3n a la Ley del ISSSTE 2007.<\/p>\n\n\n\n<p>\u00abAndr\u00e9s Manuel L\u00f3pez Obrador antes de irse dijo que ya hab\u00eda iniciado la iniciativa de reforma para que regresar\u00e1 como Ley del ISSSTE y derogar la del 2007 y vemos que despu\u00e9s de 18 a\u00f1os los maestros no pueden jubilazarse valorando en UMAS y pierden m\u00e1s del 60 por ciento de pensiones\u00bb, explic\u00f3 el maestro.<\/p>\n\n\n\n<p>Asegur\u00f3 que es \u00abmuy probable\u00bb que se manifiesten en el proceso de elecciones del Poder Judicial porque el gobierno los lleva al l\u00edmite negando una soluci\u00f3n real a la problem\u00e1tica del magisterio.<\/p>\n\n\n\n<p>Juan Carlos Salmer\u00f3n se disculp\u00f3 con la poblaci\u00f3n por realizar bloqueos, ya que asegur\u00f3 no tienen otra v\u00eda y es el gobierno que los obliga a salir a las calles, \u00abas\u00ed vamos a mantenernos hasta que la CNTE defina la finalizaci\u00f3n o conclusi\u00f3n de las movilizaciones a nivel nacional o estatal\u00bb.<\/p>\n\n\n\n<p>Por el enfrentamiento con agentes de la Guardia Nacional mencion\u00f3 que no hubo heridos, resultando afectados en el sistema respiratorio los mil 500 maestros y maestras que participaron en la movilizaci\u00f3n.<\/p>\n","protected":false},"excerpt":{"rendered":"<p>&#8212; La CETEG culpa al gobierno de la confrontaci\u00f3n de este jueves en Chilpancingo&#8212; Advierte que el boicot a las elecciones del Poder Judicial depende de la administraci\u00f3n federal Yasm\u00edn&hellip; <\/p>\n","protected":false},"author":32,"featured_media":91610,"comment_status":"open","ping_status":"open","sticky":false,"template":"","format":"standard","meta":{"fifu_image_url":"","fifu_image_alt":"","footnotes":""},"categories":[6],"tags":[],"class_list":["post-91609","post","type-post","status-publish","format-standard","has-post-thumbnail","hentry","category-educacion"],"_links":{"self":[{"href":"https:\/\/www.interaccionnoticias.com.mx\/index.php?rest_route=\/wp\/v2\/posts\/91609","targetHints":{"allow":["GET"]}}],"collection":[{"href":"https:\/\/www.interaccionnoticias.com.mx\/index.php?rest_route=\/wp\/v2\/posts"}],"about":[{"href":"https:\/\/www.interaccionnoticias.com.mx\/index.php?rest_route=\/wp\/v2\/types\/post"}],"author":[{"embeddable":true,"href":"https:\/\/www.interaccionnoticias.com.mx\/index.php?rest_route=\/wp\/v2\/users\/32"}],"replies":[{"embeddable":true,"href":"https:\/\/www.interaccionnoticias.com.mx\/index.php?rest_route=%2Fwp%2Fv2%2Fcomments&post=91609"}],"version-history":[{"count":1,"href":"https:\/\/www.interaccionnoticias.com.mx\/index.php?rest_route=\/wp\/v2\/posts\/91609\/revisions"}],"predecessor-version":[{"id":91611,"href":"https:\/\/www.interaccionnoticias.com.mx\/index.php?rest_route=\/wp\/v2\/posts\/91609\/revisions\/91611"}],"wp:featuredmedia":[{"embeddable":true,"href":"https:\/\/www.interaccionnoticias.com.mx\/index.php?rest_route=\/wp\/v2\/media\/91610"}],"wp:attachment":[{"href":"https:\/\/www.interaccionnoticias.com.mx\/index.php?rest_route=%2Fwp%2Fv2%2Fmedia&parent=91609"}],"wp:term":[{"taxonomy":"category","embeddable":true,"href":"https:\/\/www.interaccionnoticias.com.mx\/index.php?rest_route=%2Fwp%2Fv2%2Fcategories&post=91609"},{"taxonomy":"post_tag","embeddable":true,"href":"https:\/\/www.interaccionnoticias.com.mx\/index.php?rest_route=%2Fwp%2Fv2%2Ftags&post=91609"}],"curies":[{"name":"wp","href":"https:\/\/api.w.org\/{rel}","templated":true}]}}