{"id":91589,"date":"2025-05-29T15:45:53","date_gmt":"2025-05-29T21:45:53","guid":{"rendered":"https:\/\/www.interaccionnoticias.com.mx\/?p=91589"},"modified":"2025-05-29T15:45:54","modified_gmt":"2025-05-29T21:45:54","slug":"academia-de-abogados-penalistas-de-mexico-reconoce-el-trabajo-del-ex-procurador-inaky-blanco-cabrera-en-el-caso-hernandez-cardona","status":"publish","type":"post","link":"https:\/\/www.interaccionnoticias.com.mx\/?p=91589","title":{"rendered":"Academia de Abogados Penalistas de M\u00e9xico reconoce el trabajo del ex procurador, I\u00f1aky Blanco Cabrera en el caso Hern\u00e1ndez Cardona"},"content":{"rendered":"\n<p><em><strong>&#8212; Es la principal investigaci\u00f3n que mantiene al ex alcalde de Iguala, Jos\u00e9 Luis Abarca Vel\u00e1zquez en prisi\u00f3n<br>&#8212; El caso est\u00e1 listo para que lo retome la Corte Interamericana de Derechos Humanos (CIDH)<\/strong><\/em><\/p>\n\n\n\n<p><strong>Rogelio Agust\u00edn<\/strong><\/p>\n\n\n\n<p>La Academia de Derecho del Colegio Nacional de Abogados Penales de M\u00e9xico, Asociaci\u00f3n Civil (AC) emiti\u00f3 un reconocimiento al ex Fiscal de Guerrero, I\u00f1aky Blanco Cabrera por su trabajo realizado en la investigaci\u00f3n del asesinato perpetrado en contra del dirigente social Arturo Hern\u00e1ndez Cardona, ya que esta mantiene en prisi\u00f3n al ex alcalde de Iguala Jos\u00e9 Luis Abarca Vel\u00e1zquez.<\/p>\n\n\n\n<p>Este 29 de mayo, el representante de la Academia del Colegio Nacional de Abogados Penales, Alberto Woolrich Ortiz dirigi\u00f3 una carta al ex procurador Blanco Cabrera en la que se pronuncia de la siguiente manera.<\/p>\n\n\n\n<p>\u201cMe permito extender las m\u00e1s altas felicitaciones con motivo de la probidad, conocimientos y eficiencia con la que manej\u00f3 hace doce a\u00f1os las investigaciones de aquellos miembros de la organizaci\u00f3n social denominada \u201cUnidad Popular\u201d.<\/p>\n\n\n\n<p>Se trata del asesinato cometido en contra de tres integrantes de la UP, en junio de 2013, entre los que se encontraba el dirigente Arturo Hern\u00e1ndez Cardona, caso en el que se acredit\u00f3 la autor\u00eda material del ex alcalde de Iguala Jos\u00e9 Luis Abarca Vel\u00e1zquez, preso adem\u00e1s por sus v\u00ednculos con el crimen organizado.<\/p>\n\n\n\n<p>El representante del Colegio de Abogados Penales plantea: \u201cHago de su conocimiento que gracias a esa integridad intelectual que siempre lo ha caracterizado, en la actualidad la Corte Interamericana de Derechos Humanos (CIDH) podr\u00e1 proceder una vez que se encuentre procesalmente listo el caso de Arturo Hern\u00e1ndez Cardona y otros\u201d.<\/p>\n\n\n\n<p>Y plantea: \u201cPor desgracia, como resulta ser de su conocimiento, el Estado Mexicano no ha valorado de conformidad con los c\u00e1nones internacionales la honrosa investigaci\u00f3n realizada cuando usted fung\u00eda como procurador en el estado libre y soberano de Guerrero\u201d.<\/p>\n\n\n\n<p>Refiere que la del caso Hern\u00e1ndez Cardona y otras impulsadas por la entonces Procuradur\u00eda General de Justicia (PGJ) de Guerrero, fueron encaminadas a respetar al Estado de Derecho y dignificar la misi\u00f3n constitucional\u201d.<\/p>\n\n\n\n<figure class=\"wp-block-gallery has-nested-images columns-default is-cropped wp-block-gallery-1 is-layout-flex wp-block-gallery-is-layout-flex\">\n<figure class=\"wp-block-image size-large\"><img decoding=\"async\" src=\"data:image\/gif;base64,R0lGODlhAQABAIAAAAAAAP\/\/\/ywAAAAAAQABAAACAUwAOw==\" fifu-lazy=\"1\" fifu-data-sizes=\"auto\" fifu-data-srcset=\"https:\/\/i3.wp.com\/www.interaccionnoticias.com.mx\/wp-content\/uploads\/2025\/05\/250529-Inaky-Blanco-Cabrera-2.jpg?ssl=1&w=75&resize=75&ssl=1 75w, https:\/\/i3.wp.com\/www.interaccionnoticias.com.mx\/wp-content\/uploads\/2025\/05\/250529-Inaky-Blanco-Cabrera-2.jpg?ssl=1&w=100&resize=100&ssl=1 100w, https:\/\/i3.wp.com\/www.interaccionnoticias.com.mx\/wp-content\/uploads\/2025\/05\/250529-Inaky-Blanco-Cabrera-2.jpg?ssl=1&w=150&resize=150&ssl=1 150w, https:\/\/i3.wp.com\/www.interaccionnoticias.com.mx\/wp-content\/uploads\/2025\/05\/250529-Inaky-Blanco-Cabrera-2.jpg?ssl=1&w=240&resize=240&ssl=1 240w, https:\/\/i3.wp.com\/www.interaccionnoticias.com.mx\/wp-content\/uploads\/2025\/05\/250529-Inaky-Blanco-Cabrera-2.jpg?ssl=1&w=320&resize=320&ssl=1 320w, https:\/\/i3.wp.com\/www.interaccionnoticias.com.mx\/wp-content\/uploads\/2025\/05\/250529-Inaky-Blanco-Cabrera-2.jpg?ssl=1&w=500&resize=500&ssl=1 500w, https:\/\/i3.wp.com\/www.interaccionnoticias.com.mx\/wp-content\/uploads\/2025\/05\/250529-Inaky-Blanco-Cabrera-2.jpg?ssl=1&w=640&resize=640&ssl=1 640w, https:\/\/i3.wp.com\/www.interaccionnoticias.com.mx\/wp-content\/uploads\/2025\/05\/250529-Inaky-Blanco-Cabrera-2.jpg?ssl=1&w=800&resize=800&ssl=1 800w, https:\/\/i3.wp.com\/www.interaccionnoticias.com.mx\/wp-content\/uploads\/2025\/05\/250529-Inaky-Blanco-Cabrera-2.jpg?ssl=1&w=1024&resize=1024&ssl=1 1024w, https:\/\/i3.wp.com\/www.interaccionnoticias.com.mx\/wp-content\/uploads\/2025\/05\/250529-Inaky-Blanco-Cabrera-2.jpg?ssl=1&w=1280&resize=1280&ssl=1 1280w, https:\/\/i3.wp.com\/www.interaccionnoticias.com.mx\/wp-content\/uploads\/2025\/05\/250529-Inaky-Blanco-Cabrera-2.jpg?ssl=1&w=1600&resize=1600&ssl=1 1600w\" data-id=\"91591\" fifu-data-src=\"https:\/\/i3.wp.com\/www.interaccionnoticias.com.mx\/wp-content\/uploads\/2025\/05\/250529-Inaky-Blanco-Cabrera-2.jpg?ssl=1\" alt=\"\" class=\"wp-image-91591\"\/><\/figure>\n<\/figure>\n","protected":false},"excerpt":{"rendered":"<p>&#8212; Es la principal investigaci\u00f3n que mantiene al ex alcalde de Iguala, Jos\u00e9 Luis Abarca Vel\u00e1zquez en prisi\u00f3n&#8212; El caso est\u00e1 listo para que lo retome la Corte Interamericana de&hellip; <\/p>\n","protected":false},"author":21,"featured_media":91590,"comment_status":"open","ping_status":"open","sticky":false,"template":"","format":"standard","meta":{"fifu_image_url":"","fifu_image_alt":"","footnotes":""},"categories":[11],"tags":[],"class_list":["post-91589","post","type-post","status-publish","format-standard","has-post-thumbnail","hentry","category-guerrero"],"_links":{"self":[{"href":"https:\/\/www.interaccionnoticias.com.mx\/index.php?rest_route=\/wp\/v2\/posts\/91589","targetHints":{"allow":["GET"]}}],"collection":[{"href":"https:\/\/www.interaccionnoticias.com.mx\/index.php?rest_route=\/wp\/v2\/posts"}],"about":[{"href":"https:\/\/www.interaccionnoticias.com.mx\/index.php?rest_route=\/wp\/v2\/types\/post"}],"author":[{"embeddable":true,"href":"https:\/\/www.interaccionnoticias.com.mx\/index.php?rest_route=\/wp\/v2\/users\/21"}],"replies":[{"embeddable":true,"href":"https:\/\/www.interaccionnoticias.com.mx\/index.php?rest_route=%2Fwp%2Fv2%2Fcomments&post=91589"}],"version-history":[{"count":1,"href":"https:\/\/www.interaccionnoticias.com.mx\/index.php?rest_route=\/wp\/v2\/posts\/91589\/revisions"}],"predecessor-version":[{"id":91592,"href":"https:\/\/www.interaccionnoticias.com.mx\/index.php?rest_route=\/wp\/v2\/posts\/91589\/revisions\/91592"}],"wp:featuredmedia":[{"embeddable":true,"href":"https:\/\/www.interaccionnoticias.com.mx\/index.php?rest_route=\/wp\/v2\/media\/91590"}],"wp:attachment":[{"href":"https:\/\/www.interaccionnoticias.com.mx\/index.php?rest_route=%2Fwp%2Fv2%2Fmedia&parent=91589"}],"wp:term":[{"taxonomy":"category","embeddable":true,"href":"https:\/\/www.interaccionnoticias.com.mx\/index.php?rest_route=%2Fwp%2Fv2%2Fcategories&post=91589"},{"taxonomy":"post_tag","embeddable":true,"href":"https:\/\/www.interaccionnoticias.com.mx\/index.php?rest_route=%2Fwp%2Fv2%2Ftags&post=91589"}],"curies":[{"name":"wp","href":"https:\/\/api.w.org\/{rel}","templated":true}]}}