{"id":91573,"date":"2025-05-29T11:58:12","date_gmt":"2025-05-29T17:58:12","guid":{"rendered":"https:\/\/www.interaccionnoticias.com.mx\/?p=91573"},"modified":"2025-05-29T11:58:13","modified_gmt":"2025-05-29T17:58:13","slug":"recolectores-de-basura-se-desmarcan-de-supuesto-golpeteo-politico-contra-diputado-de-morena","status":"publish","type":"post","link":"https:\/\/www.interaccionnoticias.com.mx\/?p=91573","title":{"rendered":"Recolectores de basura se desmarcan de supuesto \u201cgolpeteo pol\u00edtico\u201d contra diputado de MORENA"},"content":{"rendered":"\n<p><strong><em>&#8212; Se\u00f1alan que el diputado H\u00e9ctor Su\u00e1rez Basurto golpe\u00f3 el cami\u00f3n 05 por alcance y luego les cerr\u00f3 el paso<br>&#8212; El conductor del cami\u00f3n refiere que no lo conoce<\/em><\/strong><\/p>\n\n\n\n<p><strong>Jes\u00fas Dorantes \/ Chilpancingo<\/strong><\/p>\n\n\n\n<p>Luego del accidente vial registrado la ma\u00f1ana del mi\u00e9rcoles 28 de mayo, sobre el bulevar Vicente Guerrero, trabajadores de la Secretar\u00eda de Servicios P\u00fablicos Municipales de Chilpancingo defendieron a su compa\u00f1ero, el chofer del cami\u00f3n recolector de basura 05, involucrado en el percance con el diputado local por Morena, H\u00e9ctor Su\u00e1rez Basurto.<\/p>\n\n\n\n<p>En un comunicado difundido por los empleados del \u00e1rea de limpia, afirmaron que el conductor municipal \u201cno fue responsable\u201d del choque, que tras el impacto cumpli\u00f3 con todos los procedimientos requeridos durante la investigaci\u00f3n del hecho.<\/p>\n\n\n\n<p>Negaron que ellos sean parte de un golpeteo pol\u00edtico, supuestamente desatado contra el legislador.<\/p>\n\n\n\n<p>\u201cNuestro compa\u00f1ero chofer de la unidad no fue responsable; se siguieron los procedimientos y \u00e9l cumpli\u00f3 hasta el final de la investigaci\u00f3n entregando su licencia para la obtenci\u00f3n de datos\u201d, se\u00f1alaron.<\/p>\n\n\n\n<p>Rechazaron adem\u00e1s que exista alguna intenci\u00f3n pol\u00edtica detr\u00e1s del caso: \u201cDe nuestra parte no hay ning\u00fan golpeteo pol\u00edtico para nadie, nuestro chofer ni siquiera ubica a la persona con la que tuvo el percance\u201d.<\/p>\n\n\n\n<p>El choque, seg\u00fan la versi\u00f3n de los trabajadores, fue un golpe por alcance en un tramo donde el l\u00edmite de velocidad es de 70 kil\u00f3metros por hora. \u201cNuestro compromiso es con la sociedad, intentando mantener limpia la ciudad\u201d, puntualizaron.<\/p>\n\n\n\n<p>De acuerdo con los primeros reportes, el legislador H\u00e9ctor Su\u00e1rez impact\u00f3 por alcance al cami\u00f3n recolector y posteriormente lo cerr\u00f3 para impedir que continuara su marcha.<\/p>\n\n\n\n<p>Testigos se\u00f1alaron que, tras el incidente, Su\u00e1rez descendi\u00f3 de su camioneta oficial y estuvo en otro veh\u00edculo mientras reporteros documentaban el hecho.<\/p>\n\n\n\n<p>La placa del veh\u00edculo oficial fue cubierta con una playera negra, lo que gener\u00f3 suspicacias sobre un posible intento de ocultar la identidad del propietarios del aautom\u00f3vil. En una improvisada conferencia posterior, el diputado afirm\u00f3 que el cami\u00f3n de basura invadi\u00f3 su carril al intentar rebasar, y justific\u00f3 su maniobra al decir que buscaba proteger a su hija, quien lo acompa\u00f1aba.<\/p>\n\n\n\n<p>\u201cEl golpe iba dirigido hacia mi hija, tuve que concentrarlo para recibirlo yo\u201d, declar\u00f3. Tambi\u00e9n neg\u00f3 haber huido del lugar y responsabiliz\u00f3 a un amigo de haberlo resguardado en otro veh\u00edculo debido a la crisis nerviosa que sufri\u00f3 su hija.<\/p>\n\n\n\n<p>Aunque reconoci\u00f3 que \u00e9l conduc\u00eda, rechaz\u00f3 que lo hiciera a exceso de velocidad. \u201cSi hubiera sido as\u00ed, se habr\u00edan activado las bolsas de aire\u201d, asegur\u00f3 el representante popular.<\/p>\n","protected":false},"excerpt":{"rendered":"<p>&#8212; Se\u00f1alan que el diputado H\u00e9ctor Su\u00e1rez Basurto golpe\u00f3 el cami\u00f3n 05 por alcance y luego les cerr\u00f3 el paso&#8212; El conductor del cami\u00f3n refiere que no lo conoce Jes\u00fas&hellip; <\/p>\n","protected":false},"author":8,"featured_media":91574,"comment_status":"open","ping_status":"open","sticky":false,"template":"","format":"standard","meta":{"fifu_image_url":"","fifu_image_alt":"","footnotes":""},"categories":[13],"tags":[],"class_list":["post-91573","post","type-post","status-publish","format-standard","has-post-thumbnail","hentry","category-capital"],"_links":{"self":[{"href":"https:\/\/www.interaccionnoticias.com.mx\/index.php?rest_route=\/wp\/v2\/posts\/91573","targetHints":{"allow":["GET"]}}],"collection":[{"href":"https:\/\/www.interaccionnoticias.com.mx\/index.php?rest_route=\/wp\/v2\/posts"}],"about":[{"href":"https:\/\/www.interaccionnoticias.com.mx\/index.php?rest_route=\/wp\/v2\/types\/post"}],"author":[{"embeddable":true,"href":"https:\/\/www.interaccionnoticias.com.mx\/index.php?rest_route=\/wp\/v2\/users\/8"}],"replies":[{"embeddable":true,"href":"https:\/\/www.interaccionnoticias.com.mx\/index.php?rest_route=%2Fwp%2Fv2%2Fcomments&post=91573"}],"version-history":[{"count":1,"href":"https:\/\/www.interaccionnoticias.com.mx\/index.php?rest_route=\/wp\/v2\/posts\/91573\/revisions"}],"predecessor-version":[{"id":91575,"href":"https:\/\/www.interaccionnoticias.com.mx\/index.php?rest_route=\/wp\/v2\/posts\/91573\/revisions\/91575"}],"wp:featuredmedia":[{"embeddable":true,"href":"https:\/\/www.interaccionnoticias.com.mx\/index.php?rest_route=\/wp\/v2\/media\/91574"}],"wp:attachment":[{"href":"https:\/\/www.interaccionnoticias.com.mx\/index.php?rest_route=%2Fwp%2Fv2%2Fmedia&parent=91573"}],"wp:term":[{"taxonomy":"category","embeddable":true,"href":"https:\/\/www.interaccionnoticias.com.mx\/index.php?rest_route=%2Fwp%2Fv2%2Fcategories&post=91573"},{"taxonomy":"post_tag","embeddable":true,"href":"https:\/\/www.interaccionnoticias.com.mx\/index.php?rest_route=%2Fwp%2Fv2%2Ftags&post=91573"}],"curies":[{"name":"wp","href":"https:\/\/api.w.org\/{rel}","templated":true}]}}