{"id":9149,"date":"2017-10-10T20:10:05","date_gmt":"2017-10-11T01:10:05","guid":{"rendered":"http:\/\/www.inter-accion.com.mx\/?p=9149"},"modified":"2017-10-10T20:10:05","modified_gmt":"2017-10-11T01:10:05","slug":"pri-y-morena-minimizan-frente-ciudadano-en-guerrero","status":"publish","type":"post","link":"https:\/\/www.interaccionnoticias.com.mx\/?p=9149","title":{"rendered":"PRI y MORENA minimizan Frente Ciudadano en Guerrero"},"content":{"rendered":"<p>Ni el Partido Revolucionario Institucional (PRI) ni Movimiento Regeneraci\u00f3n Nacional (MORENA) ven al Frente Ciudadano por M\u00e9xico (FCM) como un competidor en las elecciones de julio de 2018.<br \/>\nEl FCM en Guerrero qued\u00f3 conformado por el Partido Acci\u00f3n Nacional (PAN), Partido de la Revoluci\u00f3n Democr\u00e1tica (PRD) y Movimiento Ciudadano (MC), e inmediatamente gener\u00f3 la desaprobaci\u00f3n del PRI, actual partido en el poder.<br \/>\nEl l\u00edder priista Heriberto Huicochea V\u00e1zquez, consider\u00f3 que el FCM y MORENA, no son los contendientes a vencer en la jornada electoral del pr\u00f3ximo a\u00f1o, toda vez que representan una izquierda divida.<br \/>\nComent\u00f3 que la \u201calianza\u201d PRD, PAN y MC, gira en torno a intereses personales y que de no haberse concretado hubiera provocado un fracaso individual para cada uno de quienes lo integran, por su pr\u00e1cticamente nulo trabajo pol\u00edtico.<br \/>\nPor su parte, el l\u00edder estatal de MORENA, Pablo Am\u00edlcar Sandoval Ballesteros convoc\u00f3 a la militancia perredista a abandonar las filas del PRD, ante la crisis de principios y valores&nbsp; democr\u00e1ticos de ese instituto pol\u00edtico.<br \/>\n\u201cLlamamos a los militantes de izquierda, que no se sientan reflejados en esta alianza, a tomar una posici\u00f3n respecto a esto&#8230; nosotros lo hemos dicho, MORENA est\u00e1 abierta, estamos preparados y es evidente que muchos de estos militantes de izquierda buscar\u00e1n la opci\u00f3n de MORENA\u201d, precis\u00f3.<br \/>\nReiter\u00f3 que la presentaci\u00f3n formal del FCM en Guerrero, no alterar\u00e1 el curso de las actividades pol\u00edticas de MORENA, rumbo a las elecciones del 1 de julio del pr\u00f3ximo a\u00f1o.<\/p>\n","protected":false},"excerpt":{"rendered":"<p>Ni el Partido Revolucionario Institucional (PRI) ni Movimiento Regeneraci\u00f3n Nacional (MORENA) ven al Frente Ciudadano por M\u00e9xico (FCM) como un competidor en las elecciones de julio de 2018. El FCM&hellip; <\/p>\n","protected":false},"author":1,"featured_media":0,"comment_status":"closed","ping_status":"closed","sticky":false,"template":"","format":"standard","meta":{"fifu_image_url":"","fifu_image_alt":"","footnotes":""},"categories":[8,18],"tags":[],"class_list":["post-9149","post","type-post","status-publish","format-standard","hentry","category-featured","category-partidos-politicos"],"_links":{"self":[{"href":"https:\/\/www.interaccionnoticias.com.mx\/index.php?rest_route=\/wp\/v2\/posts\/9149","targetHints":{"allow":["GET"]}}],"collection":[{"href":"https:\/\/www.interaccionnoticias.com.mx\/index.php?rest_route=\/wp\/v2\/posts"}],"about":[{"href":"https:\/\/www.interaccionnoticias.com.mx\/index.php?rest_route=\/wp\/v2\/types\/post"}],"author":[{"embeddable":true,"href":"https:\/\/www.interaccionnoticias.com.mx\/index.php?rest_route=\/wp\/v2\/users\/1"}],"replies":[{"embeddable":true,"href":"https:\/\/www.interaccionnoticias.com.mx\/index.php?rest_route=%2Fwp%2Fv2%2Fcomments&post=9149"}],"version-history":[{"count":0,"href":"https:\/\/www.interaccionnoticias.com.mx\/index.php?rest_route=\/wp\/v2\/posts\/9149\/revisions"}],"wp:attachment":[{"href":"https:\/\/www.interaccionnoticias.com.mx\/index.php?rest_route=%2Fwp%2Fv2%2Fmedia&parent=9149"}],"wp:term":[{"taxonomy":"category","embeddable":true,"href":"https:\/\/www.interaccionnoticias.com.mx\/index.php?rest_route=%2Fwp%2Fv2%2Fcategories&post=9149"},{"taxonomy":"post_tag","embeddable":true,"href":"https:\/\/www.interaccionnoticias.com.mx\/index.php?rest_route=%2Fwp%2Fv2%2Ftags&post=9149"}],"curies":[{"name":"wp","href":"https:\/\/api.w.org\/{rel}","templated":true}]}}