{"id":9127,"date":"2017-10-10T17:30:33","date_gmt":"2017-10-10T22:30:33","guid":{"rendered":"http:\/\/www.inter-accion.com.mx\/?p=9127"},"modified":"2017-10-10T17:30:33","modified_gmt":"2017-10-10T22:30:33","slug":"jubilados-cercan-la-residencia-oficial-casa-guerrero","status":"publish","type":"post","link":"https:\/\/www.interaccionnoticias.com.mx\/?p=9127","title":{"rendered":"Jubilados cercan la residencia oficial Casa Guerrero"},"content":{"rendered":"<p><strong><img loading=\"lazy\" decoding=\"async\" src=\"data:image\/gif;base64,R0lGODlhAQABAIAAAAAAAP\/\/\/ywAAAAAAQABAAACAUwAOw==\" fifu-lazy=\"1\" fifu-data-sizes=\"auto\" fifu-data-srcset=\"https:\/\/i2.wp.com\/www.inter-accion.com.mx\/wp-content\/uploads\/2017\/10\/22403965_10214444069838073_1332632271_o.jpg?ssl=1&w=75&resize=75&ssl=1 75w, https:\/\/i2.wp.com\/www.inter-accion.com.mx\/wp-content\/uploads\/2017\/10\/22403965_10214444069838073_1332632271_o.jpg?ssl=1&w=100&resize=100&ssl=1 100w, https:\/\/i2.wp.com\/www.inter-accion.com.mx\/wp-content\/uploads\/2017\/10\/22403965_10214444069838073_1332632271_o.jpg?ssl=1&w=150&resize=150&ssl=1 150w, https:\/\/i2.wp.com\/www.inter-accion.com.mx\/wp-content\/uploads\/2017\/10\/22403965_10214444069838073_1332632271_o.jpg?ssl=1&w=240&resize=240&ssl=1 240w, https:\/\/i2.wp.com\/www.inter-accion.com.mx\/wp-content\/uploads\/2017\/10\/22403965_10214444069838073_1332632271_o.jpg?ssl=1&w=320&resize=320&ssl=1 320w, https:\/\/i2.wp.com\/www.inter-accion.com.mx\/wp-content\/uploads\/2017\/10\/22403965_10214444069838073_1332632271_o.jpg?ssl=1&w=500&resize=500&ssl=1 500w, https:\/\/i2.wp.com\/www.inter-accion.com.mx\/wp-content\/uploads\/2017\/10\/22403965_10214444069838073_1332632271_o.jpg?ssl=1&w=640&resize=640&ssl=1 640w, https:\/\/i2.wp.com\/www.inter-accion.com.mx\/wp-content\/uploads\/2017\/10\/22403965_10214444069838073_1332632271_o.jpg?ssl=1&w=800&resize=800&ssl=1 800w, https:\/\/i2.wp.com\/www.inter-accion.com.mx\/wp-content\/uploads\/2017\/10\/22403965_10214444069838073_1332632271_o.jpg?ssl=1&w=1024&resize=1024&ssl=1 1024w, https:\/\/i2.wp.com\/www.inter-accion.com.mx\/wp-content\/uploads\/2017\/10\/22403965_10214444069838073_1332632271_o.jpg?ssl=1&w=1280&resize=1280&ssl=1 1280w, https:\/\/i2.wp.com\/www.inter-accion.com.mx\/wp-content\/uploads\/2017\/10\/22403965_10214444069838073_1332632271_o.jpg?ssl=1&w=1600&resize=1600&ssl=1 1600w\" class=\"alignnone size-full wp-image-9129\" fifu-data-src=\"https:\/\/i2.wp.com\/www.inter-accion.com.mx\/wp-content\/uploads\/2017\/10\/22403965_10214444069838073_1332632271_o.jpg?ssl=1\" alt=\"\" width=\"1920\" height=\"1440\">Se retiran tras ofrecimiento de reuni\u00f3n con el gobernador<\/strong><br \/>\nPor espacio de dos horas, al menos 500 profesores jubilados cercaron la residencia oficial Casa Guerrero, exigen que se les pague el cien porciento de sus derechos, que hasta el momento no se les otorgan.<br \/>\nLos inconformes son profesores que se ci\u00f1eron al programa de jubilaciones anticipadas, que puso en marcha la Secretar\u00eda de Educaci\u00f3n Guerrero (SEG) con la intenci\u00f3n de generar espacios para concursarse entre los egresados de las nueve normales p\u00fablicas de la entidad.<br \/>\nSon m\u00e1s de 500, los que recibieron un primer pago con el 30 porciento del total de su jubilaci\u00f3n, pero hasta el momento se desconoce la raz\u00f3n por la que no reciben el 70 porciento restante.<br \/>\nRicardo Jim\u00f3n Campos, uno de los manifestantes, explic\u00f3 que ya tuvieron la oportunidad de dialogar y exponerle su problema al gobernador H\u00e9ctor Astudillo Flores, quien dijo estar interesado en encontrar una soluci\u00f3n, para que todos recibieran lo que la ley les otorga.<br \/>\nAnte la ausencia de avances, los jubilados decidieron organizarse y realizar un cerco humano en las inmediaciones de la residencia oficial Casa Guerrero, acci\u00f3n que les permiti\u00f3 establecer una reuni\u00f3n con dos operadores de la SEG; Ram\u00f3n Apreza Patr\u00f3n y Jorge Sotomayor Landeta.<br \/>\nEntre otras cosas, piden que los seguros de vida se les otorguen de manera puntual, puesto que es algo que aportaron desde su primer d\u00eda de trabajo.<br \/>\nReconocieron que ya se pagaron algunos seguros, pero tambi\u00e9n recordaron que hacen falta m\u00e1s.<br \/>\nTambi\u00e9n demandaron el pago del 2 porciento relacionado con el Sistema de Ahorro para el Retiro (SAR), que se les adeuda de 2011 a 2017.<br \/>\nIncluso, destacaron que hay un posible desv\u00edo de recursos en el Plan Flexible, lo que est\u00e1n reclamando que se investigue, porque hasta el momento no les han se\u00f1alado si el recurso que generaron est\u00e1 en manos de la SEG o la Secci\u00f3n XIV del Sindicato Unico de Servidores P\u00fablicos del Estado de Guerrero (SUSPEG), pero lo cierto es que hay un recurso importante que no se les entrega y que necesitan.<br \/>\nEntre otras cosas, no se les han cubierto 30 mil pesos que representan la indemnizaci\u00f3n por jubilaci\u00f3n, adem\u00e1s del pago de despensa y otros conceptos importantes.<br \/>\nJim\u00f3n Campos advirti\u00f3 que hay un problema con el programa de jubilaciones anticipadas que impulsa la SEG, pues adelgaza la n\u00f3mina de maestros activos pero engorda la de jubilados, lo que perfila un problema muy serio de tipo social.<\/p>\n","protected":false},"excerpt":{"rendered":"<p>Se retiran tras ofrecimiento de reuni\u00f3n con el gobernador Por espacio de dos horas, al menos 500 profesores jubilados cercaron la residencia oficial Casa Guerrero, exigen que se les pague&hellip; <\/p>\n","protected":false},"author":1,"featured_media":0,"comment_status":"closed","ping_status":"closed","sticky":false,"template":"","format":"standard","meta":{"fifu_image_url":"","fifu_image_alt":"","footnotes":""},"categories":[6,8],"tags":[],"class_list":["post-9127","post","type-post","status-publish","format-standard","hentry","category-educacion","category-featured"],"_links":{"self":[{"href":"https:\/\/www.interaccionnoticias.com.mx\/index.php?rest_route=\/wp\/v2\/posts\/9127","targetHints":{"allow":["GET"]}}],"collection":[{"href":"https:\/\/www.interaccionnoticias.com.mx\/index.php?rest_route=\/wp\/v2\/posts"}],"about":[{"href":"https:\/\/www.interaccionnoticias.com.mx\/index.php?rest_route=\/wp\/v2\/types\/post"}],"author":[{"embeddable":true,"href":"https:\/\/www.interaccionnoticias.com.mx\/index.php?rest_route=\/wp\/v2\/users\/1"}],"replies":[{"embeddable":true,"href":"https:\/\/www.interaccionnoticias.com.mx\/index.php?rest_route=%2Fwp%2Fv2%2Fcomments&post=9127"}],"version-history":[{"count":0,"href":"https:\/\/www.interaccionnoticias.com.mx\/index.php?rest_route=\/wp\/v2\/posts\/9127\/revisions"}],"wp:attachment":[{"href":"https:\/\/www.interaccionnoticias.com.mx\/index.php?rest_route=%2Fwp%2Fv2%2Fmedia&parent=9127"}],"wp:term":[{"taxonomy":"category","embeddable":true,"href":"https:\/\/www.interaccionnoticias.com.mx\/index.php?rest_route=%2Fwp%2Fv2%2Fcategories&post=9127"},{"taxonomy":"post_tag","embeddable":true,"href":"https:\/\/www.interaccionnoticias.com.mx\/index.php?rest_route=%2Fwp%2Fv2%2Ftags&post=9127"}],"curies":[{"name":"wp","href":"https:\/\/api.w.org\/{rel}","templated":true}]}}