{"id":91262,"date":"2025-05-22T15:34:00","date_gmt":"2025-05-22T21:34:00","guid":{"rendered":"https:\/\/www.interaccionnoticias.com.mx\/?p=91262"},"modified":"2025-05-22T16:34:28","modified_gmt":"2025-05-22T22:34:28","slug":"sobrevivientes-y-familiares-de-la-llamada-guerra-sucia-piden-reparacion-integral-del-dano","status":"publish","type":"post","link":"https:\/\/www.interaccionnoticias.com.mx\/?p=91262","title":{"rendered":"Sobrevivientes y familiares de la llamada Guerra Sucia, piden reparaci\u00f3n integral del da\u00f1o"},"content":{"rendered":"\n<p><strong><em>&#8212; Fue una represi\u00f3n indiscriminada que afect\u00f3 a miles de guerrerenses<\/em><\/strong><\/p>\n\n\n\n<p><strong>Rosario Garc\u00eda Orozco<\/strong><\/p>\n\n\n\n<p>Sobrevivientes y familiares de la llamada Guerra Sucia urgen al estado la reparaci\u00f3n integral del da\u00f1o, del que fueron v\u00edctimas \u00abmiles de guerrerenses\u00bb.<\/p>\n\n\n\n<p>El ex integrante de la desaparecida Comisi\u00f3n de la Verdad para la Investigaci\u00f3n de las Violaciones a los Derechos Humanos durante la Guerrera Sucia de los a\u00f1os 60 y 70, Jos\u00e9 Enrique Gonz\u00e1lez Ruiz, asegur\u00f3 que familiares v\u00edctima de ese delito y sobrevivientes enfrentan serias consecuencias, desde f\u00edsicas, psicol\u00f3gicas y econ\u00f3micas.<\/p>\n\n\n\n<p>Entrevistado previo al encuentro con diputados integrantes de la Comisi\u00f3n de Derechos Humanos en el Congreso local, dijo que plantear\u00e1n la posibilidad de la integraci\u00f3n de un fondo para la atenci\u00f3n de los sobrevivientes y familiares.<\/p>\n\n\n\n<p>Confi\u00f3 en que ese encuentro tambi\u00e9n permitir\u00e1 intercambiar experiencia sobre lo que se vivi\u00f3 en la \u00e9poca de la Guerra Sucia.<\/p>\n\n\n\n<p>Dijo que no se cuenta con una cifra precisa de los desaparecidos en la Guerra Sucia porque \u00abla represi\u00f3n fue indiscriminada, fue una represi\u00f3n brutal, pero fueron varios miles de ciudadanos afectados, y hay sobrevivientes de ese tiempo, que tienen problemas de diversos tipos y que deben ser atendidos, porque son personas que sufrieron por un crimen de estado\u00bb.<\/p>\n\n\n\n<p>Por esa raz\u00f3n los afectados piden la reparaci\u00f3n integral del da\u00f1o, \u00abpero sobre todo queremos verdad y justicia, nosotros somos la Comisi\u00f3n de la Verdad y queremos que se sepan c\u00f3mo, cu\u00e1ndo y d\u00f3nde, que se sepa lo que hicieron y que se les aplique la ley, a todas y todos sin distingo y que se repare el da\u00f1o a las personas que sobrevivieron\u00bb.<\/p>\n","protected":false},"excerpt":{"rendered":"<p>&#8212; Fue una represi\u00f3n indiscriminada que afect\u00f3 a miles de guerrerenses Rosario Garc\u00eda Orozco Sobrevivientes y familiares de la llamada Guerra Sucia urgen al estado la reparaci\u00f3n integral del da\u00f1o,&hellip; <\/p>\n","protected":false},"author":14,"featured_media":91263,"comment_status":"open","ping_status":"open","sticky":false,"template":"","format":"standard","meta":{"fifu_image_url":"","fifu_image_alt":"","footnotes":""},"categories":[11],"tags":[],"class_list":["post-91262","post","type-post","status-publish","format-standard","has-post-thumbnail","hentry","category-guerrero"],"_links":{"self":[{"href":"https:\/\/www.interaccionnoticias.com.mx\/index.php?rest_route=\/wp\/v2\/posts\/91262","targetHints":{"allow":["GET"]}}],"collection":[{"href":"https:\/\/www.interaccionnoticias.com.mx\/index.php?rest_route=\/wp\/v2\/posts"}],"about":[{"href":"https:\/\/www.interaccionnoticias.com.mx\/index.php?rest_route=\/wp\/v2\/types\/post"}],"author":[{"embeddable":true,"href":"https:\/\/www.interaccionnoticias.com.mx\/index.php?rest_route=\/wp\/v2\/users\/14"}],"replies":[{"embeddable":true,"href":"https:\/\/www.interaccionnoticias.com.mx\/index.php?rest_route=%2Fwp%2Fv2%2Fcomments&post=91262"}],"version-history":[{"count":1,"href":"https:\/\/www.interaccionnoticias.com.mx\/index.php?rest_route=\/wp\/v2\/posts\/91262\/revisions"}],"predecessor-version":[{"id":91264,"href":"https:\/\/www.interaccionnoticias.com.mx\/index.php?rest_route=\/wp\/v2\/posts\/91262\/revisions\/91264"}],"wp:featuredmedia":[{"embeddable":true,"href":"https:\/\/www.interaccionnoticias.com.mx\/index.php?rest_route=\/wp\/v2\/media\/91263"}],"wp:attachment":[{"href":"https:\/\/www.interaccionnoticias.com.mx\/index.php?rest_route=%2Fwp%2Fv2%2Fmedia&parent=91262"}],"wp:term":[{"taxonomy":"category","embeddable":true,"href":"https:\/\/www.interaccionnoticias.com.mx\/index.php?rest_route=%2Fwp%2Fv2%2Fcategories&post=91262"},{"taxonomy":"post_tag","embeddable":true,"href":"https:\/\/www.interaccionnoticias.com.mx\/index.php?rest_route=%2Fwp%2Fv2%2Ftags&post=91262"}],"curies":[{"name":"wp","href":"https:\/\/api.w.org\/{rel}","templated":true}]}}