{"id":91238,"date":"2025-05-22T10:51:00","date_gmt":"2025-05-22T16:51:00","guid":{"rendered":"https:\/\/www.interaccionnoticias.com.mx\/?p=91238"},"modified":"2025-05-22T12:30:27","modified_gmt":"2025-05-22T18:30:27","slug":"normalistas-de-ayotzinapa-se-oponen-al-juicio-abreviado-para-los-tres-policias-implicados-en-el-asesinato-de-yanqui-kothan","status":"publish","type":"post","link":"https:\/\/www.interaccionnoticias.com.mx\/?p=91238","title":{"rendered":"Normalistas de Ayotzinapa se oponen al Juicio Abreviado para los tres polic\u00edas implicados en el asesinato de Yanqui Kothan"},"content":{"rendered":"\n<p><strong><em>&#8212; Merecen la pena m\u00e1xima, se\u00f1ala la se\u00f1ora Lilia Vianey G\u00f3mez, madre del alumno asesinado<br>&#8212; Lo que cometieron fue similar a una ejecuci\u00f3n extrajudicial, dice el padre Filiberto Vel\u00e1zquez<\/em><\/strong><\/p>\n\n\n\n<p><strong>Jes\u00fas Dorantes<\/strong><\/p>\n\n\n\n<p>Estudiantes de la Normal Rural de Ayotzinapa se manifestaron en la delegaci\u00f3n de la Fiscal\u00eda General de la Rep\u00fablica (FGR), exigen que se rechace la petici\u00f3n del Juicio Abreviado a favor de los tres polic\u00edas estatales implicados en el asesinato del joven Yanqui Kothan G\u00f3mez Peralta, baleado la noche del 7 de marzo de 2024.<\/p>\n\n\n\n<p>La noche del mi\u00e9rcoles 21 de mayo, el Centro de Derechos de la V\u00edctimas \u201cMinerva Bello\u201d, coordinado por el sacerdote Jos\u00e9 Filiberto Vel\u00e1zquez Florencio, advirti\u00f3 que la defensa de los tres elementos del Grupo de Reacci\u00f3n Inmediata \u201cCentuaro\u201d buscaba la posibilidad de acogerse a un Juicio Abreviado.<\/p>\n\n\n\n<p>Bajo dicha figura, dijo que los elementos de la Polic\u00eda del Estado podr\u00edan recibir una sentencia menor a la que demanda la parte acusadora, ya que aceptar\u00edan la responsabilidad en el hecho que se les imputa a cambio de no ser objeto de una penalidad m\u00e1xima.<\/p>\n\n\n\n<p>El alertamiento emitido por el Centro Minerva Bello provoc\u00f3 que la ma\u00f1ana de este jueves 22 de mayo, un grupo importante de normalistas de Aytzinapa dejaran su plantel para trasladarse a Chilpancingo.<\/p>\n\n\n\n<p>Llegaron junto con la se\u00f1ora Lilia Vianey G\u00f3mez, madre del estudiante asesinado y por el sacerdote Jos\u00e9 Filiberto Vel\u00e1zquez, quienes se\u00f1alaron que los polic\u00edas implicados en el caso no deben recibir ning\u00fan tipo de beneficio legal, ya que lo registrado en contra de Yanqui Kothan se encuadra en la agravante de una ejecuci\u00f3n extrajudicial.<\/p>\n\n\n\n<p>La se\u00f1ora Lilia Vianey dirigi\u00f3 un llamado al Gobierno del Estado y de la Federaci\u00f3n para sostener que su hijo Yanqui Kotha fue asesinado, lo que provoc\u00f3 un cambio radical en su vida.<\/p>\n\n\n\n<p>\u201cEs muy doloroso, porque quienes deb\u00edan protegerlo, le arrebataron la vida\u201d.<\/p>\n\n\n\n<p>Reconoci\u00f3 que existe la posibilidad legal de que los inculpados acepten el cobijo de un Juicio Abreviado, pero insisti\u00f3 en que las penas que deben recibir no pueden ser m\u00ednimas, por la dimensi\u00f3n del delito cometido.<\/p>\n\n\n\n<p>\u201cDe coraz\u00f3n les digo; no pueden reducir la condena de quienes cometieron un delito tan grave, no es justo que la muerte de mi hijo se trate como un tr\u00e1mite y mucho menos una estad\u00edstica\u201d, anot\u00f3.<\/p>\n\n\n\n<p>La madre de familia enfatiz\u00f3: \u201cYanqui Kothan ten\u00eda sue\u00f1os y lo mataron sin piedad, hoy quieren acotar su castigo y eso de ninguna manera es justicia\u201d.<\/p>\n\n\n\n<p>Advirti\u00f3 que favorecer a los polic\u00edas relacionados con el crimen con un Procedimiento Abreviado, lo que puede hacer es mandar un mensaje de impunidad, situaci\u00f3n que dejar\u00e1 abierta la posibilidad de que haya m\u00e1s casos de ese tipo, porque se minimizar\u00e1 la gravedad del delito.<\/p>\n\n\n\n<p>El planteamiento de la se\u00f1ora Lilia fue respaldada por el director del Centro de Derechos Humanos Minerva Bello, ya que asegur\u00f3, es similar a una ejecuci\u00f3n extrajudicial, porque los actores eran elementos de una corporaci\u00f3n polic\u00edaca, que ten\u00edan la obligaci\u00f3n de proteger la integridad de las personas.<\/p>\n\n\n\n<p>Dijo que si existiera, demandar\u00eda la aplicaci\u00f3n de una cadena perpetua para los tres elementos relacionados con el asesinato de su hijo, para que haya garant\u00edas de no repetici\u00f3n.<\/p>\n\n\n\n<figure class=\"wp-block-gallery has-nested-images columns-default is-cropped wp-block-gallery-1 is-layout-flex wp-block-gallery-is-layout-flex\">\n<figure class=\"wp-block-image size-large\"><img decoding=\"async\" src=\"data:image\/gif;base64,R0lGODlhAQABAIAAAAAAAP\/\/\/ywAAAAAAQABAAACAUwAOw==\" fifu-lazy=\"1\" fifu-data-sizes=\"auto\" fifu-data-srcset=\"https:\/\/i1.wp.com\/www.interaccionnoticias.com.mx\/wp-content\/uploads\/2025\/05\/250522-Normalistas-de-Ayotzinapa-2-1024x683.jpg?ssl=1&w=75&resize=75&ssl=1 75w, https:\/\/i1.wp.com\/www.interaccionnoticias.com.mx\/wp-content\/uploads\/2025\/05\/250522-Normalistas-de-Ayotzinapa-2-1024x683.jpg?ssl=1&w=100&resize=100&ssl=1 100w, https:\/\/i1.wp.com\/www.interaccionnoticias.com.mx\/wp-content\/uploads\/2025\/05\/250522-Normalistas-de-Ayotzinapa-2-1024x683.jpg?ssl=1&w=150&resize=150&ssl=1 150w, https:\/\/i1.wp.com\/www.interaccionnoticias.com.mx\/wp-content\/uploads\/2025\/05\/250522-Normalistas-de-Ayotzinapa-2-1024x683.jpg?ssl=1&w=240&resize=240&ssl=1 240w, https:\/\/i1.wp.com\/www.interaccionnoticias.com.mx\/wp-content\/uploads\/2025\/05\/250522-Normalistas-de-Ayotzinapa-2-1024x683.jpg?ssl=1&w=320&resize=320&ssl=1 320w, https:\/\/i1.wp.com\/www.interaccionnoticias.com.mx\/wp-content\/uploads\/2025\/05\/250522-Normalistas-de-Ayotzinapa-2-1024x683.jpg?ssl=1&w=500&resize=500&ssl=1 500w, https:\/\/i1.wp.com\/www.interaccionnoticias.com.mx\/wp-content\/uploads\/2025\/05\/250522-Normalistas-de-Ayotzinapa-2-1024x683.jpg?ssl=1&w=640&resize=640&ssl=1 640w, https:\/\/i1.wp.com\/www.interaccionnoticias.com.mx\/wp-content\/uploads\/2025\/05\/250522-Normalistas-de-Ayotzinapa-2-1024x683.jpg?ssl=1&w=800&resize=800&ssl=1 800w, https:\/\/i1.wp.com\/www.interaccionnoticias.com.mx\/wp-content\/uploads\/2025\/05\/250522-Normalistas-de-Ayotzinapa-2-1024x683.jpg?ssl=1&w=1024&resize=1024&ssl=1 1024w, https:\/\/i1.wp.com\/www.interaccionnoticias.com.mx\/wp-content\/uploads\/2025\/05\/250522-Normalistas-de-Ayotzinapa-2-1024x683.jpg?ssl=1&w=1280&resize=1280&ssl=1 1280w, https:\/\/i1.wp.com\/www.interaccionnoticias.com.mx\/wp-content\/uploads\/2025\/05\/250522-Normalistas-de-Ayotzinapa-2-1024x683.jpg?ssl=1&w=1600&resize=1600&ssl=1 1600w\" data-id=\"91239\" fifu-data-src=\"https:\/\/i1.wp.com\/www.interaccionnoticias.com.mx\/wp-content\/uploads\/2025\/05\/250522-Normalistas-de-Ayotzinapa-2-1024x683.jpg?ssl=1\" alt=\"\" class=\"wp-image-91239\"\/><\/figure>\n\n\n\n<figure class=\"wp-block-image size-large\"><img decoding=\"async\" src=\"data:image\/gif;base64,R0lGODlhAQABAIAAAAAAAP\/\/\/ywAAAAAAQABAAACAUwAOw==\" fifu-lazy=\"1\" fifu-data-sizes=\"auto\" fifu-data-srcset=\"https:\/\/i3.wp.com\/www.interaccionnoticias.com.mx\/wp-content\/uploads\/2025\/05\/250522-Normalistas-de-Ayotzinapa-3-1024x683.jpg?ssl=1&w=75&resize=75&ssl=1 75w, https:\/\/i3.wp.com\/www.interaccionnoticias.com.mx\/wp-content\/uploads\/2025\/05\/250522-Normalistas-de-Ayotzinapa-3-1024x683.jpg?ssl=1&w=100&resize=100&ssl=1 100w, https:\/\/i3.wp.com\/www.interaccionnoticias.com.mx\/wp-content\/uploads\/2025\/05\/250522-Normalistas-de-Ayotzinapa-3-1024x683.jpg?ssl=1&w=150&resize=150&ssl=1 150w, https:\/\/i3.wp.com\/www.interaccionnoticias.com.mx\/wp-content\/uploads\/2025\/05\/250522-Normalistas-de-Ayotzinapa-3-1024x683.jpg?ssl=1&w=240&resize=240&ssl=1 240w, https:\/\/i3.wp.com\/www.interaccionnoticias.com.mx\/wp-content\/uploads\/2025\/05\/250522-Normalistas-de-Ayotzinapa-3-1024x683.jpg?ssl=1&w=320&resize=320&ssl=1 320w, https:\/\/i3.wp.com\/www.interaccionnoticias.com.mx\/wp-content\/uploads\/2025\/05\/250522-Normalistas-de-Ayotzinapa-3-1024x683.jpg?ssl=1&w=500&resize=500&ssl=1 500w, https:\/\/i3.wp.com\/www.interaccionnoticias.com.mx\/wp-content\/uploads\/2025\/05\/250522-Normalistas-de-Ayotzinapa-3-1024x683.jpg?ssl=1&w=640&resize=640&ssl=1 640w, https:\/\/i3.wp.com\/www.interaccionnoticias.com.mx\/wp-content\/uploads\/2025\/05\/250522-Normalistas-de-Ayotzinapa-3-1024x683.jpg?ssl=1&w=800&resize=800&ssl=1 800w, https:\/\/i3.wp.com\/www.interaccionnoticias.com.mx\/wp-content\/uploads\/2025\/05\/250522-Normalistas-de-Ayotzinapa-3-1024x683.jpg?ssl=1&w=1024&resize=1024&ssl=1 1024w, https:\/\/i3.wp.com\/www.interaccionnoticias.com.mx\/wp-content\/uploads\/2025\/05\/250522-Normalistas-de-Ayotzinapa-3-1024x683.jpg?ssl=1&w=1280&resize=1280&ssl=1 1280w, https:\/\/i3.wp.com\/www.interaccionnoticias.com.mx\/wp-content\/uploads\/2025\/05\/250522-Normalistas-de-Ayotzinapa-3-1024x683.jpg?ssl=1&w=1600&resize=1600&ssl=1 1600w\" data-id=\"91240\" fifu-data-src=\"https:\/\/i3.wp.com\/www.interaccionnoticias.com.mx\/wp-content\/uploads\/2025\/05\/250522-Normalistas-de-Ayotzinapa-3-1024x683.jpg?ssl=1\" alt=\"\" class=\"wp-image-91240\"\/><\/figure>\n\n\n\n<figure class=\"wp-block-image size-large\"><img decoding=\"async\" src=\"data:image\/gif;base64,R0lGODlhAQABAIAAAAAAAP\/\/\/ywAAAAAAQABAAACAUwAOw==\" fifu-lazy=\"1\" fifu-data-sizes=\"auto\" fifu-data-srcset=\"https:\/\/i3.wp.com\/www.interaccionnoticias.com.mx\/wp-content\/uploads\/2025\/05\/250522-Normalistas-de-Ayotzinapa-4-1024x683.jpg?ssl=1&w=75&resize=75&ssl=1 75w, https:\/\/i3.wp.com\/www.interaccionnoticias.com.mx\/wp-content\/uploads\/2025\/05\/250522-Normalistas-de-Ayotzinapa-4-1024x683.jpg?ssl=1&w=100&resize=100&ssl=1 100w, https:\/\/i3.wp.com\/www.interaccionnoticias.com.mx\/wp-content\/uploads\/2025\/05\/250522-Normalistas-de-Ayotzinapa-4-1024x683.jpg?ssl=1&w=150&resize=150&ssl=1 150w, https:\/\/i3.wp.com\/www.interaccionnoticias.com.mx\/wp-content\/uploads\/2025\/05\/250522-Normalistas-de-Ayotzinapa-4-1024x683.jpg?ssl=1&w=240&resize=240&ssl=1 240w, https:\/\/i3.wp.com\/www.interaccionnoticias.com.mx\/wp-content\/uploads\/2025\/05\/250522-Normalistas-de-Ayotzinapa-4-1024x683.jpg?ssl=1&w=320&resize=320&ssl=1 320w, https:\/\/i3.wp.com\/www.interaccionnoticias.com.mx\/wp-content\/uploads\/2025\/05\/250522-Normalistas-de-Ayotzinapa-4-1024x683.jpg?ssl=1&w=500&resize=500&ssl=1 500w, https:\/\/i3.wp.com\/www.interaccionnoticias.com.mx\/wp-content\/uploads\/2025\/05\/250522-Normalistas-de-Ayotzinapa-4-1024x683.jpg?ssl=1&w=640&resize=640&ssl=1 640w, https:\/\/i3.wp.com\/www.interaccionnoticias.com.mx\/wp-content\/uploads\/2025\/05\/250522-Normalistas-de-Ayotzinapa-4-1024x683.jpg?ssl=1&w=800&resize=800&ssl=1 800w, https:\/\/i3.wp.com\/www.interaccionnoticias.com.mx\/wp-content\/uploads\/2025\/05\/250522-Normalistas-de-Ayotzinapa-4-1024x683.jpg?ssl=1&w=1024&resize=1024&ssl=1 1024w, https:\/\/i3.wp.com\/www.interaccionnoticias.com.mx\/wp-content\/uploads\/2025\/05\/250522-Normalistas-de-Ayotzinapa-4-1024x683.jpg?ssl=1&w=1280&resize=1280&ssl=1 1280w, https:\/\/i3.wp.com\/www.interaccionnoticias.com.mx\/wp-content\/uploads\/2025\/05\/250522-Normalistas-de-Ayotzinapa-4-1024x683.jpg?ssl=1&w=1600&resize=1600&ssl=1 1600w\" data-id=\"91241\" fifu-data-src=\"https:\/\/i3.wp.com\/www.interaccionnoticias.com.mx\/wp-content\/uploads\/2025\/05\/250522-Normalistas-de-Ayotzinapa-4-1024x683.jpg?ssl=1\" alt=\"\" class=\"wp-image-91241\"\/><\/figure>\n\n\n\n<figure class=\"wp-block-image size-large\"><img decoding=\"async\" src=\"data:image\/gif;base64,R0lGODlhAQABAIAAAAAAAP\/\/\/ywAAAAAAQABAAACAUwAOw==\" fifu-lazy=\"1\" fifu-data-sizes=\"auto\" fifu-data-srcset=\"https:\/\/i1.wp.com\/www.interaccionnoticias.com.mx\/wp-content\/uploads\/2025\/05\/250522-Normalistas-de-Ayotzinapa-5-1024x683.jpg?ssl=1&w=75&resize=75&ssl=1 75w, https:\/\/i1.wp.com\/www.interaccionnoticias.com.mx\/wp-content\/uploads\/2025\/05\/250522-Normalistas-de-Ayotzinapa-5-1024x683.jpg?ssl=1&w=100&resize=100&ssl=1 100w, https:\/\/i1.wp.com\/www.interaccionnoticias.com.mx\/wp-content\/uploads\/2025\/05\/250522-Normalistas-de-Ayotzinapa-5-1024x683.jpg?ssl=1&w=150&resize=150&ssl=1 150w, https:\/\/i1.wp.com\/www.interaccionnoticias.com.mx\/wp-content\/uploads\/2025\/05\/250522-Normalistas-de-Ayotzinapa-5-1024x683.jpg?ssl=1&w=240&resize=240&ssl=1 240w, https:\/\/i1.wp.com\/www.interaccionnoticias.com.mx\/wp-content\/uploads\/2025\/05\/250522-Normalistas-de-Ayotzinapa-5-1024x683.jpg?ssl=1&w=320&resize=320&ssl=1 320w, https:\/\/i1.wp.com\/www.interaccionnoticias.com.mx\/wp-content\/uploads\/2025\/05\/250522-Normalistas-de-Ayotzinapa-5-1024x683.jpg?ssl=1&w=500&resize=500&ssl=1 500w, https:\/\/i1.wp.com\/www.interaccionnoticias.com.mx\/wp-content\/uploads\/2025\/05\/250522-Normalistas-de-Ayotzinapa-5-1024x683.jpg?ssl=1&w=640&resize=640&ssl=1 640w, https:\/\/i1.wp.com\/www.interaccionnoticias.com.mx\/wp-content\/uploads\/2025\/05\/250522-Normalistas-de-Ayotzinapa-5-1024x683.jpg?ssl=1&w=800&resize=800&ssl=1 800w, https:\/\/i1.wp.com\/www.interaccionnoticias.com.mx\/wp-content\/uploads\/2025\/05\/250522-Normalistas-de-Ayotzinapa-5-1024x683.jpg?ssl=1&w=1024&resize=1024&ssl=1 1024w, https:\/\/i1.wp.com\/www.interaccionnoticias.com.mx\/wp-content\/uploads\/2025\/05\/250522-Normalistas-de-Ayotzinapa-5-1024x683.jpg?ssl=1&w=1280&resize=1280&ssl=1 1280w, https:\/\/i1.wp.com\/www.interaccionnoticias.com.mx\/wp-content\/uploads\/2025\/05\/250522-Normalistas-de-Ayotzinapa-5-1024x683.jpg?ssl=1&w=1600&resize=1600&ssl=1 1600w\" data-id=\"91242\" fifu-data-src=\"https:\/\/i1.wp.com\/www.interaccionnoticias.com.mx\/wp-content\/uploads\/2025\/05\/250522-Normalistas-de-Ayotzinapa-5-1024x683.jpg?ssl=1\" alt=\"\" class=\"wp-image-91242\"\/><\/figure>\n\n\n\n<figure class=\"wp-block-image size-large\"><img decoding=\"async\" src=\"data:image\/gif;base64,R0lGODlhAQABAIAAAAAAAP\/\/\/ywAAAAAAQABAAACAUwAOw==\" fifu-lazy=\"1\" fifu-data-sizes=\"auto\" fifu-data-srcset=\"https:\/\/i2.wp.com\/www.interaccionnoticias.com.mx\/wp-content\/uploads\/2025\/05\/250522-Normalistas-de-Ayotzinapa-1-1024x683.jpg?ssl=1&w=75&resize=75&ssl=1 75w, https:\/\/i2.wp.com\/www.interaccionnoticias.com.mx\/wp-content\/uploads\/2025\/05\/250522-Normalistas-de-Ayotzinapa-1-1024x683.jpg?ssl=1&w=100&resize=100&ssl=1 100w, https:\/\/i2.wp.com\/www.interaccionnoticias.com.mx\/wp-content\/uploads\/2025\/05\/250522-Normalistas-de-Ayotzinapa-1-1024x683.jpg?ssl=1&w=150&resize=150&ssl=1 150w, https:\/\/i2.wp.com\/www.interaccionnoticias.com.mx\/wp-content\/uploads\/2025\/05\/250522-Normalistas-de-Ayotzinapa-1-1024x683.jpg?ssl=1&w=240&resize=240&ssl=1 240w, https:\/\/i2.wp.com\/www.interaccionnoticias.com.mx\/wp-content\/uploads\/2025\/05\/250522-Normalistas-de-Ayotzinapa-1-1024x683.jpg?ssl=1&w=320&resize=320&ssl=1 320w, https:\/\/i2.wp.com\/www.interaccionnoticias.com.mx\/wp-content\/uploads\/2025\/05\/250522-Normalistas-de-Ayotzinapa-1-1024x683.jpg?ssl=1&w=500&resize=500&ssl=1 500w, https:\/\/i2.wp.com\/www.interaccionnoticias.com.mx\/wp-content\/uploads\/2025\/05\/250522-Normalistas-de-Ayotzinapa-1-1024x683.jpg?ssl=1&w=640&resize=640&ssl=1 640w, https:\/\/i2.wp.com\/www.interaccionnoticias.com.mx\/wp-content\/uploads\/2025\/05\/250522-Normalistas-de-Ayotzinapa-1-1024x683.jpg?ssl=1&w=800&resize=800&ssl=1 800w, https:\/\/i2.wp.com\/www.interaccionnoticias.com.mx\/wp-content\/uploads\/2025\/05\/250522-Normalistas-de-Ayotzinapa-1-1024x683.jpg?ssl=1&w=1024&resize=1024&ssl=1 1024w, https:\/\/i2.wp.com\/www.interaccionnoticias.com.mx\/wp-content\/uploads\/2025\/05\/250522-Normalistas-de-Ayotzinapa-1-1024x683.jpg?ssl=1&w=1280&resize=1280&ssl=1 1280w, https:\/\/i2.wp.com\/www.interaccionnoticias.com.mx\/wp-content\/uploads\/2025\/05\/250522-Normalistas-de-Ayotzinapa-1-1024x683.jpg?ssl=1&w=1600&resize=1600&ssl=1 1600w\" data-id=\"91243\" fifu-data-src=\"https:\/\/i2.wp.com\/www.interaccionnoticias.com.mx\/wp-content\/uploads\/2025\/05\/250522-Normalistas-de-Ayotzinapa-1-1024x683.jpg?ssl=1\" alt=\"\" class=\"wp-image-91243\"\/><\/figure>\n<\/figure>\n","protected":false},"excerpt":{"rendered":"<p>&#8212; Merecen la pena m\u00e1xima, se\u00f1ala la se\u00f1ora Lilia Vianey G\u00f3mez, madre del alumno asesinado&#8212; Lo que cometieron fue similar a una ejecuci\u00f3n extrajudicial, dice el padre Filiberto Vel\u00e1zquez Jes\u00fas&hellip; <\/p>\n","protected":false},"author":8,"featured_media":91240,"comment_status":"open","ping_status":"open","sticky":false,"template":"","format":"standard","meta":{"fifu_image_url":"","fifu_image_alt":"","footnotes":""},"categories":[15],"tags":[],"class_list":["post-91238","post","type-post","status-publish","format-standard","has-post-thumbnail","hentry","category-movimientos-sociales"],"_links":{"self":[{"href":"https:\/\/www.interaccionnoticias.com.mx\/index.php?rest_route=\/wp\/v2\/posts\/91238","targetHints":{"allow":["GET"]}}],"collection":[{"href":"https:\/\/www.interaccionnoticias.com.mx\/index.php?rest_route=\/wp\/v2\/posts"}],"about":[{"href":"https:\/\/www.interaccionnoticias.com.mx\/index.php?rest_route=\/wp\/v2\/types\/post"}],"author":[{"embeddable":true,"href":"https:\/\/www.interaccionnoticias.com.mx\/index.php?rest_route=\/wp\/v2\/users\/8"}],"replies":[{"embeddable":true,"href":"https:\/\/www.interaccionnoticias.com.mx\/index.php?rest_route=%2Fwp%2Fv2%2Fcomments&post=91238"}],"version-history":[{"count":1,"href":"https:\/\/www.interaccionnoticias.com.mx\/index.php?rest_route=\/wp\/v2\/posts\/91238\/revisions"}],"predecessor-version":[{"id":91244,"href":"https:\/\/www.interaccionnoticias.com.mx\/index.php?rest_route=\/wp\/v2\/posts\/91238\/revisions\/91244"}],"wp:featuredmedia":[{"embeddable":true,"href":"https:\/\/www.interaccionnoticias.com.mx\/index.php?rest_route=\/wp\/v2\/media\/91240"}],"wp:attachment":[{"href":"https:\/\/www.interaccionnoticias.com.mx\/index.php?rest_route=%2Fwp%2Fv2%2Fmedia&parent=91238"}],"wp:term":[{"taxonomy":"category","embeddable":true,"href":"https:\/\/www.interaccionnoticias.com.mx\/index.php?rest_route=%2Fwp%2Fv2%2Fcategories&post=91238"},{"taxonomy":"post_tag","embeddable":true,"href":"https:\/\/www.interaccionnoticias.com.mx\/index.php?rest_route=%2Fwp%2Fv2%2Ftags&post=91238"}],"curies":[{"name":"wp","href":"https:\/\/api.w.org\/{rel}","templated":true}]}}