{"id":91232,"date":"2025-05-22T07:11:00","date_gmt":"2025-05-22T13:11:00","guid":{"rendered":"https:\/\/www.interaccionnoticias.com.mx\/?p=91232"},"modified":"2025-05-22T12:15:23","modified_gmt":"2025-05-22T18:15:23","slug":"dictan-formal-prision-a-lambertina-galeana-ex-presidenta-del-tsj-de-guerrero","status":"publish","type":"post","link":"https:\/\/www.interaccionnoticias.com.mx\/?p=91232","title":{"rendered":"Dictan formal prisi\u00f3n a Lambertina Galeana, ex presidenta del TSJ de Guerrero"},"content":{"rendered":"\n<p><strong><em>Est\u00e1 acusada de ordenar la destrucci\u00f3n de videos del Palacio de Justicia de Iguala que pudieron aportar informaci\u00f3n sobre el paradero de los 43 normalistas<\/em><\/strong><\/p>\n\n\n\n<p><strong>Jes\u00fas Dorantes \/ Chilpancingo<\/strong><\/p>\n\n\n\n<p>Lambertina Galeana Mar\u00edn, expresidenta del Tribunal Superior de Justicia del Estado de Guerrero, fue vinculada a proceso y se le dict\u00f3 auto de formal prisi\u00f3n por delitos contra la administraci\u00f3n de justicia y desaparici\u00f3n cometida por particulares, en relaci\u00f3n con la desaparici\u00f3n de los 43 normalistas de Ayotzinapa.<\/p>\n\n\n\n<p>La determinaci\u00f3n judicial fue emitida tras vencer el plazo constitucional solicitado por su defensa, luego de que el pasado 14 de mayo fuera detenida por elementos de la Polic\u00eda Federal Ministerial en su domicilio en la colonia Ruffo Figueroa, al norte de Chilpancingo.<\/p>\n\n\n\n<p>Durante la audiencia de declaraci\u00f3n preparatoria, Galeana Mar\u00edn solicit\u00f3 la duplicidad del t\u00e9rmino para resolver su situaci\u00f3n jur\u00eddica. El juzgado decret\u00f3 prisi\u00f3n preventiva oficiosa, medida que prevalece tras la resoluci\u00f3n del auto de formal prisi\u00f3n.<\/p>\n\n\n\n<p>La ex magistrada est\u00e1 se\u00f1alada por su presunta participaci\u00f3n en la desaparici\u00f3n de videos captados por c\u00e1maras de vigilancia del Palacio de Justicia en Iguala la noche del 26 de septiembre de 2014, cuando desaparecieron los 43 estudiantes de la Normal Rural Ra\u00fal Isidro Burgos.<\/p>\n\n\n\n<p>Adem\u00e1s se presume que ella orden\u00f3 destruir esas grabaciones, las cuales podr\u00edan haber revelado el rumbo que tomaron algunos de los normalistas tras ser interceptados por polic\u00edas municipales y miembros del grupo criminal Guerreros Unidos.<\/p>\n\n\n\n<p>Seg\u00fan las investigaciones, las c\u00e1maras 12 y 15 del recinto judicial captaron im\u00e1genes del traslado de los estudiantes hacia Huitzuco, donde habr\u00edan sido entregados a un sujeto identificado como \u201cEl Patr\u00f3n\u201d.<\/p>\n\n\n\n<p>En ese entonces, Galeana ten\u00eda bajo su responsabilidad a personal t\u00e9cnico del \u00e1rea de inform\u00e1tica del TSJ, entre ellos Javier Uribe Iturbe y Luis Europa Sol\u00eds Jim\u00e9nez.<\/p>\n\n\n\n<p>Su detenci\u00f3n se suma a una nueva lista de objetivos del actual gobierno federal en la b\u00fasqueda de justicia para las familias de los desaparecidos. En 2022, fue detenido tambi\u00e9n Leonardo Octavio V\u00e1zquez P\u00e9rez, militar retirado y exsecretario de Seguridad en Guerrero, acusado de brindar protecci\u00f3n a Guerreros Unidos.<\/p>\n\n\n\n<figure class=\"wp-block-gallery has-nested-images columns-default is-cropped wp-block-gallery-1 is-layout-flex wp-block-gallery-is-layout-flex\">\n<figure class=\"wp-block-image size-large\"><img decoding=\"async\" src=\"data:image\/gif;base64,R0lGODlhAQABAIAAAAAAAP\/\/\/ywAAAAAAQABAAACAUwAOw==\" fifu-lazy=\"1\" fifu-data-sizes=\"auto\" fifu-data-srcset=\"https:\/\/i0.wp.com\/www.interaccionnoticias.com.mx\/wp-content\/uploads\/2025\/05\/250522-Lambertina-Galeana-Marin-2-1024x683.jpg?ssl=1&w=75&resize=75&ssl=1 75w, https:\/\/i0.wp.com\/www.interaccionnoticias.com.mx\/wp-content\/uploads\/2025\/05\/250522-Lambertina-Galeana-Marin-2-1024x683.jpg?ssl=1&w=100&resize=100&ssl=1 100w, https:\/\/i0.wp.com\/www.interaccionnoticias.com.mx\/wp-content\/uploads\/2025\/05\/250522-Lambertina-Galeana-Marin-2-1024x683.jpg?ssl=1&w=150&resize=150&ssl=1 150w, https:\/\/i0.wp.com\/www.interaccionnoticias.com.mx\/wp-content\/uploads\/2025\/05\/250522-Lambertina-Galeana-Marin-2-1024x683.jpg?ssl=1&w=240&resize=240&ssl=1 240w, https:\/\/i0.wp.com\/www.interaccionnoticias.com.mx\/wp-content\/uploads\/2025\/05\/250522-Lambertina-Galeana-Marin-2-1024x683.jpg?ssl=1&w=320&resize=320&ssl=1 320w, https:\/\/i0.wp.com\/www.interaccionnoticias.com.mx\/wp-content\/uploads\/2025\/05\/250522-Lambertina-Galeana-Marin-2-1024x683.jpg?ssl=1&w=500&resize=500&ssl=1 500w, https:\/\/i0.wp.com\/www.interaccionnoticias.com.mx\/wp-content\/uploads\/2025\/05\/250522-Lambertina-Galeana-Marin-2-1024x683.jpg?ssl=1&w=640&resize=640&ssl=1 640w, https:\/\/i0.wp.com\/www.interaccionnoticias.com.mx\/wp-content\/uploads\/2025\/05\/250522-Lambertina-Galeana-Marin-2-1024x683.jpg?ssl=1&w=800&resize=800&ssl=1 800w, https:\/\/i0.wp.com\/www.interaccionnoticias.com.mx\/wp-content\/uploads\/2025\/05\/250522-Lambertina-Galeana-Marin-2-1024x683.jpg?ssl=1&w=1024&resize=1024&ssl=1 1024w, https:\/\/i0.wp.com\/www.interaccionnoticias.com.mx\/wp-content\/uploads\/2025\/05\/250522-Lambertina-Galeana-Marin-2-1024x683.jpg?ssl=1&w=1280&resize=1280&ssl=1 1280w, https:\/\/i0.wp.com\/www.interaccionnoticias.com.mx\/wp-content\/uploads\/2025\/05\/250522-Lambertina-Galeana-Marin-2-1024x683.jpg?ssl=1&w=1600&resize=1600&ssl=1 1600w\" data-id=\"91234\" fifu-data-src=\"https:\/\/i0.wp.com\/www.interaccionnoticias.com.mx\/wp-content\/uploads\/2025\/05\/250522-Lambertina-Galeana-Marin-2-1024x683.jpg?ssl=1\" alt=\"\" class=\"wp-image-91234\"\/><\/figure>\n\n\n\n<figure class=\"wp-block-image size-large\"><img decoding=\"async\" src=\"data:image\/gif;base64,R0lGODlhAQABAIAAAAAAAP\/\/\/ywAAAAAAQABAAACAUwAOw==\" fifu-lazy=\"1\" fifu-data-sizes=\"auto\" fifu-data-srcset=\"https:\/\/i3.wp.com\/www.interaccionnoticias.com.mx\/wp-content\/uploads\/2025\/05\/250522-Lambertina-Galeana-Marin-1-1024x683.jpg?ssl=1&w=75&resize=75&ssl=1 75w, https:\/\/i3.wp.com\/www.interaccionnoticias.com.mx\/wp-content\/uploads\/2025\/05\/250522-Lambertina-Galeana-Marin-1-1024x683.jpg?ssl=1&w=100&resize=100&ssl=1 100w, https:\/\/i3.wp.com\/www.interaccionnoticias.com.mx\/wp-content\/uploads\/2025\/05\/250522-Lambertina-Galeana-Marin-1-1024x683.jpg?ssl=1&w=150&resize=150&ssl=1 150w, https:\/\/i3.wp.com\/www.interaccionnoticias.com.mx\/wp-content\/uploads\/2025\/05\/250522-Lambertina-Galeana-Marin-1-1024x683.jpg?ssl=1&w=240&resize=240&ssl=1 240w, https:\/\/i3.wp.com\/www.interaccionnoticias.com.mx\/wp-content\/uploads\/2025\/05\/250522-Lambertina-Galeana-Marin-1-1024x683.jpg?ssl=1&w=320&resize=320&ssl=1 320w, https:\/\/i3.wp.com\/www.interaccionnoticias.com.mx\/wp-content\/uploads\/2025\/05\/250522-Lambertina-Galeana-Marin-1-1024x683.jpg?ssl=1&w=500&resize=500&ssl=1 500w, https:\/\/i3.wp.com\/www.interaccionnoticias.com.mx\/wp-content\/uploads\/2025\/05\/250522-Lambertina-Galeana-Marin-1-1024x683.jpg?ssl=1&w=640&resize=640&ssl=1 640w, https:\/\/i3.wp.com\/www.interaccionnoticias.com.mx\/wp-content\/uploads\/2025\/05\/250522-Lambertina-Galeana-Marin-1-1024x683.jpg?ssl=1&w=800&resize=800&ssl=1 800w, https:\/\/i3.wp.com\/www.interaccionnoticias.com.mx\/wp-content\/uploads\/2025\/05\/250522-Lambertina-Galeana-Marin-1-1024x683.jpg?ssl=1&w=1024&resize=1024&ssl=1 1024w, https:\/\/i3.wp.com\/www.interaccionnoticias.com.mx\/wp-content\/uploads\/2025\/05\/250522-Lambertina-Galeana-Marin-1-1024x683.jpg?ssl=1&w=1280&resize=1280&ssl=1 1280w, https:\/\/i3.wp.com\/www.interaccionnoticias.com.mx\/wp-content\/uploads\/2025\/05\/250522-Lambertina-Galeana-Marin-1-1024x683.jpg?ssl=1&w=1600&resize=1600&ssl=1 1600w\" data-id=\"91233\" fifu-data-src=\"https:\/\/i3.wp.com\/www.interaccionnoticias.com.mx\/wp-content\/uploads\/2025\/05\/250522-Lambertina-Galeana-Marin-1-1024x683.jpg?ssl=1\" alt=\"\" class=\"wp-image-91233\"\/><\/figure>\n<\/figure>\n","protected":false},"excerpt":{"rendered":"<p>Est\u00e1 acusada de ordenar la destrucci\u00f3n de videos del Palacio de Justicia de Iguala que pudieron aportar informaci\u00f3n sobre el paradero de los 43 normalistas Jes\u00fas Dorantes \/ Chilpancingo Lambertina&hellip; <\/p>\n","protected":false},"author":8,"featured_media":91233,"comment_status":"open","ping_status":"open","sticky":false,"template":"","format":"standard","meta":{"fifu_image_url":"","fifu_image_alt":"","footnotes":""},"categories":[11],"tags":[],"class_list":["post-91232","post","type-post","status-publish","format-standard","has-post-thumbnail","hentry","category-guerrero"],"_links":{"self":[{"href":"https:\/\/www.interaccionnoticias.com.mx\/index.php?rest_route=\/wp\/v2\/posts\/91232","targetHints":{"allow":["GET"]}}],"collection":[{"href":"https:\/\/www.interaccionnoticias.com.mx\/index.php?rest_route=\/wp\/v2\/posts"}],"about":[{"href":"https:\/\/www.interaccionnoticias.com.mx\/index.php?rest_route=\/wp\/v2\/types\/post"}],"author":[{"embeddable":true,"href":"https:\/\/www.interaccionnoticias.com.mx\/index.php?rest_route=\/wp\/v2\/users\/8"}],"replies":[{"embeddable":true,"href":"https:\/\/www.interaccionnoticias.com.mx\/index.php?rest_route=%2Fwp%2Fv2%2Fcomments&post=91232"}],"version-history":[{"count":1,"href":"https:\/\/www.interaccionnoticias.com.mx\/index.php?rest_route=\/wp\/v2\/posts\/91232\/revisions"}],"predecessor-version":[{"id":91235,"href":"https:\/\/www.interaccionnoticias.com.mx\/index.php?rest_route=\/wp\/v2\/posts\/91232\/revisions\/91235"}],"wp:featuredmedia":[{"embeddable":true,"href":"https:\/\/www.interaccionnoticias.com.mx\/index.php?rest_route=\/wp\/v2\/media\/91233"}],"wp:attachment":[{"href":"https:\/\/www.interaccionnoticias.com.mx\/index.php?rest_route=%2Fwp%2Fv2%2Fmedia&parent=91232"}],"wp:term":[{"taxonomy":"category","embeddable":true,"href":"https:\/\/www.interaccionnoticias.com.mx\/index.php?rest_route=%2Fwp%2Fv2%2Fcategories&post=91232"},{"taxonomy":"post_tag","embeddable":true,"href":"https:\/\/www.interaccionnoticias.com.mx\/index.php?rest_route=%2Fwp%2Fv2%2Ftags&post=91232"}],"curies":[{"name":"wp","href":"https:\/\/api.w.org\/{rel}","templated":true}]}}