{"id":91228,"date":"2025-05-21T21:41:00","date_gmt":"2025-05-22T03:41:00","guid":{"rendered":"https:\/\/www.interaccionnoticias.com.mx\/?p=91228"},"modified":"2025-05-21T23:55:38","modified_gmt":"2025-05-22T05:55:38","slug":"realizan-busqueda-en-campo-de-cesar-alberto-castro-hernandez-quien-desaparecio-en-chilpancingo","status":"publish","type":"post","link":"https:\/\/www.interaccionnoticias.com.mx\/?p=91228","title":{"rendered":"Realizan b\u00fasqueda en campo de C\u00e9sar Alberto Castro Hern\u00e1ndez quien desapareci\u00f3 en Chilpancingo"},"content":{"rendered":"\n<p><strong><em>&#8212; Integrantes del Colectivo Guerrero No+ Desaparecidos buscaron en parajes rumbo al poblado de San Vicente y en la colonia Las Terrazas pero no tuvieron indicios<\/em><\/strong><\/p>\n\n\n\n<p><strong>Yasm\u00edn Garc\u00eda<\/strong><\/p>\n\n\n\n<p>Integrantes del Colectivo Guerrero No+ Desaparecidos realizaron una jornada de b\u00fasqueda en campo en Chilpancingo, no tuvieron indicios.<\/p>\n\n\n\n<p>La jornada de b\u00fasqueda inici\u00f3 el 18 de mayo y culmin\u00f3 el 20 del mismo mes, las integrantes del colectivo buscaron en parajes rumbo al poblado de San Vicente y en la colonia Las Terrazas ya que obtuvieron informaci\u00f3n que en esa zona podr\u00edan tener indicios de C\u00e9sar Alberto Castro Hern\u00e1ndez quien desapareci\u00f3 en Chilpancingo el 9 de julio del 2022.<\/p>\n\n\n\n<p>Francisca Mayo Ram\u00edrez, representante del Colectivo Guerrero No+ Desaparecidos indic\u00f3 que en esta jornada de b\u00fasqueda tuvieron el apoyo de la Comisi\u00f3n Estatal de B\u00fasqueda de Personas (CEBP), de la Fiscal\u00eda General del Estado (FGE) y fueron resguardadas por el Ej\u00e9rcito Mexicano y Guardia Nacional.<\/p>\n\n\n\n<p>La FGE tambi\u00e9n envi\u00f3 a la Unidad Canina y a elementos de la Polic\u00eda Investigadora Ministerial (PIM).<\/p>\n\n\n\n<p>C\u00e9sar Alberto Castro Hern\u00e1ndez tiene un tatuaje en el pecho con el nombre de Reyna Yomara y en los dedos de la mano izquierda tiene letras que forman el nombre de C\u00e9sar.<\/p>\n\n\n\n<p>Mayo Ram\u00edrez pidi\u00f3 a la poblaci\u00f3n que en caso de tener alguna informaci\u00f3n de sus seres queridos desaparecidos hacerla saber al colectivo de manera an\u00f3nima ya que nos buscan culpables.<\/p>\n\n\n\n<figure class=\"wp-block-gallery has-nested-images columns-default is-cropped wp-block-gallery-1 is-layout-flex wp-block-gallery-is-layout-flex\">\n<figure class=\"wp-block-image size-large\"><img decoding=\"async\" src=\"data:image\/gif;base64,R0lGODlhAQABAIAAAAAAAP\/\/\/ywAAAAAAQABAAACAUwAOw==\" fifu-lazy=\"1\" fifu-data-sizes=\"auto\" fifu-data-srcset=\"https:\/\/i1.wp.com\/www.interaccionnoticias.com.mx\/wp-content\/uploads\/2025\/05\/250521-Cesar-Alberto-Castro-Hernandez-1.jpg?ssl=1&w=75&resize=75&ssl=1 75w, https:\/\/i1.wp.com\/www.interaccionnoticias.com.mx\/wp-content\/uploads\/2025\/05\/250521-Cesar-Alberto-Castro-Hernandez-1.jpg?ssl=1&w=100&resize=100&ssl=1 100w, https:\/\/i1.wp.com\/www.interaccionnoticias.com.mx\/wp-content\/uploads\/2025\/05\/250521-Cesar-Alberto-Castro-Hernandez-1.jpg?ssl=1&w=150&resize=150&ssl=1 150w, https:\/\/i1.wp.com\/www.interaccionnoticias.com.mx\/wp-content\/uploads\/2025\/05\/250521-Cesar-Alberto-Castro-Hernandez-1.jpg?ssl=1&w=240&resize=240&ssl=1 240w, https:\/\/i1.wp.com\/www.interaccionnoticias.com.mx\/wp-content\/uploads\/2025\/05\/250521-Cesar-Alberto-Castro-Hernandez-1.jpg?ssl=1&w=320&resize=320&ssl=1 320w, https:\/\/i1.wp.com\/www.interaccionnoticias.com.mx\/wp-content\/uploads\/2025\/05\/250521-Cesar-Alberto-Castro-Hernandez-1.jpg?ssl=1&w=500&resize=500&ssl=1 500w, https:\/\/i1.wp.com\/www.interaccionnoticias.com.mx\/wp-content\/uploads\/2025\/05\/250521-Cesar-Alberto-Castro-Hernandez-1.jpg?ssl=1&w=640&resize=640&ssl=1 640w, https:\/\/i1.wp.com\/www.interaccionnoticias.com.mx\/wp-content\/uploads\/2025\/05\/250521-Cesar-Alberto-Castro-Hernandez-1.jpg?ssl=1&w=800&resize=800&ssl=1 800w, https:\/\/i1.wp.com\/www.interaccionnoticias.com.mx\/wp-content\/uploads\/2025\/05\/250521-Cesar-Alberto-Castro-Hernandez-1.jpg?ssl=1&w=1024&resize=1024&ssl=1 1024w, https:\/\/i1.wp.com\/www.interaccionnoticias.com.mx\/wp-content\/uploads\/2025\/05\/250521-Cesar-Alberto-Castro-Hernandez-1.jpg?ssl=1&w=1280&resize=1280&ssl=1 1280w, https:\/\/i1.wp.com\/www.interaccionnoticias.com.mx\/wp-content\/uploads\/2025\/05\/250521-Cesar-Alberto-Castro-Hernandez-1.jpg?ssl=1&w=1600&resize=1600&ssl=1 1600w\" data-id=\"91229\" fifu-data-src=\"https:\/\/i1.wp.com\/www.interaccionnoticias.com.mx\/wp-content\/uploads\/2025\/05\/250521-Cesar-Alberto-Castro-Hernandez-1.jpg?ssl=1\" alt=\"\" class=\"wp-image-91229\"\/><\/figure>\n\n\n\n<figure class=\"wp-block-image size-large\"><img decoding=\"async\" src=\"data:image\/gif;base64,R0lGODlhAQABAIAAAAAAAP\/\/\/ywAAAAAAQABAAACAUwAOw==\" fifu-lazy=\"1\" fifu-data-sizes=\"auto\" fifu-data-srcset=\"https:\/\/i1.wp.com\/www.interaccionnoticias.com.mx\/wp-content\/uploads\/2025\/05\/250521-Cesar-Alberto-Castro-Hernandez-2.jpg?ssl=1&w=75&resize=75&ssl=1 75w, https:\/\/i1.wp.com\/www.interaccionnoticias.com.mx\/wp-content\/uploads\/2025\/05\/250521-Cesar-Alberto-Castro-Hernandez-2.jpg?ssl=1&w=100&resize=100&ssl=1 100w, https:\/\/i1.wp.com\/www.interaccionnoticias.com.mx\/wp-content\/uploads\/2025\/05\/250521-Cesar-Alberto-Castro-Hernandez-2.jpg?ssl=1&w=150&resize=150&ssl=1 150w, https:\/\/i1.wp.com\/www.interaccionnoticias.com.mx\/wp-content\/uploads\/2025\/05\/250521-Cesar-Alberto-Castro-Hernandez-2.jpg?ssl=1&w=240&resize=240&ssl=1 240w, https:\/\/i1.wp.com\/www.interaccionnoticias.com.mx\/wp-content\/uploads\/2025\/05\/250521-Cesar-Alberto-Castro-Hernandez-2.jpg?ssl=1&w=320&resize=320&ssl=1 320w, https:\/\/i1.wp.com\/www.interaccionnoticias.com.mx\/wp-content\/uploads\/2025\/05\/250521-Cesar-Alberto-Castro-Hernandez-2.jpg?ssl=1&w=500&resize=500&ssl=1 500w, https:\/\/i1.wp.com\/www.interaccionnoticias.com.mx\/wp-content\/uploads\/2025\/05\/250521-Cesar-Alberto-Castro-Hernandez-2.jpg?ssl=1&w=640&resize=640&ssl=1 640w, https:\/\/i1.wp.com\/www.interaccionnoticias.com.mx\/wp-content\/uploads\/2025\/05\/250521-Cesar-Alberto-Castro-Hernandez-2.jpg?ssl=1&w=800&resize=800&ssl=1 800w, https:\/\/i1.wp.com\/www.interaccionnoticias.com.mx\/wp-content\/uploads\/2025\/05\/250521-Cesar-Alberto-Castro-Hernandez-2.jpg?ssl=1&w=1024&resize=1024&ssl=1 1024w, https:\/\/i1.wp.com\/www.interaccionnoticias.com.mx\/wp-content\/uploads\/2025\/05\/250521-Cesar-Alberto-Castro-Hernandez-2.jpg?ssl=1&w=1280&resize=1280&ssl=1 1280w, https:\/\/i1.wp.com\/www.interaccionnoticias.com.mx\/wp-content\/uploads\/2025\/05\/250521-Cesar-Alberto-Castro-Hernandez-2.jpg?ssl=1&w=1600&resize=1600&ssl=1 1600w\" data-id=\"91230\" fifu-data-src=\"https:\/\/i1.wp.com\/www.interaccionnoticias.com.mx\/wp-content\/uploads\/2025\/05\/250521-Cesar-Alberto-Castro-Hernandez-2.jpg?ssl=1\" alt=\"\" class=\"wp-image-91230\"\/><\/figure>\n<\/figure>\n","protected":false},"excerpt":{"rendered":"<p>&#8212; Integrantes del Colectivo Guerrero No+ Desaparecidos buscaron en parajes rumbo al poblado de San Vicente y en la colonia Las Terrazas pero no tuvieron indicios Yasm\u00edn Garc\u00eda Integrantes del&hellip; <\/p>\n","protected":false},"author":32,"featured_media":91230,"comment_status":"open","ping_status":"open","sticky":false,"template":"","format":"standard","meta":{"fifu_image_url":"","fifu_image_alt":"","footnotes":""},"categories":[11],"tags":[],"class_list":["post-91228","post","type-post","status-publish","format-standard","has-post-thumbnail","hentry","category-guerrero"],"_links":{"self":[{"href":"https:\/\/www.interaccionnoticias.com.mx\/index.php?rest_route=\/wp\/v2\/posts\/91228","targetHints":{"allow":["GET"]}}],"collection":[{"href":"https:\/\/www.interaccionnoticias.com.mx\/index.php?rest_route=\/wp\/v2\/posts"}],"about":[{"href":"https:\/\/www.interaccionnoticias.com.mx\/index.php?rest_route=\/wp\/v2\/types\/post"}],"author":[{"embeddable":true,"href":"https:\/\/www.interaccionnoticias.com.mx\/index.php?rest_route=\/wp\/v2\/users\/32"}],"replies":[{"embeddable":true,"href":"https:\/\/www.interaccionnoticias.com.mx\/index.php?rest_route=%2Fwp%2Fv2%2Fcomments&post=91228"}],"version-history":[{"count":1,"href":"https:\/\/www.interaccionnoticias.com.mx\/index.php?rest_route=\/wp\/v2\/posts\/91228\/revisions"}],"predecessor-version":[{"id":91231,"href":"https:\/\/www.interaccionnoticias.com.mx\/index.php?rest_route=\/wp\/v2\/posts\/91228\/revisions\/91231"}],"wp:featuredmedia":[{"embeddable":true,"href":"https:\/\/www.interaccionnoticias.com.mx\/index.php?rest_route=\/wp\/v2\/media\/91230"}],"wp:attachment":[{"href":"https:\/\/www.interaccionnoticias.com.mx\/index.php?rest_route=%2Fwp%2Fv2%2Fmedia&parent=91228"}],"wp:term":[{"taxonomy":"category","embeddable":true,"href":"https:\/\/www.interaccionnoticias.com.mx\/index.php?rest_route=%2Fwp%2Fv2%2Fcategories&post=91228"},{"taxonomy":"post_tag","embeddable":true,"href":"https:\/\/www.interaccionnoticias.com.mx\/index.php?rest_route=%2Fwp%2Fv2%2Ftags&post=91228"}],"curies":[{"name":"wp","href":"https:\/\/api.w.org\/{rel}","templated":true}]}}