{"id":9122,"date":"2017-10-10T15:08:37","date_gmt":"2017-10-10T20:08:37","guid":{"rendered":"http:\/\/www.inter-accion.com.mx\/?p=9122"},"modified":"2017-10-10T15:08:37","modified_gmt":"2017-10-10T20:08:37","slug":"jubilados-del-seguro-social-toman-instalaciones-del-imss","status":"publish","type":"post","link":"https:\/\/www.interaccionnoticias.com.mx\/?p=9122","title":{"rendered":"Jubilados del Seguro Social toman instalaciones del IMSS"},"content":{"rendered":"<p><br \/>\n<strong>Acapulco, Gro.-<\/strong> Medio centenar de pensionados y jubilados del Instituto Mexicano del Seguro Social (IMSS), tomaron simb\u00f3licamente la sede de la secci\u00f3n sindical n\u00famero 56 en Acapulco.<br \/>\nEncabezados por Domingo de Jes\u00fas Fierro, jubilado del hospital \u201cVicente Guerrero\u201d del Seguro Social; Edna H Luz y Nemesio Soberanis Mart\u00ednez, tomaron la sede sindical desde las 11:30 horas.<br \/>\nLos manifestantes exigen al l\u00edder nacional Manuel Vallejo Barrag\u00e1n defienda a jubilados y pensionados para evitar que se pierdan sus derechos logrado en el contrato colectivo de trabajo.<br \/>\nTras la toma del edificio hubo reclamos de las personas que acudieron a hacer tr\u00e1mites en las oficinas por lo que los quejosos jubilados y pensionados abrieron el acceso, y votaron la toma de la sede sindical.<br \/>\n\u201cLa preocupaci\u00f3n que tenemos los trabajadores no es infundada, desde el 2003 Roberto Javier Vega Galina fung\u00eda como Secretario General quiso imponer el r\u00e9gimen de jubilaciones y no lo logro.<br \/>\n\u201cPero si en el Congreso de la Uni\u00f3n, adem\u00e1s Manuel Vallejo Barrag\u00e1n, ya dijo que no hay dinero, nos van a dar el golpe, eso no viene de aqu\u00ed, por eso es la inquietud de los compa\u00f1eros\u201d, dijo Domingo de Jes\u00fas.<br \/>\nAlertaron que ese es el principio de una serie de actos que vamos a empezar todos los d\u00edas a partir de este martes que inici\u00f3 con la toma \u201csimb\u00f3lica\u201d, del edificio sindical en el puerto de Acapulco.<br \/>\n\u201cLo declaramos tomado por los trabajadores jubilados de manera indefinida, hasta que sepamos los resultados y que estos no nos afectaron\u201d, dijo el jubilado del IMSS.<\/p>\n","protected":false},"excerpt":{"rendered":"<p>Acapulco, Gro.- Medio centenar de pensionados y jubilados del Instituto Mexicano del Seguro Social (IMSS), tomaron simb\u00f3licamente la sede de la secci\u00f3n sindical n\u00famero 56 en Acapulco. Encabezados por Domingo&hellip; <\/p>\n","protected":false},"author":1,"featured_media":0,"comment_status":"closed","ping_status":"closed","sticky":false,"template":"","format":"standard","meta":{"fifu_image_url":"","fifu_image_alt":"","footnotes":""},"categories":[8,23],"tags":[],"class_list":["post-9122","post","type-post","status-publish","format-standard","hentry","category-featured","category-regionales"],"_links":{"self":[{"href":"https:\/\/www.interaccionnoticias.com.mx\/index.php?rest_route=\/wp\/v2\/posts\/9122","targetHints":{"allow":["GET"]}}],"collection":[{"href":"https:\/\/www.interaccionnoticias.com.mx\/index.php?rest_route=\/wp\/v2\/posts"}],"about":[{"href":"https:\/\/www.interaccionnoticias.com.mx\/index.php?rest_route=\/wp\/v2\/types\/post"}],"author":[{"embeddable":true,"href":"https:\/\/www.interaccionnoticias.com.mx\/index.php?rest_route=\/wp\/v2\/users\/1"}],"replies":[{"embeddable":true,"href":"https:\/\/www.interaccionnoticias.com.mx\/index.php?rest_route=%2Fwp%2Fv2%2Fcomments&post=9122"}],"version-history":[{"count":0,"href":"https:\/\/www.interaccionnoticias.com.mx\/index.php?rest_route=\/wp\/v2\/posts\/9122\/revisions"}],"wp:attachment":[{"href":"https:\/\/www.interaccionnoticias.com.mx\/index.php?rest_route=%2Fwp%2Fv2%2Fmedia&parent=9122"}],"wp:term":[{"taxonomy":"category","embeddable":true,"href":"https:\/\/www.interaccionnoticias.com.mx\/index.php?rest_route=%2Fwp%2Fv2%2Fcategories&post=9122"},{"taxonomy":"post_tag","embeddable":true,"href":"https:\/\/www.interaccionnoticias.com.mx\/index.php?rest_route=%2Fwp%2Fv2%2Ftags&post=9122"}],"curies":[{"name":"wp","href":"https:\/\/api.w.org\/{rel}","templated":true}]}}