{"id":91152,"date":"2025-05-20T16:32:00","date_gmt":"2025-05-20T22:32:00","guid":{"rendered":"https:\/\/www.interaccionnoticias.com.mx\/?p=91152"},"modified":"2025-05-20T19:09:35","modified_gmt":"2025-05-21T01:09:35","slug":"el-20-de-mayo-vence-el-plazo-para-reponer-la-credencial-de-elector","status":"publish","type":"post","link":"https:\/\/www.interaccionnoticias.com.mx\/?p=91152","title":{"rendered":"El 20 de mayo vence el plazo para reponer la credencial de elector"},"content":{"rendered":"\n<p><em><strong>&#8212; La Lista Nominal la componen m\u00e1s de 2 millones 659 mil 824 ciudadanos guerrerenses<\/strong><\/em><\/p>\n\n\n\n<p><strong>Rosario Garc\u00eda Orozco<\/strong><\/p>\n\n\n\n<p>Este 20 de mayo se venci\u00f3 el plazo para la reposici\u00f3n de credenciales para votar con fotograf\u00eda, inform\u00f3 el Vocal del Registro Federal de Electores, del Instituto Nacional Electoral Guerrero, Angel Baez Balderas.<\/p>\n\n\n\n<p>Mencion\u00f3 que todos los ciudadanos que extraviaron o se les da\u00f1\u00f3 su credencial de elector, pudieron acudir a los m\u00f3dulos del INE a solicitar su reposici\u00f3n para su reimpresi\u00f3n, que no incluye cambios en los datos de la credencial, como domicilio, foto o firma.<\/p>\n\n\n\n<p>Agreg\u00f3 que para realizar este tr\u00e1mite es necesario llevar el acta de nacimiento y una identificaci\u00f3n con fotograf\u00eda para poder realizar el tr\u00e1mite correspondiente.<\/p>\n\n\n\n<p>Explic\u00f3 que el padr\u00f3n electoral con que cuenta el INE, es 2 millones 659 mil 824 ciudadanos, que son los que podr\u00e1n participar en la elecci\u00f3n de funcionarias y funcionarios del Poder Judicial de la Federaci\u00f3n el pr\u00f3ximo 1 de junio.<\/p>\n\n\n\n<p>\u201cVa habiendo procesos de depuraci\u00f3n, personas que nos reportan como fallecidas, p\u00e9rdidas de derecho, ellos s\u00ed son las personas que vamos dando de baja de la lista nominal\u201d, coment\u00f3.<\/p>\n\n\n\n<p>Angel Baez sostuvo que una vez que concluya la jornada electoral del 1 de junio del Poder Judicial, el INE dar\u00e1 de baja 74 mil 755 credenciales que vienen con vigencia 2024, las cuales solo se les permitir\u00e1 que se siguen utilizando debido al proceso electoral pr\u00f3ximo, \u201cpero terminando el proceso electoral al d\u00eda siguiente 74 mil 755 credenciales quedar\u00e1n fuera\u201d.<\/p>\n","protected":false},"excerpt":{"rendered":"<p>&#8212; La Lista Nominal la componen m\u00e1s de 2 millones 659 mil 824 ciudadanos guerrerenses Rosario Garc\u00eda Orozco Este 20 de mayo se venci\u00f3 el plazo para la reposici\u00f3n de&hellip; <\/p>\n","protected":false},"author":14,"featured_media":91153,"comment_status":"open","ping_status":"open","sticky":false,"template":"","format":"standard","meta":{"fifu_image_url":"","fifu_image_alt":"","footnotes":""},"categories":[17],"tags":[],"class_list":["post-91152","post","type-post","status-publish","format-standard","has-post-thumbnail","hentry","category-organos-electorales"],"_links":{"self":[{"href":"https:\/\/www.interaccionnoticias.com.mx\/index.php?rest_route=\/wp\/v2\/posts\/91152","targetHints":{"allow":["GET"]}}],"collection":[{"href":"https:\/\/www.interaccionnoticias.com.mx\/index.php?rest_route=\/wp\/v2\/posts"}],"about":[{"href":"https:\/\/www.interaccionnoticias.com.mx\/index.php?rest_route=\/wp\/v2\/types\/post"}],"author":[{"embeddable":true,"href":"https:\/\/www.interaccionnoticias.com.mx\/index.php?rest_route=\/wp\/v2\/users\/14"}],"replies":[{"embeddable":true,"href":"https:\/\/www.interaccionnoticias.com.mx\/index.php?rest_route=%2Fwp%2Fv2%2Fcomments&post=91152"}],"version-history":[{"count":1,"href":"https:\/\/www.interaccionnoticias.com.mx\/index.php?rest_route=\/wp\/v2\/posts\/91152\/revisions"}],"predecessor-version":[{"id":91154,"href":"https:\/\/www.interaccionnoticias.com.mx\/index.php?rest_route=\/wp\/v2\/posts\/91152\/revisions\/91154"}],"wp:featuredmedia":[{"embeddable":true,"href":"https:\/\/www.interaccionnoticias.com.mx\/index.php?rest_route=\/wp\/v2\/media\/91153"}],"wp:attachment":[{"href":"https:\/\/www.interaccionnoticias.com.mx\/index.php?rest_route=%2Fwp%2Fv2%2Fmedia&parent=91152"}],"wp:term":[{"taxonomy":"category","embeddable":true,"href":"https:\/\/www.interaccionnoticias.com.mx\/index.php?rest_route=%2Fwp%2Fv2%2Fcategories&post=91152"},{"taxonomy":"post_tag","embeddable":true,"href":"https:\/\/www.interaccionnoticias.com.mx\/index.php?rest_route=%2Fwp%2Fv2%2Ftags&post=91152"}],"curies":[{"name":"wp","href":"https:\/\/api.w.org\/{rel}","templated":true}]}}