{"id":9113,"date":"2017-10-10T15:05:26","date_gmt":"2017-10-10T20:05:26","guid":{"rendered":"http:\/\/www.inter-accion.com.mx\/?p=9113"},"modified":"2017-10-10T15:05:26","modified_gmt":"2017-10-10T20:05:26","slug":"liberan-a-17-policias-de-zihuatanejo","status":"publish","type":"post","link":"https:\/\/www.interaccionnoticias.com.mx\/?p=9113","title":{"rendered":"Liberan a 17 policias de Zihuatanejo"},"content":{"rendered":"<p><br \/>\n<strong>Seguir\u00e1n bajo proceso por portaci\u00f3n y posesi\u00f3n<\/strong><br \/>\n<strong>Acapulco, Gro.-<\/strong> El Tribunal unitario modific\u00f3 el auto de vinculaci\u00f3n y desech\u00f3 el delito de delincuencia organizada del que estaban imputados 17 polic\u00edas municipales de Zihuatanejo y orden\u00f3 su libertad.<br \/>\nAunque los tres mandos de esa corporaci\u00f3n recluidos en el Cefereso de Tepic en el estado de Nayarit, continuar\u00e1n bajo proceso. Entre ellos Javier Galeana Cisneros apodado \u201cEl Carrete\u201d.<br \/>\nAyer por la noche los 17 efectivos quedaron en libertad, no obstante deber\u00e1n continuar en el proceso por delitos de acopio de cartuchos y portaci\u00f3n de armas de uso exclusivo de las fuerzas armadas.<br \/>\nEn aquella ocasi\u00f3n el operativo fue realizado en forma conjunta con Polic\u00eda Estatal, Ej\u00e9rcito Mexicano, Marina Armada de M\u00e9xico, Polic\u00eda Federal, Procuradur\u00eda General de la Rep\u00fablica y la Fiscal\u00eda General del Estado, todos fueron detenidos en las instalaciones de la polic\u00eda.<br \/>\n<strong>INTERACCION&nbsp;<\/strong>informo que el pasado 16 de mayo que autoridades estatales y federales hab\u00edan desarmado y detenido a 42&nbsp;<em>falsos polic\u00edas<\/em>, aseguraron a tres presuntos l\u00edderes criminales y pusieron a disposici\u00f3n a 15 oficiales que reprobaron los ex\u00e1menes de control y confianza en Zihuatanejo, Guerrero.<br \/>\nAyer por la noche se orden\u00f3 la medida y la liberaci\u00f3n de 17 agentes de la Polic\u00eda Municipal de Zihuatanejo, que estaban imputados por los delitos de delincuencia organizada, posesi\u00f3n de cartuchos y portaci\u00f3n de arma.<br \/>\nDe esos tres il\u00edcitos que les imputaba la federaci\u00f3n la defensor\u00eda federal logro desestimar los se\u00f1alamientos de Delincuencia Organizada y quedaron en proceso y deber\u00e1n seguir la portaci\u00f3n y posesi\u00f3n de cartuchos.<br \/>\nDesde entonces la seguridad del municipio de Zihuatanejo est\u00e1 en manos de efectivos de la Polic\u00eda Estatal y del Ej\u00e9rcito Mexicano.<\/p>\n","protected":false},"excerpt":{"rendered":"<p>Seguir\u00e1n bajo proceso por portaci\u00f3n y posesi\u00f3n Acapulco, Gro.- El Tribunal unitario modific\u00f3 el auto de vinculaci\u00f3n y desech\u00f3 el delito de delincuencia organizada del que estaban imputados 17 polic\u00edas&hellip; <\/p>\n","protected":false},"author":1,"featured_media":0,"comment_status":"closed","ping_status":"closed","sticky":false,"template":"","format":"standard","meta":{"fifu_image_url":"","fifu_image_alt":"","footnotes":""},"categories":[8,27],"tags":[],"class_list":["post-9113","post","type-post","status-publish","format-standard","hentry","category-featured","category-seguridad-publica"],"_links":{"self":[{"href":"https:\/\/www.interaccionnoticias.com.mx\/index.php?rest_route=\/wp\/v2\/posts\/9113","targetHints":{"allow":["GET"]}}],"collection":[{"href":"https:\/\/www.interaccionnoticias.com.mx\/index.php?rest_route=\/wp\/v2\/posts"}],"about":[{"href":"https:\/\/www.interaccionnoticias.com.mx\/index.php?rest_route=\/wp\/v2\/types\/post"}],"author":[{"embeddable":true,"href":"https:\/\/www.interaccionnoticias.com.mx\/index.php?rest_route=\/wp\/v2\/users\/1"}],"replies":[{"embeddable":true,"href":"https:\/\/www.interaccionnoticias.com.mx\/index.php?rest_route=%2Fwp%2Fv2%2Fcomments&post=9113"}],"version-history":[{"count":0,"href":"https:\/\/www.interaccionnoticias.com.mx\/index.php?rest_route=\/wp\/v2\/posts\/9113\/revisions"}],"wp:attachment":[{"href":"https:\/\/www.interaccionnoticias.com.mx\/index.php?rest_route=%2Fwp%2Fv2%2Fmedia&parent=9113"}],"wp:term":[{"taxonomy":"category","embeddable":true,"href":"https:\/\/www.interaccionnoticias.com.mx\/index.php?rest_route=%2Fwp%2Fv2%2Fcategories&post=9113"},{"taxonomy":"post_tag","embeddable":true,"href":"https:\/\/www.interaccionnoticias.com.mx\/index.php?rest_route=%2Fwp%2Fv2%2Ftags&post=9113"}],"curies":[{"name":"wp","href":"https:\/\/api.w.org\/{rel}","templated":true}]}}