{"id":91111,"date":"2025-05-19T20:06:00","date_gmt":"2025-05-20T02:06:00","guid":{"rendered":"https:\/\/www.interaccionnoticias.com.mx\/?p=91111"},"modified":"2025-05-19T23:25:24","modified_gmt":"2025-05-20T05:25:24","slug":"oficialmente-no-hubo-destitucion-del-dirigente-cierran-el-capitulo-en-el-consejo-estatal-de-morena","status":"publish","type":"post","link":"https:\/\/www.interaccionnoticias.com.mx\/?p=91111","title":{"rendered":"Oficialmente no hubo destituci\u00f3n del dirigente, cierran el capitulo en el Consejo Estatal de MORENA"},"content":{"rendered":"\n<p><em><strong>&#8212; Jacinto Gonz\u00e1lez Varona y Elsa Valencia Cardona, presidenta del Consejo Estatal dieron a conocer las conclusiones del \u00f3rgano de gobierno partidista<br>&#8212; La destituci\u00f3n del dirigente estatal nunca se incluy\u00f3 oficialmente en la Orden del D\u00eda, aseguran<br>&#8212; Aclaran que no habr\u00e1 revancha pol\u00edtica<br>&#8212; Admiten que hubo un momento de suspenso, que ya termin\u00f3<\/strong><\/em><\/p>\n\n\n\n<p><strong>Rogelio Agust\u00edn<\/strong><\/p>\n\n\n\n<p>De manera oficial, el Consejo Estatal de MORENA nunca sancion\u00f3 la destituci\u00f3n de su dirigente Jacinto Gonz\u00e1lez Varona, de acuerdo con el posicionamiento que se dio a conocer en el cierre de los trabajos de dicho \u00f3rgano de gobierno partidista la noche de este lunes.<\/p>\n\n\n\n<p>De manera conjunta, el presidente del Comit\u00e9 Ejecutivo Estatal (CEE) y la presidenta del Consejo Estatal, Elsa Valencia Cardona dieron a conocer los acuerdos alcanzados durante los trabajos que iniciaron la ma\u00f1ana del domingo 18 de mayo.<\/p>\n\n\n\n<p>Explicaron que se realiz\u00f3 un pronunciamiento un\u00e1nime para exigir el esclarecimiento del asesinato cometido en contra de Marco Antonio Su\u00e1stegui Mu\u00f1oz, vocero del Consejo de Ejidos y Comunidades Opositores a la Parota (CECOP).<\/p>\n\n\n\n<p>Tambi\u00e9n se aprobaron los lineamientos aprobados recientemente en el Consejo Nacional del mismo partido, particularmente en lo que se refiere al nepotismo electoral y el apegarse a los t\u00e9rminos de la austeridad, para no incurrir en actos que ofendan a la sociedad y pongan en entredicho la \u00e9tica partidista.<\/p>\n\n\n\n<p>\u00abEl momento de suspenso ya termin\u00f3\u00bb, dijeron ambos dirigentes en la primera parte del posicionamiento.<\/p>\n\n\n\n<p>Oficialmente nunca hubo destituci\u00f3n<\/p>\n\n\n\n<p>Respecto al tema de la destituci\u00f3n propuesta por el consejero Galdino Nava D\u00edaz, que la jornada del domingo se habr\u00eda votado supuestamente por 46 consejeros de MORENA, el dirigente manifest\u00f3 que en realidad el tema nunca se incluy\u00f3 en la Orden del D\u00eda.<\/p>\n\n\n\n<p>Respecto al momento en que se vot\u00f3 la destituci\u00f3n del presidente del Comit\u00e9 Estatal, con la presencia de 46 consejeros, se\u00f1al\u00f3 que en realidad esa es una etapa del Consejo que no tuvo car\u00e1cter oficial.<\/p>\n\n\n\n<p>Record\u00f3 que antes de que se modificara el Orden del D\u00eda, se propuso un receso y este se reanud\u00f3 hasta la tarde del lunes con la presencia de 76 consejeros, ya con el qu\u00f3rum legal establecido.<\/p>\n\n\n\n<p>El punto n\u00famero 4, que inclu\u00eda la destituci\u00f3n propuesta por Galdino Nava, dijo que nunca se incluy\u00f3 en la Orden del D\u00eda, lo que fue avalado por la presidenta del Consejo Elsa Valencia.<\/p>\n\n\n\n<p>En el mensaje conjunto, la presidenta del Consejo neg\u00f3 que haya firmado el primer comunicado emitido la tarde del domingo 18, en el que se validaba la remoci\u00f3n del dirigente.<\/p>\n\n\n\n<p>Se dijo que habr\u00e1 una investigaci\u00f3n respecto a qui\u00e9n difundi\u00f3 ese primer comunicado, aunque tambi\u00e9n aclar\u00f3 que ser\u00e1 sin el \u00e1nimo de generar alg\u00fan tipo de revancha pol\u00edtica.<\/p>\n\n\n\n<p>De hecho, indic\u00f3 que la relaci\u00f3n al seno de MORENA-Guerrero tiende a normalizarse en los pr\u00f3ximos d\u00edas, aunque reconoci\u00f3 que hubo un momento de confusi\u00f3n despu\u00e9s de que se diera a conocer la primera versi\u00f3n de una destituci\u00f3n, lo que ya entrada la noche del domingo se desminti\u00f3.<\/p>\n\n\n\n<p>Jacinto Gonz\u00e1lez dijo que queda en buenas relaciones con el consejero Galdino Nava, a pesar de que la ma\u00f1ana del lunes este todav\u00eda se refer\u00eda a \u00e9l como ex dirigente.<\/p>\n\n\n\n<p>Neg\u00f3 que en la soluci\u00f3n del conflicto hayan intervenido actores externos a MORENA-Guerrero, pues los consejeros tuvieron la sapiencia necesaria para ponerse se acuerdo.<\/p>\n\n\n\n<p>Al final, el presidente del Comit\u00e9 y la presidenta del Consejo posaron para los medios de comunicaci\u00f3n en una imagen de unidad, dando la se\u00f1al de que el momento de crispaci\u00f3n ya qued\u00f3 superado.<\/p>\n\n\n\n<p>\u00abComo se los dije ayer; hay Jacinto para rato\u00bb, cerr\u00f3 la jornada el dirigente estatal.<\/p>\n\n\n\n<figure class=\"wp-block-gallery has-nested-images columns-default is-cropped wp-block-gallery-1 is-layout-flex wp-block-gallery-is-layout-flex\">\n<figure class=\"wp-block-image size-large\"><img decoding=\"async\" src=\"data:image\/gif;base64,R0lGODlhAQABAIAAAAAAAP\/\/\/ywAAAAAAQABAAACAUwAOw==\" fifu-lazy=\"1\" fifu-data-sizes=\"auto\" fifu-data-srcset=\"https:\/\/i2.wp.com\/www.interaccionnoticias.com.mx\/wp-content\/uploads\/2025\/05\/250519-Jacinto-Gonzalez-Elsa-Valencia-1.jpg?ssl=1&w=75&resize=75&ssl=1 75w, https:\/\/i2.wp.com\/www.interaccionnoticias.com.mx\/wp-content\/uploads\/2025\/05\/250519-Jacinto-Gonzalez-Elsa-Valencia-1.jpg?ssl=1&w=100&resize=100&ssl=1 100w, https:\/\/i2.wp.com\/www.interaccionnoticias.com.mx\/wp-content\/uploads\/2025\/05\/250519-Jacinto-Gonzalez-Elsa-Valencia-1.jpg?ssl=1&w=150&resize=150&ssl=1 150w, https:\/\/i2.wp.com\/www.interaccionnoticias.com.mx\/wp-content\/uploads\/2025\/05\/250519-Jacinto-Gonzalez-Elsa-Valencia-1.jpg?ssl=1&w=240&resize=240&ssl=1 240w, https:\/\/i2.wp.com\/www.interaccionnoticias.com.mx\/wp-content\/uploads\/2025\/05\/250519-Jacinto-Gonzalez-Elsa-Valencia-1.jpg?ssl=1&w=320&resize=320&ssl=1 320w, https:\/\/i2.wp.com\/www.interaccionnoticias.com.mx\/wp-content\/uploads\/2025\/05\/250519-Jacinto-Gonzalez-Elsa-Valencia-1.jpg?ssl=1&w=500&resize=500&ssl=1 500w, https:\/\/i2.wp.com\/www.interaccionnoticias.com.mx\/wp-content\/uploads\/2025\/05\/250519-Jacinto-Gonzalez-Elsa-Valencia-1.jpg?ssl=1&w=640&resize=640&ssl=1 640w, https:\/\/i2.wp.com\/www.interaccionnoticias.com.mx\/wp-content\/uploads\/2025\/05\/250519-Jacinto-Gonzalez-Elsa-Valencia-1.jpg?ssl=1&w=800&resize=800&ssl=1 800w, https:\/\/i2.wp.com\/www.interaccionnoticias.com.mx\/wp-content\/uploads\/2025\/05\/250519-Jacinto-Gonzalez-Elsa-Valencia-1.jpg?ssl=1&w=1024&resize=1024&ssl=1 1024w, https:\/\/i2.wp.com\/www.interaccionnoticias.com.mx\/wp-content\/uploads\/2025\/05\/250519-Jacinto-Gonzalez-Elsa-Valencia-1.jpg?ssl=1&w=1280&resize=1280&ssl=1 1280w, https:\/\/i2.wp.com\/www.interaccionnoticias.com.mx\/wp-content\/uploads\/2025\/05\/250519-Jacinto-Gonzalez-Elsa-Valencia-1.jpg?ssl=1&w=1600&resize=1600&ssl=1 1600w\" data-id=\"91113\" fifu-data-src=\"https:\/\/i2.wp.com\/www.interaccionnoticias.com.mx\/wp-content\/uploads\/2025\/05\/250519-Jacinto-Gonzalez-Elsa-Valencia-1.jpg?ssl=1\" alt=\"\" class=\"wp-image-91113\"\/><\/figure>\n\n\n\n<figure class=\"wp-block-image size-large\"><img decoding=\"async\" src=\"data:image\/gif;base64,R0lGODlhAQABAIAAAAAAAP\/\/\/ywAAAAAAQABAAACAUwAOw==\" fifu-lazy=\"1\" fifu-data-sizes=\"auto\" fifu-data-srcset=\"https:\/\/i2.wp.com\/www.interaccionnoticias.com.mx\/wp-content\/uploads\/2025\/05\/250519-Jacinto-Gonzalez-Elsa-Valencia-2.jpg?ssl=1&w=75&resize=75&ssl=1 75w, https:\/\/i2.wp.com\/www.interaccionnoticias.com.mx\/wp-content\/uploads\/2025\/05\/250519-Jacinto-Gonzalez-Elsa-Valencia-2.jpg?ssl=1&w=100&resize=100&ssl=1 100w, https:\/\/i2.wp.com\/www.interaccionnoticias.com.mx\/wp-content\/uploads\/2025\/05\/250519-Jacinto-Gonzalez-Elsa-Valencia-2.jpg?ssl=1&w=150&resize=150&ssl=1 150w, https:\/\/i2.wp.com\/www.interaccionnoticias.com.mx\/wp-content\/uploads\/2025\/05\/250519-Jacinto-Gonzalez-Elsa-Valencia-2.jpg?ssl=1&w=240&resize=240&ssl=1 240w, https:\/\/i2.wp.com\/www.interaccionnoticias.com.mx\/wp-content\/uploads\/2025\/05\/250519-Jacinto-Gonzalez-Elsa-Valencia-2.jpg?ssl=1&w=320&resize=320&ssl=1 320w, https:\/\/i2.wp.com\/www.interaccionnoticias.com.mx\/wp-content\/uploads\/2025\/05\/250519-Jacinto-Gonzalez-Elsa-Valencia-2.jpg?ssl=1&w=500&resize=500&ssl=1 500w, https:\/\/i2.wp.com\/www.interaccionnoticias.com.mx\/wp-content\/uploads\/2025\/05\/250519-Jacinto-Gonzalez-Elsa-Valencia-2.jpg?ssl=1&w=640&resize=640&ssl=1 640w, https:\/\/i2.wp.com\/www.interaccionnoticias.com.mx\/wp-content\/uploads\/2025\/05\/250519-Jacinto-Gonzalez-Elsa-Valencia-2.jpg?ssl=1&w=800&resize=800&ssl=1 800w, https:\/\/i2.wp.com\/www.interaccionnoticias.com.mx\/wp-content\/uploads\/2025\/05\/250519-Jacinto-Gonzalez-Elsa-Valencia-2.jpg?ssl=1&w=1024&resize=1024&ssl=1 1024w, https:\/\/i2.wp.com\/www.interaccionnoticias.com.mx\/wp-content\/uploads\/2025\/05\/250519-Jacinto-Gonzalez-Elsa-Valencia-2.jpg?ssl=1&w=1280&resize=1280&ssl=1 1280w, https:\/\/i2.wp.com\/www.interaccionnoticias.com.mx\/wp-content\/uploads\/2025\/05\/250519-Jacinto-Gonzalez-Elsa-Valencia-2.jpg?ssl=1&w=1600&resize=1600&ssl=1 1600w\" data-id=\"91114\" fifu-data-src=\"https:\/\/i2.wp.com\/www.interaccionnoticias.com.mx\/wp-content\/uploads\/2025\/05\/250519-Jacinto-Gonzalez-Elsa-Valencia-2.jpg?ssl=1\" alt=\"\" class=\"wp-image-91114\"\/><\/figure>\n\n\n\n<figure class=\"wp-block-image size-large\"><img decoding=\"async\" src=\"data:image\/gif;base64,R0lGODlhAQABAIAAAAAAAP\/\/\/ywAAAAAAQABAAACAUwAOw==\" fifu-lazy=\"1\" fifu-data-sizes=\"auto\" fifu-data-srcset=\"https:\/\/i2.wp.com\/www.interaccionnoticias.com.mx\/wp-content\/uploads\/2025\/05\/250519-Jacinto-Gonzalez-Elsa-Valencia-3.jpg?ssl=1&w=75&resize=75&ssl=1 75w, https:\/\/i2.wp.com\/www.interaccionnoticias.com.mx\/wp-content\/uploads\/2025\/05\/250519-Jacinto-Gonzalez-Elsa-Valencia-3.jpg?ssl=1&w=100&resize=100&ssl=1 100w, https:\/\/i2.wp.com\/www.interaccionnoticias.com.mx\/wp-content\/uploads\/2025\/05\/250519-Jacinto-Gonzalez-Elsa-Valencia-3.jpg?ssl=1&w=150&resize=150&ssl=1 150w, https:\/\/i2.wp.com\/www.interaccionnoticias.com.mx\/wp-content\/uploads\/2025\/05\/250519-Jacinto-Gonzalez-Elsa-Valencia-3.jpg?ssl=1&w=240&resize=240&ssl=1 240w, https:\/\/i2.wp.com\/www.interaccionnoticias.com.mx\/wp-content\/uploads\/2025\/05\/250519-Jacinto-Gonzalez-Elsa-Valencia-3.jpg?ssl=1&w=320&resize=320&ssl=1 320w, https:\/\/i2.wp.com\/www.interaccionnoticias.com.mx\/wp-content\/uploads\/2025\/05\/250519-Jacinto-Gonzalez-Elsa-Valencia-3.jpg?ssl=1&w=500&resize=500&ssl=1 500w, https:\/\/i2.wp.com\/www.interaccionnoticias.com.mx\/wp-content\/uploads\/2025\/05\/250519-Jacinto-Gonzalez-Elsa-Valencia-3.jpg?ssl=1&w=640&resize=640&ssl=1 640w, https:\/\/i2.wp.com\/www.interaccionnoticias.com.mx\/wp-content\/uploads\/2025\/05\/250519-Jacinto-Gonzalez-Elsa-Valencia-3.jpg?ssl=1&w=800&resize=800&ssl=1 800w, https:\/\/i2.wp.com\/www.interaccionnoticias.com.mx\/wp-content\/uploads\/2025\/05\/250519-Jacinto-Gonzalez-Elsa-Valencia-3.jpg?ssl=1&w=1024&resize=1024&ssl=1 1024w, https:\/\/i2.wp.com\/www.interaccionnoticias.com.mx\/wp-content\/uploads\/2025\/05\/250519-Jacinto-Gonzalez-Elsa-Valencia-3.jpg?ssl=1&w=1280&resize=1280&ssl=1 1280w, https:\/\/i2.wp.com\/www.interaccionnoticias.com.mx\/wp-content\/uploads\/2025\/05\/250519-Jacinto-Gonzalez-Elsa-Valencia-3.jpg?ssl=1&w=1600&resize=1600&ssl=1 1600w\" data-id=\"91112\" fifu-data-src=\"https:\/\/i2.wp.com\/www.interaccionnoticias.com.mx\/wp-content\/uploads\/2025\/05\/250519-Jacinto-Gonzalez-Elsa-Valencia-3.jpg?ssl=1\" alt=\"\" class=\"wp-image-91112\"\/><\/figure>\n<\/figure>\n\n\n\n<p><\/p>\n","protected":false},"excerpt":{"rendered":"<p>&#8212; Jacinto Gonz\u00e1lez Varona y Elsa Valencia Cardona, presidenta del Consejo Estatal dieron a conocer las conclusiones del \u00f3rgano de gobierno partidista&#8212; La destituci\u00f3n del dirigente estatal nunca se incluy\u00f3&hellip; <\/p>\n","protected":false},"author":21,"featured_media":91113,"comment_status":"open","ping_status":"open","sticky":false,"template":"","format":"standard","meta":{"fifu_image_url":"","fifu_image_alt":"","footnotes":""},"categories":[18],"tags":[],"class_list":["post-91111","post","type-post","status-publish","format-standard","has-post-thumbnail","hentry","category-partidos-politicos"],"_links":{"self":[{"href":"https:\/\/www.interaccionnoticias.com.mx\/index.php?rest_route=\/wp\/v2\/posts\/91111","targetHints":{"allow":["GET"]}}],"collection":[{"href":"https:\/\/www.interaccionnoticias.com.mx\/index.php?rest_route=\/wp\/v2\/posts"}],"about":[{"href":"https:\/\/www.interaccionnoticias.com.mx\/index.php?rest_route=\/wp\/v2\/types\/post"}],"author":[{"embeddable":true,"href":"https:\/\/www.interaccionnoticias.com.mx\/index.php?rest_route=\/wp\/v2\/users\/21"}],"replies":[{"embeddable":true,"href":"https:\/\/www.interaccionnoticias.com.mx\/index.php?rest_route=%2Fwp%2Fv2%2Fcomments&post=91111"}],"version-history":[{"count":1,"href":"https:\/\/www.interaccionnoticias.com.mx\/index.php?rest_route=\/wp\/v2\/posts\/91111\/revisions"}],"predecessor-version":[{"id":91115,"href":"https:\/\/www.interaccionnoticias.com.mx\/index.php?rest_route=\/wp\/v2\/posts\/91111\/revisions\/91115"}],"wp:featuredmedia":[{"embeddable":true,"href":"https:\/\/www.interaccionnoticias.com.mx\/index.php?rest_route=\/wp\/v2\/media\/91113"}],"wp:attachment":[{"href":"https:\/\/www.interaccionnoticias.com.mx\/index.php?rest_route=%2Fwp%2Fv2%2Fmedia&parent=91111"}],"wp:term":[{"taxonomy":"category","embeddable":true,"href":"https:\/\/www.interaccionnoticias.com.mx\/index.php?rest_route=%2Fwp%2Fv2%2Fcategories&post=91111"},{"taxonomy":"post_tag","embeddable":true,"href":"https:\/\/www.interaccionnoticias.com.mx\/index.php?rest_route=%2Fwp%2Fv2%2Ftags&post=91111"}],"curies":[{"name":"wp","href":"https:\/\/api.w.org\/{rel}","templated":true}]}}