{"id":91092,"date":"2025-05-19T13:22:00","date_gmt":"2025-05-19T19:22:00","guid":{"rendered":"https:\/\/www.interaccionnoticias.com.mx\/?p=91092"},"modified":"2025-05-19T13:48:25","modified_gmt":"2025-05-19T19:48:25","slug":"ya-es-un-ex-dirigente-de-morena-dice-el-consejero-galdino-nava-diaz-a-jacinto-gonzalez-varona","status":"publish","type":"post","link":"https:\/\/www.interaccionnoticias.com.mx\/?p=91092","title":{"rendered":"\u201cYa es un ex dirigente de MORENA\u201d, dice el consejero Galdino Nava D\u00edaz a Jacinto Gonz\u00e1lez Varona"},"content":{"rendered":"\n<p><strong><em>&#8212; Nava D\u00edaz amaga con \u201creventar\u201d la sesi\u00f3n de Consejo Estatal convocada para este lunes por la tarde<\/em><\/strong><\/p>\n\n\n\n<p><strong>Rogelio Agust\u00edn<\/strong><\/p>\n\n\n\n<p>El consejero Galdino Nava D\u00edaz sostuvo que para \u00e9l, el diputado local con licencia Jacinto Gonz\u00e1lez Varona ya no es dirigente estatal de MORENA, porque existi\u00f3 una votaci\u00f3n que lo destituy\u00f3 y los \u00f3rganos nacionales del partido lo deben tomar en cuenta.<\/p>\n\n\n\n<p>Nava D\u00edaz sostuvo que pese al \u201creacomodo\u201d que entrada la noche del domingo 18 de mayo se dio en las c\u00fapulas, lo que no se puede dejar de observar, es que en la sesi\u00f3n del Consejo Estatal, un grupo mayoritario de consejeros manifestaron su determinaci\u00f3n de separar del cargo a su dirigente.<\/p>\n\n\n\n<p>\u201cLo que sucedi\u00f3 en realidad es que explotamos, para mi \u00e9l ya es un ex presidente, hay un audio, hay video, hay fotograf\u00edas de cuantos votamos la separaci\u00f3n del cargo y Jacinto Gonz\u00e1lez ya no es dirigente\u201d, anot\u00f3.<\/p>\n\n\n\n<p>Dijo que la fotograf\u00eda que se est\u00e1 difundiendo ampliamente, en la que aparecen los integrantes del Comit\u00e9 Ejecutivo Estatal (CEE) y la presidenta del Consejo no puede sustituir la determinaci\u00f3n que tuvieron los integrantes del m\u00e1ximo \u00f3rgano de gobierno partidista.<\/p>\n\n\n\n<p>\u201cAhora resulta que lo que votamos ya no tiene validez porque ellos ya se pusieron de acuerdo; lo que ellos acuerden no puede estar por encima de lo que vote el Consejo\u201d, anot\u00f3.<\/p>\n\n\n\n<p>Record\u00f3 que hubo un primer comunicado en el que la presidenta del Consejo, Elsa Valencia confirm\u00f3 la destituci\u00f3n de Gonz\u00e1lez Varona, ya que ese documento se redact\u00f3 con el aval de los 46 consejeros que votaron de manera uniforme.<\/p>\n\n\n\n<p>El segundo comunicado del domingo, dijo que se redact\u00f3 \u201centre tres o cuatro personas, entre ellas el dirigente destituido\u201d.<\/p>\n\n\n\n<p>La inconformidad contra Gonz\u00e1lez Varona, de acuerdo con Nava D\u00edaz, consiste en varias cosas, entre ellas el hecho de que pese a los acuerdos del Consejo Nacional, este mantiene una escolta integrada por personal de la Guardia Nacional (GN) y se mueve en una camioneta blindada, situaci\u00f3n que est\u00e1 prohibida en los lineamientos aprobados.<\/p>\n\n\n\n<p>Otro elemento, es que mantiene su aspiraci\u00f3n de ser candidato a gobernador del estado, situaci\u00f3n que lo aleja de la posibilidad de ser factor de unidad y ya representa un factor de inequidad.<\/p>\n\n\n\n<p>En consecuencia, dijo que valora la posibilidad de no acudir a la sesi\u00f3n de Consejo Estatal convocada para la tarde de este lunes y hacer vac\u00edo.<\/p>\n\n\n\n<p>En el caso de acudir, indic\u00f3 que la consigna ser\u00e1 \u201creventar\u201d el encuentro, para dejar en claro que Gonz\u00e1lez ya no est\u00e1 en condiciones de mantener a flote la dirigencia estatal de MORENA.<\/p>\n","protected":false},"excerpt":{"rendered":"<p>&#8212; Nava D\u00edaz amaga con \u201creventar\u201d la sesi\u00f3n de Consejo Estatal convocada para este lunes por la tarde Rogelio Agust\u00edn El consejero Galdino Nava D\u00edaz sostuvo que para \u00e9l, el&hellip; <\/p>\n","protected":false},"author":21,"featured_media":91093,"comment_status":"open","ping_status":"open","sticky":false,"template":"","format":"standard","meta":{"fifu_image_url":"","fifu_image_alt":"","footnotes":""},"categories":[18],"tags":[],"class_list":["post-91092","post","type-post","status-publish","format-standard","has-post-thumbnail","hentry","category-partidos-politicos"],"_links":{"self":[{"href":"https:\/\/www.interaccionnoticias.com.mx\/index.php?rest_route=\/wp\/v2\/posts\/91092","targetHints":{"allow":["GET"]}}],"collection":[{"href":"https:\/\/www.interaccionnoticias.com.mx\/index.php?rest_route=\/wp\/v2\/posts"}],"about":[{"href":"https:\/\/www.interaccionnoticias.com.mx\/index.php?rest_route=\/wp\/v2\/types\/post"}],"author":[{"embeddable":true,"href":"https:\/\/www.interaccionnoticias.com.mx\/index.php?rest_route=\/wp\/v2\/users\/21"}],"replies":[{"embeddable":true,"href":"https:\/\/www.interaccionnoticias.com.mx\/index.php?rest_route=%2Fwp%2Fv2%2Fcomments&post=91092"}],"version-history":[{"count":1,"href":"https:\/\/www.interaccionnoticias.com.mx\/index.php?rest_route=\/wp\/v2\/posts\/91092\/revisions"}],"predecessor-version":[{"id":91094,"href":"https:\/\/www.interaccionnoticias.com.mx\/index.php?rest_route=\/wp\/v2\/posts\/91092\/revisions\/91094"}],"wp:featuredmedia":[{"embeddable":true,"href":"https:\/\/www.interaccionnoticias.com.mx\/index.php?rest_route=\/wp\/v2\/media\/91093"}],"wp:attachment":[{"href":"https:\/\/www.interaccionnoticias.com.mx\/index.php?rest_route=%2Fwp%2Fv2%2Fmedia&parent=91092"}],"wp:term":[{"taxonomy":"category","embeddable":true,"href":"https:\/\/www.interaccionnoticias.com.mx\/index.php?rest_route=%2Fwp%2Fv2%2Fcategories&post=91092"},{"taxonomy":"post_tag","embeddable":true,"href":"https:\/\/www.interaccionnoticias.com.mx\/index.php?rest_route=%2Fwp%2Fv2%2Ftags&post=91092"}],"curies":[{"name":"wp","href":"https:\/\/api.w.org\/{rel}","templated":true}]}}