{"id":91076,"date":"2025-05-19T09:19:00","date_gmt":"2025-05-19T15:19:00","guid":{"rendered":"https:\/\/www.interaccionnoticias.com.mx\/?p=91076"},"modified":"2025-05-19T11:14:07","modified_gmt":"2025-05-19T17:14:07","slug":"felix-salgado-llama-a-la-unidad-de-morena-guerrero","status":"publish","type":"post","link":"https:\/\/www.interaccionnoticias.com.mx\/?p=91076","title":{"rendered":"F\u00e9lix Salgado llama a la unidad de MORENA-Guerrero"},"content":{"rendered":"\n<p><em><strong>&#8212; Retoma fotograf\u00eda en la que aparece Jacinto Gonz\u00e1lez Varona como presidenta del Comit\u00e9 Estatal<\/strong><\/em><\/p>\n\n\n\n<p><strong>Rogelio Agust\u00edn<\/strong><\/p>\n\n\n\n<p>Con la fotograf\u00eda en la que el dirigente estatal, Jacinto Gonz\u00e1lez Varona aparece al centro, el senador F\u00e9lix Salgado Macedonio hizo un llamado a la unidad al seno de MORENA-Guerrero, para sacar adelante compromisos que se tienen en puerta, como la elecci\u00f3n del pr\u00f3ximo 1 de junio.<\/p>\n\n\n\n<p>La ma\u00f1ana de este lunes, el representante popular federal public\u00f3 la fotograf\u00eda tomada alrededor de las 22:00 horas del domingo 18 de mayo en la sede oficial de MORENA-Guerrero, en la que el dirigente Gonz\u00e1lez Varona aparece en medio de quienes fueron art\u00edfices de su probable destituci\u00f3n.<\/p>\n\n\n\n<p>A la derecha se observa a Elsa Valencia, la presidenta del Consejo Estatal que la tarde del domingo firm\u00f3 un primer comunicado, dando a conocer la destituci\u00f3n, para ya en la noche rectificar y se\u00f1alar que los acuerdos no estaban afianzados, pues el consejo se encuentra en sesi\u00f3n permanente y est\u00e1 citado para la tarde de este lunes 19.<\/p>\n\n\n\n<p>A la izquierda Yesena Gonz\u00e1lez Xinol, secretaria del Comit\u00e9 Estatal y quien de acuerdo con Galdino Nava, ser\u00eda la dirigente interina.<\/p>\n\n\n\n<p>El senador Salgado Macedonio public\u00f3 la fotograf\u00eda con un texto: \u201cTenemos el primero de junio la elecci\u00f3n judicial y es en estos momentos de que requerimos la unidad\u201d.<\/p>\n\n\n\n<p>Luego cierra: \u201cAvalamos los acuerdos del Consejo Nacional de MORENA y ratificamos nuestra lealtad\u201d.<\/p>\n\n\n\n<p>Este lunes por la tarde se ha convocado a retomar la sesi\u00f3n del Consejo Estatal, sin que se tome como hecho la destituci\u00f3n del dirigente estatal del partido impulsada por 46 consejeros.<\/p>\n","protected":false},"excerpt":{"rendered":"<p>&#8212; Retoma fotograf\u00eda en la que aparece Jacinto Gonz\u00e1lez Varona como presidenta del Comit\u00e9 Estatal Rogelio Agust\u00edn Con la fotograf\u00eda en la que el dirigente estatal, Jacinto Gonz\u00e1lez Varona aparece&hellip; <\/p>\n","protected":false},"author":21,"featured_media":91077,"comment_status":"open","ping_status":"open","sticky":false,"template":"","format":"standard","meta":{"fifu_image_url":"","fifu_image_alt":"","footnotes":""},"categories":[18],"tags":[],"class_list":["post-91076","post","type-post","status-publish","format-standard","has-post-thumbnail","hentry","category-partidos-politicos"],"_links":{"self":[{"href":"https:\/\/www.interaccionnoticias.com.mx\/index.php?rest_route=\/wp\/v2\/posts\/91076","targetHints":{"allow":["GET"]}}],"collection":[{"href":"https:\/\/www.interaccionnoticias.com.mx\/index.php?rest_route=\/wp\/v2\/posts"}],"about":[{"href":"https:\/\/www.interaccionnoticias.com.mx\/index.php?rest_route=\/wp\/v2\/types\/post"}],"author":[{"embeddable":true,"href":"https:\/\/www.interaccionnoticias.com.mx\/index.php?rest_route=\/wp\/v2\/users\/21"}],"replies":[{"embeddable":true,"href":"https:\/\/www.interaccionnoticias.com.mx\/index.php?rest_route=%2Fwp%2Fv2%2Fcomments&post=91076"}],"version-history":[{"count":1,"href":"https:\/\/www.interaccionnoticias.com.mx\/index.php?rest_route=\/wp\/v2\/posts\/91076\/revisions"}],"predecessor-version":[{"id":91078,"href":"https:\/\/www.interaccionnoticias.com.mx\/index.php?rest_route=\/wp\/v2\/posts\/91076\/revisions\/91078"}],"wp:featuredmedia":[{"embeddable":true,"href":"https:\/\/www.interaccionnoticias.com.mx\/index.php?rest_route=\/wp\/v2\/media\/91077"}],"wp:attachment":[{"href":"https:\/\/www.interaccionnoticias.com.mx\/index.php?rest_route=%2Fwp%2Fv2%2Fmedia&parent=91076"}],"wp:term":[{"taxonomy":"category","embeddable":true,"href":"https:\/\/www.interaccionnoticias.com.mx\/index.php?rest_route=%2Fwp%2Fv2%2Fcategories&post=91076"},{"taxonomy":"post_tag","embeddable":true,"href":"https:\/\/www.interaccionnoticias.com.mx\/index.php?rest_route=%2Fwp%2Fv2%2Ftags&post=91076"}],"curies":[{"name":"wp","href":"https:\/\/api.w.org\/{rel}","templated":true}]}}