{"id":91048,"date":"2025-05-18T18:01:50","date_gmt":"2025-05-19T00:01:50","guid":{"rendered":"https:\/\/www.interaccionnoticias.com.mx\/?p=91048"},"modified":"2025-05-18T18:01:51","modified_gmt":"2025-05-19T00:01:51","slug":"yo-soy-el-dirigente-de-morena-en-guerrero-ataja-jacinto-gonzalez-varona","status":"publish","type":"post","link":"https:\/\/www.interaccionnoticias.com.mx\/?p=91048","title":{"rendered":"\u00abYo soy el dirigente de MORENA en Guerrero\u00bb, ataja Jacinto Gonz\u00e1lez Varona"},"content":{"rendered":"\n<p><em><strong>&#8212; La supuesta destituci\u00f3n, se\u00f1ala que se aprob\u00f3 con solo 25 consejeros que sesionaron sin quorum<br>&#8212; Existe una ruta estatutaria para mover al presidente del Comit\u00e9 Estatal, la cual no se sigui\u00f3, asegura<br>&#8212; Dice que Galdino Nava no le perdona que le haya ganado la elecci\u00f3n para el cargo y que por eso \u00abse deja llevar\u00bb<br>&#8212; Hay \u00abmetiches con iniciativa\u00bb tratando de desestabilizar al partido<\/strong><\/em><\/p>\n\n\n\n<p><strong>Rogelio Agust\u00edn\/ Jes\u00fas Dorantes<\/strong><\/p>\n\n\n\n<p>El diputado local con licencia, Jacinto Gonz\u00e1lez Varona rechaz\u00f3 que sea valida su destituci\u00f3n como presidente del Comit\u00e9 Estatal de MORENA-Guerrero, pues sostiene que no hubo qu\u00f3rum legal para validar el acuerdo y sobre todo, constituye \u00abuna pifia legal\u00bb porque no cumple con el procedimiento legal que se debe seguir para concretar un movimiento de esa dimensi\u00f3n.<\/p>\n\n\n\n<p>En las instalaciones del Comit\u00e9 Estatal del partido, Gonz\u00e1lez Varona sostuvo un encuentro con los medios de comunicaci\u00f3n para aseverar: \u00abYo soy el dirigente estatal de MORENA\u00bb.<\/p>\n\n\n\n<p>Explic\u00f3 que la sesion del Consejo Estatal de este domingo no se instal\u00f3 formalmente, :ya que un consejero intent\u00f3 instalar de manera ilegal un punto\u00bb, que consist\u00eda en la separaci\u00f3n del cargo del presidente de la dirigencia estatal.<\/p>\n\n\n\n<p>Aclar\u00f3 que en MORENA no est\u00e1n acostumbrados \u00aba la confrontaci\u00f3n ni a los albazos\u00bb<\/p>\n\n\n\n<p>Record\u00f3 que para acordar una orden del d\u00eda, en el art\u00edculo 13 del estatuto se establece que se debe notificar el contenido con 7 d\u00edas de anticipaci\u00f3n, lo que no sucedi\u00f3.<\/p>\n\n\n\n<p>Dijo que al percatarse de que hab\u00eda un intent\u00f3 de dar un albazo en el encuentro, lo que se decidi\u00f3 fue pedir un receso para revisar el punto adicional pero ya no se regres\u00f3 a reinstalar.<\/p>\n\n\n\n<p>Lo que se trabaj\u00f3 despu\u00e9s, dijo que fue sin qu\u00f3rum y en consecuencia, \u00absin validez\u00bb.<\/p>\n\n\n\n<p>Insisti\u00f3 en que solamente votaron por la destituci\u00f3n 25 personas, \u00abcuando se requer\u00edan 73 para alcanzar las dos terceras partes del Consejo Estatal\u00bb.<\/p>\n\n\n\n<p>Indic\u00f3: \u00abNing\u00fan acto del Consejo Estatal se puede cerrar porq esta en sesi\u00f3n permanente, en consecuencia nada est\u00e1 consumado\u00bb.<\/p>\n\n\n\n<p>Nosotros tenemos una visi\u00f3n muy clara<\/p>\n\n\n\n<p>Explic\u00f3 que destituir a un dirigente estatal, en MORENA se necesita de un dictamen debidamente aprobado por la Comisi\u00f3n de Honestidad y Justicia del Comit\u00e9 Ejecutivo Nacional (CEN).<\/p>\n\n\n\n<p>Ese dictamen debe estar sustentado en el an\u00e1lisis que derive de una queja presentada por un militante inconforme con las actitudes o decisiones del presidente.<\/p>\n\n\n\n<p>Luego, ese dictamen debe ser avalado por las dos terceras partes de los integrantes del Consejo, a convocatoria expresa, por lo que insisti\u00f3 en que en este caso llegaron 76 consejeros, se retiraron 35 y ya no volvieron\u00bb.<\/p>\n\n\n\n<p>En consecuencia, la destituci\u00f3n declarada por el Consejero Galdino Nava D\u00edas, de acuerdo con el dirigente no tiene validez legal.<\/p>\n\n\n\n<p>Por eso asumi\u00f3: \u00abYo soy el dirigente estatal de MORENA\u00bb<\/p>\n\n\n\n<p>Y para despejar dudas asever\u00f3: \u00abHay Jacinto para rato\u00bb<\/p>\n\n\n\n<p>Reconoci\u00f3 que s\u00ed hubo un momento de confusi\u00f3n pero lo atribuy\u00f3 a \u00abciertos metiches con iniciativa\u00bb.<\/p>\n\n\n\n<p>Adem\u00e1s, dijo que Galdino Nava, su principal oponente no le ha podido perdonar el que la haya ganado elecci\u00f3n de dirigente estatal\u00bb.<\/p>\n\n\n\n<p>Insisti\u00f3 en que el Consejo Estatal no ha cerrado sesi\u00f3n, que no hay nada consumado y que en consecuencia, lo que se vot\u00f3 este domingo se hizo sin quorum y sin validez legal, porque no se recorri\u00f3 la ruta jur\u00eddica que se tiene en el estatuto para separar a un presidente estatal en MORENA.<\/p>\n\n\n\n<p>\u00abHay Jacinto para rato\u00bb, Insisti\u00f3.<\/p>\n\n\n\n<p>El Consejo Estatal no ha cerrado sesi\u00f3n<\/p>\n\n\n\n<p>Hay mwtiches con iniciativa<\/p>\n","protected":false},"excerpt":{"rendered":"<p>&#8212; La supuesta destituci\u00f3n, se\u00f1ala que se aprob\u00f3 con solo 25 consejeros que sesionaron sin quorum&#8212; Existe una ruta estatutaria para mover al presidente del Comit\u00e9 Estatal, la cual no&hellip; <\/p>\n","protected":false},"author":19,"featured_media":91049,"comment_status":"open","ping_status":"open","sticky":false,"template":"","format":"standard","meta":{"fifu_image_url":"","fifu_image_alt":"","footnotes":""},"categories":[18],"tags":[],"class_list":["post-91048","post","type-post","status-publish","format-standard","has-post-thumbnail","hentry","category-partidos-politicos"],"_links":{"self":[{"href":"https:\/\/www.interaccionnoticias.com.mx\/index.php?rest_route=\/wp\/v2\/posts\/91048","targetHints":{"allow":["GET"]}}],"collection":[{"href":"https:\/\/www.interaccionnoticias.com.mx\/index.php?rest_route=\/wp\/v2\/posts"}],"about":[{"href":"https:\/\/www.interaccionnoticias.com.mx\/index.php?rest_route=\/wp\/v2\/types\/post"}],"author":[{"embeddable":true,"href":"https:\/\/www.interaccionnoticias.com.mx\/index.php?rest_route=\/wp\/v2\/users\/19"}],"replies":[{"embeddable":true,"href":"https:\/\/www.interaccionnoticias.com.mx\/index.php?rest_route=%2Fwp%2Fv2%2Fcomments&post=91048"}],"version-history":[{"count":1,"href":"https:\/\/www.interaccionnoticias.com.mx\/index.php?rest_route=\/wp\/v2\/posts\/91048\/revisions"}],"predecessor-version":[{"id":91050,"href":"https:\/\/www.interaccionnoticias.com.mx\/index.php?rest_route=\/wp\/v2\/posts\/91048\/revisions\/91050"}],"wp:featuredmedia":[{"embeddable":true,"href":"https:\/\/www.interaccionnoticias.com.mx\/index.php?rest_route=\/wp\/v2\/media\/91049"}],"wp:attachment":[{"href":"https:\/\/www.interaccionnoticias.com.mx\/index.php?rest_route=%2Fwp%2Fv2%2Fmedia&parent=91048"}],"wp:term":[{"taxonomy":"category","embeddable":true,"href":"https:\/\/www.interaccionnoticias.com.mx\/index.php?rest_route=%2Fwp%2Fv2%2Fcategories&post=91048"},{"taxonomy":"post_tag","embeddable":true,"href":"https:\/\/www.interaccionnoticias.com.mx\/index.php?rest_route=%2Fwp%2Fv2%2Ftags&post=91048"}],"curies":[{"name":"wp","href":"https:\/\/api.w.org\/{rel}","templated":true}]}}