{"id":91045,"date":"2025-05-18T16:59:37","date_gmt":"2025-05-18T22:59:37","guid":{"rendered":"https:\/\/www.interaccionnoticias.com.mx\/?p=91045"},"modified":"2025-05-18T16:59:38","modified_gmt":"2025-05-18T22:59:38","slug":"confirman-la-destitucion-de-jacinto-gonzalez-varona-como-dirigente-estatal-de-morena-guerrero","status":"publish","type":"post","link":"https:\/\/www.interaccionnoticias.com.mx\/?p=91045","title":{"rendered":"Confirman la destituci\u00f3n de Jacinto Gonz\u00e1lez Varona como dirigente estatal de MORENA-Guerrero"},"content":{"rendered":"\n<p><strong><em>&#8212; Con el voto de 57 consejeros estatales<br>&#8212; Por su aspiraci\u00f3n a la gubernatura ya no era factor de unidad, se\u00f1ala Galdino Nava D\u00edaz<br>&#8212; Tambi\u00e9n por el uso de escoltas y camioneta blindada, lo que prohibi\u00f3 el Consejo Nacional<\/em><\/strong><\/p>\n\n\n\n<p><strong>Rogelio Agust\u00edn \/ Jes\u00fas Dorantes<\/strong><\/p>\n\n\n\n<p>El consejero estatal Galdino Nava D\u00edaz confirm\u00f3 la destituci\u00f3n de Jacinto Gonz\u00e1lez Varona como presidente del Comit\u00e9 Estatal de MORENA, quedando como dirigente provisional Yesenia Salgado Xinol, actual Secretar\u00eda General.<\/p>\n\n\n\n<p>De acuerdo con Nava D\u00edaz, fueron 57 los consejeros qu\u00e9 votaron en contra de Gonz\u00e1lez Varona, de los 79 que actualmente forman parte del m\u00e1ximo \u00f3rgano de gobierno partidista.<\/p>\n\n\n\n<p>El ex dirigente de la Federaci\u00f3n Estudiantil Universitaria Guerrerense (FEUG) sostuvo que la decisi\u00f3n se tom\u00f3 entre otras cosas, por la aspiraci\u00f3n de Gonz\u00e1lez de ser candidato a gobernador de MORENA en los comicios gubernamentales de 2027.<\/p>\n\n\n\n<p>\u00abAl dar a conocer esa aspiraci\u00f3n, \u00e9l ya no es un factor de unidad, es un actor m\u00e1s de la contienda interna y por lo tanto, la destituci\u00f3n era algo ya inminente\u00bb, dijo Nava D\u00edaz.<\/p>\n\n\n\n<p>Como prueba de ello, dijo que se argumentaron las numerosas bardas con pintas que contienen la leyenda \u00abEs Jacinto\u00bb, que se pueden observar en diferentes puntos de la entidad, aunque el hasta hoy l\u00edder se ha negado de dicha campa\u00f1a.<\/p>\n\n\n\n<p>Tambi\u00e9n se\u00f1al\u00f3 que se hicieron valer los lineamientos de \u00e9tica aprobados en el Consejo Nacional del partido, donde se indica que ning\u00fan dirigente o representante popular debe contar con escoltas o desplazarse a bordo de camionetas blindadas.<\/p>\n\n\n\n<p>Gonz\u00e1lez Varona reconoci\u00f3 en su momento que \u00e9l utilizaba una escolta y lo acompa\u00f1anan unidades de la Guardia Nacional (GN), pero aclar\u00f3 que era una medida necesaria porque estaba amenazado por grupos f\u00e1cticos, ya que no hab\u00eda cedido a las presiones qu\u00e9 ejercieron en su contra para que les cediera candidaturas.<\/p>\n\n\n\n<p>Nava confirm\u00f3 que de manera provisional queda al frente de la dirigencia Yeseni Salgado Xinol y que \u00e9l pr\u00f3ximo domingo volver\u00e1n a sesionar para decidir quien quedar\u00e1 en el cargo de manera definitiva.<\/p>\n\n\n\n<p>Desestim\u00f3 la posibilidad de que haya una nueva confrontaci\u00f3n entre los equipos, ya que sostuvo que el \u00fanico factor de discordia que exist\u00eda por el momento, era tener un dirigente que utilizaba al comit\u00e9 estatal para promover su aspiraci\u00f3n a la gubernatura.<\/p>\n","protected":false},"excerpt":{"rendered":"<p>&#8212; Con el voto de 57 consejeros estatales&#8212; Por su aspiraci\u00f3n a la gubernatura ya no era factor de unidad, se\u00f1ala Galdino Nava D\u00edaz&#8212; Tambi\u00e9n por el uso de escoltas&hellip; <\/p>\n","protected":false},"author":19,"featured_media":91046,"comment_status":"open","ping_status":"open","sticky":false,"template":"","format":"standard","meta":{"fifu_image_url":"","fifu_image_alt":"","footnotes":""},"categories":[18],"tags":[],"class_list":["post-91045","post","type-post","status-publish","format-standard","has-post-thumbnail","hentry","category-partidos-politicos"],"_links":{"self":[{"href":"https:\/\/www.interaccionnoticias.com.mx\/index.php?rest_route=\/wp\/v2\/posts\/91045","targetHints":{"allow":["GET"]}}],"collection":[{"href":"https:\/\/www.interaccionnoticias.com.mx\/index.php?rest_route=\/wp\/v2\/posts"}],"about":[{"href":"https:\/\/www.interaccionnoticias.com.mx\/index.php?rest_route=\/wp\/v2\/types\/post"}],"author":[{"embeddable":true,"href":"https:\/\/www.interaccionnoticias.com.mx\/index.php?rest_route=\/wp\/v2\/users\/19"}],"replies":[{"embeddable":true,"href":"https:\/\/www.interaccionnoticias.com.mx\/index.php?rest_route=%2Fwp%2Fv2%2Fcomments&post=91045"}],"version-history":[{"count":1,"href":"https:\/\/www.interaccionnoticias.com.mx\/index.php?rest_route=\/wp\/v2\/posts\/91045\/revisions"}],"predecessor-version":[{"id":91047,"href":"https:\/\/www.interaccionnoticias.com.mx\/index.php?rest_route=\/wp\/v2\/posts\/91045\/revisions\/91047"}],"wp:featuredmedia":[{"embeddable":true,"href":"https:\/\/www.interaccionnoticias.com.mx\/index.php?rest_route=\/wp\/v2\/media\/91046"}],"wp:attachment":[{"href":"https:\/\/www.interaccionnoticias.com.mx\/index.php?rest_route=%2Fwp%2Fv2%2Fmedia&parent=91045"}],"wp:term":[{"taxonomy":"category","embeddable":true,"href":"https:\/\/www.interaccionnoticias.com.mx\/index.php?rest_route=%2Fwp%2Fv2%2Fcategories&post=91045"},{"taxonomy":"post_tag","embeddable":true,"href":"https:\/\/www.interaccionnoticias.com.mx\/index.php?rest_route=%2Fwp%2Fv2%2Ftags&post=91045"}],"curies":[{"name":"wp","href":"https:\/\/api.w.org\/{rel}","templated":true}]}}