{"id":90971,"date":"2025-05-14T19:10:00","date_gmt":"2025-05-15T01:10:00","guid":{"rendered":"https:\/\/www.interaccionnoticias.com.mx\/?p=90971"},"modified":"2025-05-14T22:41:36","modified_gmt":"2025-05-15T04:41:36","slug":"lambertina-galena-no-ordeno-la-destruccion-de-videos-del-caso-ayotzinapa-sin-el-aval-de-angel-aguirre-dice-dirigente-social","status":"publish","type":"post","link":"https:\/\/www.interaccionnoticias.com.mx\/?p=90971","title":{"rendered":"Lambertina Galena no orden\u00f3 la destrucci\u00f3n de videos del caso Ayotzinapa sin el aval de \u00c1ngel Aguirre, dice dirigente social"},"content":{"rendered":"\n<p><strong><em>&#8212; Efr\u00e9n Cort\u00e9s, sobreviviente de la masacre de El Charco y ex integrante del ERPI, grupo guerrillero que oper\u00f3 en la d\u00e9cada de los 90s<\/em><\/strong><\/p>\n\n\n\n<p><strong>Rogelio Agust\u00edn<\/strong><\/p>\n\n\n\n<p>El sobreviviente de la masacre de El Charco, Efr\u00e9n Cort\u00e9s Ch\u00e1vez sostuvo que la ex presidenta del Poder Judicial de Guerrero, Lambertina Galeana Mar\u00edn no pudo ordenar la destrucci\u00f3n de los videos captados en el Palacio de Justicia de Iguala, la noche del 26 de septiembre de 2014 sin la anuencia del entonces gobernador, \u00c1ngel Aguirre Rivero.<\/p>\n\n\n\n<p>La tarde del mi\u00e9rcoles 14 de mayo, el tambi\u00e9n ex integrante del Ej\u00e9rcito Revolucionario del Pueblo Insurgente (ERPI), coloc\u00f3 en sus redes sociales una publicaci\u00f3n acompa\u00f1ada de la fotograf\u00eda de la magistrada en retiro.<\/p>\n\n\n\n<p>Asegur\u00f3: \u201cLa detenci\u00f3n de Lambertina Galeana, quien fuera presidenta del Tribunal Superior de Justicia del estado de Guerrero, demuestra que fue el Estado quien cometi\u00f3 la desaparici\u00f3n de los 43 estudiantes de la Normal Rural de Ayotzinapa\u201d.<\/p>\n\n\n\n<p>Agreg\u00f3: \u201cPor eso destruyeron los videos de pruebas\u201d, en relaci\u00f3n a las im\u00e1genes que fueron captadas por las c\u00e1maras del Palacio de Justicia de Iguala, ubicadas sobre la salida sur de la ciudad.<\/p>\n\n\n\n<p>Luego plante\u00f3 una acusaci\u00f3n: \u201cEsta acci\u00f3n no se podr\u00eda dar sin la anuencia del (entonces) gobernador \u00c1ngel Aguirre Rivero y del presidente Enrique Pe\u00f1a Nieto\u201d.<\/p>\n\n\n\n<p>Horas antes, el profesor Felipe de la Cruz Sandoval, quien fuera el primer vocero oficial del colectivo \u201cNos Faltan 43\u201d, hab\u00eda se\u00f1alado que dicha acci\u00f3n realizada por la Fiscal\u00eda General de la Rep\u00fablica (FGR) reaviva la posibilidad de que se llegue a la verdad de los hechos, pues es importante saber qui\u00e9n dio la orden de destruir dichas evidencias y la identidad de los responsables al m\u00e1s alto nivel.<\/p>\n\n\n\n<p>Efr\u00e9n Cort\u00e9s es un sobreviviente de la masacre de 11 ind\u00edgenas Mixtecos en El Charco, municipio de Ayutla, el 7 de junio de 1997, fue preso pol\u00edtico y recientemente ha reconocido que form\u00f3 parte del ERPI, grupo guerrillero que oper\u00f3 en Guerrero a finales de la d\u00e9cada de los 90s.<\/p>\n","protected":false},"excerpt":{"rendered":"<p>&#8212; Efr\u00e9n Cort\u00e9s, sobreviviente de la masacre de El Charco y ex integrante del ERPI, grupo guerrillero que oper\u00f3 en la d\u00e9cada de los 90s Rogelio Agust\u00edn El sobreviviente de&hellip; <\/p>\n","protected":false},"author":21,"featured_media":90972,"comment_status":"open","ping_status":"open","sticky":false,"template":"","format":"standard","meta":{"fifu_image_url":"","fifu_image_alt":"","footnotes":""},"categories":[11],"tags":[],"class_list":["post-90971","post","type-post","status-publish","format-standard","has-post-thumbnail","hentry","category-guerrero"],"_links":{"self":[{"href":"https:\/\/www.interaccionnoticias.com.mx\/index.php?rest_route=\/wp\/v2\/posts\/90971","targetHints":{"allow":["GET"]}}],"collection":[{"href":"https:\/\/www.interaccionnoticias.com.mx\/index.php?rest_route=\/wp\/v2\/posts"}],"about":[{"href":"https:\/\/www.interaccionnoticias.com.mx\/index.php?rest_route=\/wp\/v2\/types\/post"}],"author":[{"embeddable":true,"href":"https:\/\/www.interaccionnoticias.com.mx\/index.php?rest_route=\/wp\/v2\/users\/21"}],"replies":[{"embeddable":true,"href":"https:\/\/www.interaccionnoticias.com.mx\/index.php?rest_route=%2Fwp%2Fv2%2Fcomments&post=90971"}],"version-history":[{"count":1,"href":"https:\/\/www.interaccionnoticias.com.mx\/index.php?rest_route=\/wp\/v2\/posts\/90971\/revisions"}],"predecessor-version":[{"id":90973,"href":"https:\/\/www.interaccionnoticias.com.mx\/index.php?rest_route=\/wp\/v2\/posts\/90971\/revisions\/90973"}],"wp:featuredmedia":[{"embeddable":true,"href":"https:\/\/www.interaccionnoticias.com.mx\/index.php?rest_route=\/wp\/v2\/media\/90972"}],"wp:attachment":[{"href":"https:\/\/www.interaccionnoticias.com.mx\/index.php?rest_route=%2Fwp%2Fv2%2Fmedia&parent=90971"}],"wp:term":[{"taxonomy":"category","embeddable":true,"href":"https:\/\/www.interaccionnoticias.com.mx\/index.php?rest_route=%2Fwp%2Fv2%2Fcategories&post=90971"},{"taxonomy":"post_tag","embeddable":true,"href":"https:\/\/www.interaccionnoticias.com.mx\/index.php?rest_route=%2Fwp%2Fv2%2Ftags&post=90971"}],"curies":[{"name":"wp","href":"https:\/\/api.w.org\/{rel}","templated":true}]}}