{"id":90967,"date":"2025-05-14T18:34:00","date_gmt":"2025-05-15T00:34:00","guid":{"rendered":"https:\/\/www.interaccionnoticias.com.mx\/?p=90967"},"modified":"2025-05-14T22:32:48","modified_gmt":"2025-05-15T04:32:48","slug":"un-normalista-sobreviviente-de-los-hechos-violentos-de-ayotzinapa-murio-en-el-estado-de-mexico","status":"publish","type":"post","link":"https:\/\/www.interaccionnoticias.com.mx\/?p=90967","title":{"rendered":"Un normalista sobreviviente de los hechos violentos de Ayotzinapa muri\u00f3 en el Estado de M\u00e9xico"},"content":{"rendered":"\n<p><strong><em>&#8212; El Colectivo Nacional de Sobrevivientes del Caso Ayotzinapa confirm\u00f3 el deceso y recrimin\u00f3 que la v\u00edctima no tuvo apoyo de la Comisi\u00f3n Ejecutiva de Atenci\u00f3n a V\u00edctimas<\/em><\/strong><\/p>\n\n\n\n<p><strong>Rosario Garc\u00eda Orozco<\/strong><\/p>\n\n\n\n<p>Un sobreviviente de los hechos violentos contra normalistas de Ayotzinapa en septiembre del 2014, falleci\u00f3 en un hospital del Estado de M\u00e9xico.<\/p>\n\n\n\n<p>As\u00ed lo inform\u00f3 el Colectivo Nacional de Sobrevivientes del Caso Ayotzinapa, mediante un comunicado, en el que se menciona que el maestro normalista Jonathan Maldonado Hern\u00e1ndez, muri\u00f3 la semana pasada en Toluca.<\/p>\n\n\n\n<p>En el comunicado, que se envi\u00f3 a varios medios de comunicacion, el colectivo denunci\u00f3 que el sobreviviente de esos hechos violentos registrados la noche del 26 y la madrugada del 27 de septiembre del 2014 en Iguala, fue tambi\u00e9n v\u00edctima de abandono de parte de autoridades federales, y se\u00f1al\u00f3 que la Comisi\u00f3n Ejecutiva de Atenci\u00f3n a V\u00edctimas (CEAV) le neg\u00f3 ayuda psicol\u00f3gica y psiqui\u00e1trica a Jonathan Maldonado.<\/p>\n\n\n\n<p>El documento refiere que el normalista result\u00f3 herido en la tragedia de Iguala en la que desaparecieron 43 estudiantes, quien perdi\u00f3 varios dedos de la mano derecha a causa de un balazo, \u00abnunca tuvo ayuda m\u00e9dica ni de rehabilitaci\u00f3n adecuada, tras la p\u00e9rdida de los dedos de su mano derecha, y durante los \u00faltimos d\u00edas estuvo internado en un hospital particular, \u00abpues la ayuda en instituciones de salud p\u00fablica fue inexistente\u00bb.<\/p>\n\n\n\n<p>Se agrega que tras la muerte del maestro egresado de Ayotzinapa, el Gobierno de M\u00e9xico se comprometi\u00f3 a apoyar a los familiares con los gastos funerarios, \u00abcosa que hasta la redacci\u00f3n de este documento no ha ocurrido\u00bb.<\/p>\n\n\n\n<p>En el mismo texto se cuestiona al gobierno mexicano, \u00ab\u00bfes as\u00ed como M\u00e9xico trata a sus v\u00edctimas de violaciones graves a los derechos humanos?, \u00bfEse es un trato digno para los familiares de quienes cargan en sus hombros la complejidad de un caso que no ve la luz desde hace m\u00e1s de 10 a\u00f1os? , \u00bfEso se merecen los sobrevivientes de Ayotzinapa que han contribuido desde la lucha social a la construcci\u00f3n de un M\u00e9xico m\u00e1s justo y m\u00e1s humano? , \u00bfQu\u00e9 tienen que hacer los sobrevivientes de Ayotzinapa? , \u00bfSeguir muriendo? \u00ab.<\/p>\n\n\n\n<p>El colectivo reproch\u00f3 que Jonathan Maldonado \u201cmuri\u00f3 en el completo abandono por parte de las autoridades encargadas de dar seguimiento al caso, sumido en la desesperanza, luchando contra la depresi\u00f3n y ansiedad durante muchos a\u00f1os\u201d.<\/p>\n\n\n\n<p>En la parte final del comunicado, el colectivo menciona que se dio a conocer la muerte de J\u00f3nathan Maldonado hasta ahora por respeto al dolor de su familia y a su coraje y tenacidad para hacer frente a la adveresidad, y como una se\u00f1al de admiraci\u00f3n a quien \u00absiempre estuvo desaparecido para las autoridades e instituciones\u00bb.<\/p>\n\n\n\n<p>Se hace referencia a que el normalista tuvo una destacada participaci\u00f3n en la investigaci\u00f3n realizada por la Unidad Especial de Investigaciones del caso de la Fiscal\u00eda General de la Rep\u00fablica y de la Comisi\u00f3n Interamericana de Derechos Humanos.<\/p>\n\n\n\n<figure class=\"wp-block-gallery has-nested-images columns-default is-cropped wp-block-gallery-1 is-layout-flex wp-block-gallery-is-layout-flex\">\n<figure class=\"wp-block-image size-large\"><img decoding=\"async\" src=\"data:image\/gif;base64,R0lGODlhAQABAIAAAAAAAP\/\/\/ywAAAAAAQABAAACAUwAOw==\" fifu-lazy=\"1\" fifu-data-sizes=\"auto\" fifu-data-srcset=\"https:\/\/i0.wp.com\/www.interaccionnoticias.com.mx\/wp-content\/uploads\/2025\/05\/250514-normalista-sobreviviente-635x1024.jpg?ssl=1&w=75&resize=75&ssl=1 75w, https:\/\/i0.wp.com\/www.interaccionnoticias.com.mx\/wp-content\/uploads\/2025\/05\/250514-normalista-sobreviviente-635x1024.jpg?ssl=1&w=100&resize=100&ssl=1 100w, https:\/\/i0.wp.com\/www.interaccionnoticias.com.mx\/wp-content\/uploads\/2025\/05\/250514-normalista-sobreviviente-635x1024.jpg?ssl=1&w=150&resize=150&ssl=1 150w, https:\/\/i0.wp.com\/www.interaccionnoticias.com.mx\/wp-content\/uploads\/2025\/05\/250514-normalista-sobreviviente-635x1024.jpg?ssl=1&w=240&resize=240&ssl=1 240w, https:\/\/i0.wp.com\/www.interaccionnoticias.com.mx\/wp-content\/uploads\/2025\/05\/250514-normalista-sobreviviente-635x1024.jpg?ssl=1&w=320&resize=320&ssl=1 320w, https:\/\/i0.wp.com\/www.interaccionnoticias.com.mx\/wp-content\/uploads\/2025\/05\/250514-normalista-sobreviviente-635x1024.jpg?ssl=1&w=500&resize=500&ssl=1 500w, https:\/\/i0.wp.com\/www.interaccionnoticias.com.mx\/wp-content\/uploads\/2025\/05\/250514-normalista-sobreviviente-635x1024.jpg?ssl=1&w=640&resize=640&ssl=1 640w, https:\/\/i0.wp.com\/www.interaccionnoticias.com.mx\/wp-content\/uploads\/2025\/05\/250514-normalista-sobreviviente-635x1024.jpg?ssl=1&w=800&resize=800&ssl=1 800w, https:\/\/i0.wp.com\/www.interaccionnoticias.com.mx\/wp-content\/uploads\/2025\/05\/250514-normalista-sobreviviente-635x1024.jpg?ssl=1&w=1024&resize=1024&ssl=1 1024w, https:\/\/i0.wp.com\/www.interaccionnoticias.com.mx\/wp-content\/uploads\/2025\/05\/250514-normalista-sobreviviente-635x1024.jpg?ssl=1&w=1280&resize=1280&ssl=1 1280w, https:\/\/i0.wp.com\/www.interaccionnoticias.com.mx\/wp-content\/uploads\/2025\/05\/250514-normalista-sobreviviente-635x1024.jpg?ssl=1&w=1600&resize=1600&ssl=1 1600w\" data-id=\"90968\" fifu-data-src=\"https:\/\/i0.wp.com\/www.interaccionnoticias.com.mx\/wp-content\/uploads\/2025\/05\/250514-normalista-sobreviviente-635x1024.jpg?ssl=1\" alt=\"\" class=\"wp-image-90968\"\/><\/figure>\n<\/figure>\n","protected":false},"excerpt":{"rendered":"<p>&#8212; El Colectivo Nacional de Sobrevivientes del Caso Ayotzinapa confirm\u00f3 el deceso y recrimin\u00f3 que la v\u00edctima no tuvo apoyo de la Comisi\u00f3n Ejecutiva de Atenci\u00f3n a V\u00edctimas Rosario Garc\u00eda&hellip; <\/p>\n","protected":false},"author":14,"featured_media":90969,"comment_status":"open","ping_status":"open","sticky":false,"template":"","format":"standard","meta":{"fifu_image_url":"","fifu_image_alt":"","footnotes":""},"categories":[15],"tags":[],"class_list":["post-90967","post","type-post","status-publish","format-standard","has-post-thumbnail","hentry","category-movimientos-sociales"],"_links":{"self":[{"href":"https:\/\/www.interaccionnoticias.com.mx\/index.php?rest_route=\/wp\/v2\/posts\/90967","targetHints":{"allow":["GET"]}}],"collection":[{"href":"https:\/\/www.interaccionnoticias.com.mx\/index.php?rest_route=\/wp\/v2\/posts"}],"about":[{"href":"https:\/\/www.interaccionnoticias.com.mx\/index.php?rest_route=\/wp\/v2\/types\/post"}],"author":[{"embeddable":true,"href":"https:\/\/www.interaccionnoticias.com.mx\/index.php?rest_route=\/wp\/v2\/users\/14"}],"replies":[{"embeddable":true,"href":"https:\/\/www.interaccionnoticias.com.mx\/index.php?rest_route=%2Fwp%2Fv2%2Fcomments&post=90967"}],"version-history":[{"count":1,"href":"https:\/\/www.interaccionnoticias.com.mx\/index.php?rest_route=\/wp\/v2\/posts\/90967\/revisions"}],"predecessor-version":[{"id":90970,"href":"https:\/\/www.interaccionnoticias.com.mx\/index.php?rest_route=\/wp\/v2\/posts\/90967\/revisions\/90970"}],"wp:featuredmedia":[{"embeddable":true,"href":"https:\/\/www.interaccionnoticias.com.mx\/index.php?rest_route=\/wp\/v2\/media\/90969"}],"wp:attachment":[{"href":"https:\/\/www.interaccionnoticias.com.mx\/index.php?rest_route=%2Fwp%2Fv2%2Fmedia&parent=90967"}],"wp:term":[{"taxonomy":"category","embeddable":true,"href":"https:\/\/www.interaccionnoticias.com.mx\/index.php?rest_route=%2Fwp%2Fv2%2Fcategories&post=90967"},{"taxonomy":"post_tag","embeddable":true,"href":"https:\/\/www.interaccionnoticias.com.mx\/index.php?rest_route=%2Fwp%2Fv2%2Ftags&post=90967"}],"curies":[{"name":"wp","href":"https:\/\/api.w.org\/{rel}","templated":true}]}}