{"id":9090,"date":"2017-10-09T22:22:54","date_gmt":"2017-10-10T03:22:54","guid":{"rendered":"http:\/\/www.inter-accion.com.mx\/?p=9090"},"modified":"2017-10-09T22:22:54","modified_gmt":"2017-10-10T03:22:54","slug":"27-municipios-de-guerrero-recibiran-recursos-del-fonden-tras-el-paso-de-huracanes-y-sismo","status":"publish","type":"post","link":"https:\/\/www.interaccionnoticias.com.mx\/?p=9090","title":{"rendered":"27 MUNICIPIOS DE GUERRERO RECIBIR\u00c1N RECURSOS DEL FONDEN TRAS EL PASO DE HURACANES Y SISMO."},"content":{"rendered":"<p>Chilpancingo de los Bravo, Gro., 09 de octubre de 2017.- En representaci\u00f3n del Gobernador del Estado, H\u00e9ctor Astudillo Flores, el Secretario General de Gobierno, Florencio Salazar Adame y la Directora General para la Gesti\u00f3n de Riesgos del Fondo de Desastres Naturales (FONDEN), Jeannette Mois\u00e9s Ram\u00edrez, presidieron, a trav\u00e9s de una video conferencia, la instalaci\u00f3n del Comit\u00e9 de Evaluaci\u00f3n de Da\u00f1os (CED) en los 27 municipios que se vieron afectados los pasados 13,14 y 19 de septiembre del presente a\u00f1o por la lluvia severa e inundaci\u00f3n pluvial y el sismo del 19.<br \/>\nEl Secretario de Desarrollo Urbano, Obras P\u00fablicas y Ordenamiento Territorial, Rafael Navarrete, fue el encargado de rendir el informe detallado de los da\u00f1os, ante la Direcci\u00f3n General para la Gesti\u00f3n de Riesgos donde mencion\u00f3 que fueron 27 los municipios del Estado m\u00e1s afectados por las tormentas y el sismo del 19 de septiembre.<br \/>\nMois\u00e9s Ram\u00edrez explic\u00f3 que, en un ejercicio de coordinaci\u00f3n, los subcomit\u00e9s que integran el CED que est\u00e1n conformados por funcionarios federales ser\u00e1n los encargados de presentar, en 07 d\u00edas h\u00e1biles, el diagn\u00f3stico de da\u00f1os y la cuantificaci\u00f3n de recursos correspondientes al sector de su competencia, en cada uno de los municipios corroborados.<br \/>\nEl Secretario General de Gobierno, agradeci\u00f3 la coordinaci\u00f3n interinstitucional entre Gobierno Federal y Estado para afrontar los fen\u00f3menos naturales.<br \/>\nSe atender\u00e1n al sector carretero, educativo, forestal y de viveros, hidr\u00e1ulico, naval, pesquero y acu\u00edcola, salud, urbano y vivienda.<\/p>\n","protected":false},"excerpt":{"rendered":"<p>Chilpancingo de los Bravo, Gro., 09 de octubre de 2017.- En representaci\u00f3n del Gobernador del Estado, H\u00e9ctor Astudillo Flores, el Secretario General de Gobierno, Florencio Salazar Adame y la Directora&hellip; <\/p>\n","protected":false},"author":1,"featured_media":0,"comment_status":"closed","ping_status":"closed","sticky":false,"template":"","format":"standard","meta":{"fifu_image_url":"","fifu_image_alt":"","footnotes":""},"categories":[8,11],"tags":[],"class_list":["post-9090","post","type-post","status-publish","format-standard","hentry","category-featured","category-guerrero"],"_links":{"self":[{"href":"https:\/\/www.interaccionnoticias.com.mx\/index.php?rest_route=\/wp\/v2\/posts\/9090","targetHints":{"allow":["GET"]}}],"collection":[{"href":"https:\/\/www.interaccionnoticias.com.mx\/index.php?rest_route=\/wp\/v2\/posts"}],"about":[{"href":"https:\/\/www.interaccionnoticias.com.mx\/index.php?rest_route=\/wp\/v2\/types\/post"}],"author":[{"embeddable":true,"href":"https:\/\/www.interaccionnoticias.com.mx\/index.php?rest_route=\/wp\/v2\/users\/1"}],"replies":[{"embeddable":true,"href":"https:\/\/www.interaccionnoticias.com.mx\/index.php?rest_route=%2Fwp%2Fv2%2Fcomments&post=9090"}],"version-history":[{"count":0,"href":"https:\/\/www.interaccionnoticias.com.mx\/index.php?rest_route=\/wp\/v2\/posts\/9090\/revisions"}],"wp:attachment":[{"href":"https:\/\/www.interaccionnoticias.com.mx\/index.php?rest_route=%2Fwp%2Fv2%2Fmedia&parent=9090"}],"wp:term":[{"taxonomy":"category","embeddable":true,"href":"https:\/\/www.interaccionnoticias.com.mx\/index.php?rest_route=%2Fwp%2Fv2%2Fcategories&post=9090"},{"taxonomy":"post_tag","embeddable":true,"href":"https:\/\/www.interaccionnoticias.com.mx\/index.php?rest_route=%2Fwp%2Fv2%2Ftags&post=9090"}],"curies":[{"name":"wp","href":"https:\/\/api.w.org\/{rel}","templated":true}]}}