{"id":90887,"date":"2025-05-13T15:25:00","date_gmt":"2025-05-13T21:25:00","guid":{"rendered":"https:\/\/www.interaccionnoticias.com.mx\/?p=90887"},"modified":"2025-05-13T16:39:37","modified_gmt":"2025-05-13T22:39:37","slug":"en-la-primera-onda-de-calor-hasta-40-grados","status":"publish","type":"post","link":"https:\/\/www.interaccionnoticias.com.mx\/?p=90887","title":{"rendered":"En la primera onda de calor hasta 40 grados"},"content":{"rendered":"\n<p><strong><em>&#8212; Se agudiza la temperatura en la Tierra Caliente<br>&#8212; En Acapulco, el term\u00f3metro 30 a 35 grados<\/em><\/strong><\/p>\n\n\n\n<p><strong>Javier Trujillo<\/strong><\/p>\n\n\n\n<p><strong>Acapulco, Gro.- <\/strong>Con temperaturas de 40 hasta 45 grados se presentar\u00e1n en las diferentes regiones de la entidad por la llegada de la primera onda de calor, alertaron autoridades de Protecci\u00f3n Civil de Guerrero.<\/p>\n\n\n\n<p>De acuerdo con lo informado por el Sistema Meteorol\u00f3gico Nacional est\u00e1 primera onda de calor se produce debido a una circulaci\u00f3n anticicl\u00f3nica en niveles medios de la atm\u00f3sfera y al bajo contenido de humedad.<\/p>\n\n\n\n<p>A partir del 13 mayo se podr\u00e1 sentir un ambiente m\u00e1s caluroso en las ocho regiones del estado de Guerrero, por lo que las autoridades estatales han hecho las observaciones y recomendaciones a la poblaci\u00f3n para evitar golpes de calor.<\/p>\n\n\n\n<p>De acuerdo con reportes de la Secretar\u00eda de Gesti\u00f3n Integral de Riesgos y Protecci\u00f3n Civil (SGIRyPC) de Guerrero, revel\u00f3 que en la regi\u00f3n de la Tierra Caliente se reportan las temperaturas m\u00e1s altas en todo en el estado.<\/p>\n\n\n\n<p>Se detalla que en gran parte de los municipios de esa regi\u00f3n las temperaturas han superado los 45 grados.<\/p>\n\n\n\n<p>En el puerto de Acapulco las temperaturas m\u00e1ximas se encuentran entre los 35 y los 30 grados, aunque se presenta una sensaci\u00f3n t\u00e9rmica de hasta 37 grados, de acuerdo con la misma dependencia.<\/p>\n\n\n\n<p>En la franja costera gran parte de las habitantes salen con sombreros y sombrillas para ocultarse de los rayos del sol, mientras que otros han buscado espacios de sombra para evitar su exposici\u00f3n al calor.<\/p>\n\n\n\n<p>Las aguas de sabor y raspados se han convertido en el alivio para muchas personas que caminan de forma diaria por la Costera y por otras partes de Acapulco al igual que los vendedores de agua embotellada.<\/p>\n\n\n\n<p>Entre las recomendaciones que han hecho las autoridades se encuentra la de ingerir l\u00edquidos para hidratarse en forma constante, as\u00ed como usar ropa ligera, evitar una exposici\u00f3n directa al sol.<\/p>\n\n\n\n<p>Las altas temperaturas prevalecer\u00e1n a lo largo de est\u00e1 semana por lo que se ha reiterado el llamado a la poblaci\u00f3n a mantenerse informados sobre el comportamiento de est\u00e1 primera onda de calor.<\/p>\n\n\n\n<figure class=\"wp-block-gallery has-nested-images columns-default is-cropped wp-block-gallery-1 is-layout-flex wp-block-gallery-is-layout-flex\">\n<figure class=\"wp-block-image size-large\"><img decoding=\"async\" src=\"data:image\/gif;base64,R0lGODlhAQABAIAAAAAAAP\/\/\/ywAAAAAAQABAAACAUwAOw==\" fifu-lazy=\"1\" fifu-data-sizes=\"auto\" fifu-data-srcset=\"https:\/\/i2.wp.com\/www.interaccionnoticias.com.mx\/wp-content\/uploads\/2025\/05\/250513-onda-de-calor-3-1024x683.jpg?ssl=1&w=75&resize=75&ssl=1 75w, https:\/\/i2.wp.com\/www.interaccionnoticias.com.mx\/wp-content\/uploads\/2025\/05\/250513-onda-de-calor-3-1024x683.jpg?ssl=1&w=100&resize=100&ssl=1 100w, https:\/\/i2.wp.com\/www.interaccionnoticias.com.mx\/wp-content\/uploads\/2025\/05\/250513-onda-de-calor-3-1024x683.jpg?ssl=1&w=150&resize=150&ssl=1 150w, https:\/\/i2.wp.com\/www.interaccionnoticias.com.mx\/wp-content\/uploads\/2025\/05\/250513-onda-de-calor-3-1024x683.jpg?ssl=1&w=240&resize=240&ssl=1 240w, https:\/\/i2.wp.com\/www.interaccionnoticias.com.mx\/wp-content\/uploads\/2025\/05\/250513-onda-de-calor-3-1024x683.jpg?ssl=1&w=320&resize=320&ssl=1 320w, https:\/\/i2.wp.com\/www.interaccionnoticias.com.mx\/wp-content\/uploads\/2025\/05\/250513-onda-de-calor-3-1024x683.jpg?ssl=1&w=500&resize=500&ssl=1 500w, https:\/\/i2.wp.com\/www.interaccionnoticias.com.mx\/wp-content\/uploads\/2025\/05\/250513-onda-de-calor-3-1024x683.jpg?ssl=1&w=640&resize=640&ssl=1 640w, https:\/\/i2.wp.com\/www.interaccionnoticias.com.mx\/wp-content\/uploads\/2025\/05\/250513-onda-de-calor-3-1024x683.jpg?ssl=1&w=800&resize=800&ssl=1 800w, https:\/\/i2.wp.com\/www.interaccionnoticias.com.mx\/wp-content\/uploads\/2025\/05\/250513-onda-de-calor-3-1024x683.jpg?ssl=1&w=1024&resize=1024&ssl=1 1024w, https:\/\/i2.wp.com\/www.interaccionnoticias.com.mx\/wp-content\/uploads\/2025\/05\/250513-onda-de-calor-3-1024x683.jpg?ssl=1&w=1280&resize=1280&ssl=1 1280w, https:\/\/i2.wp.com\/www.interaccionnoticias.com.mx\/wp-content\/uploads\/2025\/05\/250513-onda-de-calor-3-1024x683.jpg?ssl=1&w=1600&resize=1600&ssl=1 1600w\" data-id=\"90888\" fifu-data-src=\"https:\/\/i2.wp.com\/www.interaccionnoticias.com.mx\/wp-content\/uploads\/2025\/05\/250513-onda-de-calor-3-1024x683.jpg?ssl=1\" alt=\"\" class=\"wp-image-90888\"\/><\/figure>\n\n\n\n<figure class=\"wp-block-image size-large\"><img decoding=\"async\" src=\"data:image\/gif;base64,R0lGODlhAQABAIAAAAAAAP\/\/\/ywAAAAAAQABAAACAUwAOw==\" fifu-lazy=\"1\" fifu-data-sizes=\"auto\" fifu-data-srcset=\"https:\/\/i3.wp.com\/www.interaccionnoticias.com.mx\/wp-content\/uploads\/2025\/05\/250513-onda-de-calor-1-1024x683.jpg?ssl=1&w=75&resize=75&ssl=1 75w, https:\/\/i3.wp.com\/www.interaccionnoticias.com.mx\/wp-content\/uploads\/2025\/05\/250513-onda-de-calor-1-1024x683.jpg?ssl=1&w=100&resize=100&ssl=1 100w, https:\/\/i3.wp.com\/www.interaccionnoticias.com.mx\/wp-content\/uploads\/2025\/05\/250513-onda-de-calor-1-1024x683.jpg?ssl=1&w=150&resize=150&ssl=1 150w, https:\/\/i3.wp.com\/www.interaccionnoticias.com.mx\/wp-content\/uploads\/2025\/05\/250513-onda-de-calor-1-1024x683.jpg?ssl=1&w=240&resize=240&ssl=1 240w, https:\/\/i3.wp.com\/www.interaccionnoticias.com.mx\/wp-content\/uploads\/2025\/05\/250513-onda-de-calor-1-1024x683.jpg?ssl=1&w=320&resize=320&ssl=1 320w, https:\/\/i3.wp.com\/www.interaccionnoticias.com.mx\/wp-content\/uploads\/2025\/05\/250513-onda-de-calor-1-1024x683.jpg?ssl=1&w=500&resize=500&ssl=1 500w, https:\/\/i3.wp.com\/www.interaccionnoticias.com.mx\/wp-content\/uploads\/2025\/05\/250513-onda-de-calor-1-1024x683.jpg?ssl=1&w=640&resize=640&ssl=1 640w, https:\/\/i3.wp.com\/www.interaccionnoticias.com.mx\/wp-content\/uploads\/2025\/05\/250513-onda-de-calor-1-1024x683.jpg?ssl=1&w=800&resize=800&ssl=1 800w, https:\/\/i3.wp.com\/www.interaccionnoticias.com.mx\/wp-content\/uploads\/2025\/05\/250513-onda-de-calor-1-1024x683.jpg?ssl=1&w=1024&resize=1024&ssl=1 1024w, https:\/\/i3.wp.com\/www.interaccionnoticias.com.mx\/wp-content\/uploads\/2025\/05\/250513-onda-de-calor-1-1024x683.jpg?ssl=1&w=1280&resize=1280&ssl=1 1280w, https:\/\/i3.wp.com\/www.interaccionnoticias.com.mx\/wp-content\/uploads\/2025\/05\/250513-onda-de-calor-1-1024x683.jpg?ssl=1&w=1600&resize=1600&ssl=1 1600w\" data-id=\"90890\" fifu-data-src=\"https:\/\/i3.wp.com\/www.interaccionnoticias.com.mx\/wp-content\/uploads\/2025\/05\/250513-onda-de-calor-1-1024x683.jpg?ssl=1\" alt=\"\" class=\"wp-image-90890\"\/><\/figure>\n\n\n\n<figure class=\"wp-block-image size-large\"><img decoding=\"async\" src=\"data:image\/gif;base64,R0lGODlhAQABAIAAAAAAAP\/\/\/ywAAAAAAQABAAACAUwAOw==\" fifu-lazy=\"1\" fifu-data-sizes=\"auto\" fifu-data-srcset=\"https:\/\/i1.wp.com\/www.interaccionnoticias.com.mx\/wp-content\/uploads\/2025\/05\/250513-onda-de-calor-1024x683.jpg?ssl=1&w=75&resize=75&ssl=1 75w, https:\/\/i1.wp.com\/www.interaccionnoticias.com.mx\/wp-content\/uploads\/2025\/05\/250513-onda-de-calor-1024x683.jpg?ssl=1&w=100&resize=100&ssl=1 100w, https:\/\/i1.wp.com\/www.interaccionnoticias.com.mx\/wp-content\/uploads\/2025\/05\/250513-onda-de-calor-1024x683.jpg?ssl=1&w=150&resize=150&ssl=1 150w, https:\/\/i1.wp.com\/www.interaccionnoticias.com.mx\/wp-content\/uploads\/2025\/05\/250513-onda-de-calor-1024x683.jpg?ssl=1&w=240&resize=240&ssl=1 240w, https:\/\/i1.wp.com\/www.interaccionnoticias.com.mx\/wp-content\/uploads\/2025\/05\/250513-onda-de-calor-1024x683.jpg?ssl=1&w=320&resize=320&ssl=1 320w, https:\/\/i1.wp.com\/www.interaccionnoticias.com.mx\/wp-content\/uploads\/2025\/05\/250513-onda-de-calor-1024x683.jpg?ssl=1&w=500&resize=500&ssl=1 500w, https:\/\/i1.wp.com\/www.interaccionnoticias.com.mx\/wp-content\/uploads\/2025\/05\/250513-onda-de-calor-1024x683.jpg?ssl=1&w=640&resize=640&ssl=1 640w, https:\/\/i1.wp.com\/www.interaccionnoticias.com.mx\/wp-content\/uploads\/2025\/05\/250513-onda-de-calor-1024x683.jpg?ssl=1&w=800&resize=800&ssl=1 800w, https:\/\/i1.wp.com\/www.interaccionnoticias.com.mx\/wp-content\/uploads\/2025\/05\/250513-onda-de-calor-1024x683.jpg?ssl=1&w=1024&resize=1024&ssl=1 1024w, https:\/\/i1.wp.com\/www.interaccionnoticias.com.mx\/wp-content\/uploads\/2025\/05\/250513-onda-de-calor-1024x683.jpg?ssl=1&w=1280&resize=1280&ssl=1 1280w, https:\/\/i1.wp.com\/www.interaccionnoticias.com.mx\/wp-content\/uploads\/2025\/05\/250513-onda-de-calor-1024x683.jpg?ssl=1&w=1600&resize=1600&ssl=1 1600w\" data-id=\"90889\" fifu-data-src=\"https:\/\/i1.wp.com\/www.interaccionnoticias.com.mx\/wp-content\/uploads\/2025\/05\/250513-onda-de-calor-1024x683.jpg?ssl=1\" alt=\"\" class=\"wp-image-90889\"\/><\/figure>\n\n\n\n<figure class=\"wp-block-image size-large\"><img decoding=\"async\" src=\"data:image\/gif;base64,R0lGODlhAQABAIAAAAAAAP\/\/\/ywAAAAAAQABAAACAUwAOw==\" fifu-lazy=\"1\" fifu-data-sizes=\"auto\" fifu-data-srcset=\"https:\/\/i0.wp.com\/www.interaccionnoticias.com.mx\/wp-content\/uploads\/2025\/05\/250513-onda-de-calor-2-1024x683.jpg?ssl=1&w=75&resize=75&ssl=1 75w, https:\/\/i0.wp.com\/www.interaccionnoticias.com.mx\/wp-content\/uploads\/2025\/05\/250513-onda-de-calor-2-1024x683.jpg?ssl=1&w=100&resize=100&ssl=1 100w, https:\/\/i0.wp.com\/www.interaccionnoticias.com.mx\/wp-content\/uploads\/2025\/05\/250513-onda-de-calor-2-1024x683.jpg?ssl=1&w=150&resize=150&ssl=1 150w, https:\/\/i0.wp.com\/www.interaccionnoticias.com.mx\/wp-content\/uploads\/2025\/05\/250513-onda-de-calor-2-1024x683.jpg?ssl=1&w=240&resize=240&ssl=1 240w, https:\/\/i0.wp.com\/www.interaccionnoticias.com.mx\/wp-content\/uploads\/2025\/05\/250513-onda-de-calor-2-1024x683.jpg?ssl=1&w=320&resize=320&ssl=1 320w, https:\/\/i0.wp.com\/www.interaccionnoticias.com.mx\/wp-content\/uploads\/2025\/05\/250513-onda-de-calor-2-1024x683.jpg?ssl=1&w=500&resize=500&ssl=1 500w, https:\/\/i0.wp.com\/www.interaccionnoticias.com.mx\/wp-content\/uploads\/2025\/05\/250513-onda-de-calor-2-1024x683.jpg?ssl=1&w=640&resize=640&ssl=1 640w, https:\/\/i0.wp.com\/www.interaccionnoticias.com.mx\/wp-content\/uploads\/2025\/05\/250513-onda-de-calor-2-1024x683.jpg?ssl=1&w=800&resize=800&ssl=1 800w, https:\/\/i0.wp.com\/www.interaccionnoticias.com.mx\/wp-content\/uploads\/2025\/05\/250513-onda-de-calor-2-1024x683.jpg?ssl=1&w=1024&resize=1024&ssl=1 1024w, https:\/\/i0.wp.com\/www.interaccionnoticias.com.mx\/wp-content\/uploads\/2025\/05\/250513-onda-de-calor-2-1024x683.jpg?ssl=1&w=1280&resize=1280&ssl=1 1280w, https:\/\/i0.wp.com\/www.interaccionnoticias.com.mx\/wp-content\/uploads\/2025\/05\/250513-onda-de-calor-2-1024x683.jpg?ssl=1&w=1600&resize=1600&ssl=1 1600w\" data-id=\"90891\" fifu-data-src=\"https:\/\/i0.wp.com\/www.interaccionnoticias.com.mx\/wp-content\/uploads\/2025\/05\/250513-onda-de-calor-2-1024x683.jpg?ssl=1\" alt=\"\" class=\"wp-image-90891\"\/><\/figure>\n<\/figure>\n","protected":false},"excerpt":{"rendered":"<p>&#8212; Se agudiza la temperatura en la Tierra Caliente&#8212; En Acapulco, el term\u00f3metro 30 a 35 grados Javier Trujillo Acapulco, Gro.- Con temperaturas de 40 hasta 45 grados se presentar\u00e1n&hellip; <\/p>\n","protected":false},"author":3,"featured_media":90889,"comment_status":"open","ping_status":"open","sticky":false,"template":"","format":"standard","meta":{"fifu_image_url":"","fifu_image_alt":"","footnotes":""},"categories":[242],"tags":[],"class_list":["post-90887","post","type-post","status-publish","format-standard","has-post-thumbnail","hentry","category-acapulco"],"_links":{"self":[{"href":"https:\/\/www.interaccionnoticias.com.mx\/index.php?rest_route=\/wp\/v2\/posts\/90887","targetHints":{"allow":["GET"]}}],"collection":[{"href":"https:\/\/www.interaccionnoticias.com.mx\/index.php?rest_route=\/wp\/v2\/posts"}],"about":[{"href":"https:\/\/www.interaccionnoticias.com.mx\/index.php?rest_route=\/wp\/v2\/types\/post"}],"author":[{"embeddable":true,"href":"https:\/\/www.interaccionnoticias.com.mx\/index.php?rest_route=\/wp\/v2\/users\/3"}],"replies":[{"embeddable":true,"href":"https:\/\/www.interaccionnoticias.com.mx\/index.php?rest_route=%2Fwp%2Fv2%2Fcomments&post=90887"}],"version-history":[{"count":1,"href":"https:\/\/www.interaccionnoticias.com.mx\/index.php?rest_route=\/wp\/v2\/posts\/90887\/revisions"}],"predecessor-version":[{"id":90892,"href":"https:\/\/www.interaccionnoticias.com.mx\/index.php?rest_route=\/wp\/v2\/posts\/90887\/revisions\/90892"}],"wp:featuredmedia":[{"embeddable":true,"href":"https:\/\/www.interaccionnoticias.com.mx\/index.php?rest_route=\/wp\/v2\/media\/90889"}],"wp:attachment":[{"href":"https:\/\/www.interaccionnoticias.com.mx\/index.php?rest_route=%2Fwp%2Fv2%2Fmedia&parent=90887"}],"wp:term":[{"taxonomy":"category","embeddable":true,"href":"https:\/\/www.interaccionnoticias.com.mx\/index.php?rest_route=%2Fwp%2Fv2%2Fcategories&post=90887"},{"taxonomy":"post_tag","embeddable":true,"href":"https:\/\/www.interaccionnoticias.com.mx\/index.php?rest_route=%2Fwp%2Fv2%2Ftags&post=90887"}],"curies":[{"name":"wp","href":"https:\/\/api.w.org\/{rel}","templated":true}]}}