{"id":90869,"date":"2025-05-13T12:25:37","date_gmt":"2025-05-13T18:25:37","guid":{"rendered":"https:\/\/www.interaccionnoticias.com.mx\/?p=90869"},"modified":"2025-05-13T12:25:42","modified_gmt":"2025-05-13T18:25:42","slug":"ceteg-digna-confirma-su-participacion-en-el-paro-nacional-indefinido","status":"publish","type":"post","link":"https:\/\/www.interaccionnoticias.com.mx\/?p=90869","title":{"rendered":"CETEG-digna confirma su participaci\u00f3n en el paro nacional indefinido"},"content":{"rendered":"\n<p><strong><em>&#8212; Llaman a los sectores de la poblaci\u00f3n a cerrar filas<\/em><\/strong><\/p>\n\n\n\n<p><strong>Rosario Garc\u00eda<\/strong><\/p>\n\n\n\n<p>Integrantes de la CETEG-digna confirmaron que este 15 de mayo estar\u00e1n en la ciudad de M\u00e9xico para sumarse a la mega marcha de la Coordinadora Nacional de Trabajadores de la Educaci\u00f3n (CNTE) y sumarse al paro laboral indefinido que estalla ese d\u00eda.<\/p>\n\n\n\n<p>Liderados por las la profesora Antonia Morales V\u00e9lez, los maestros disidentes confirmaron que se van a trasladar a la capital del pa\u00eds a bordo de por lo menos cuatro autobuses.<\/p>\n\n\n\n<p>Explic\u00f3 que la consigna del magisterio es echar abajo la Ley del ISSSTE aprobada en 2007, durante el Gobierno Federal de Felipe Calder\u00f3n Hinojosa.<\/p>\n\n\n\n<p>A dicho movimiento, dijeron que se deben sumar todos los ciudadanos que son cotizantes del ISSSTE, pues el esquema actual genera una severa afectaci\u00f3n a toda la clase trabajadora, no solo a los profesores.<\/p>\n\n\n\n<p>Aclararon que la presencia de dicha expresi\u00f3n magisterial ser\u00e1 rotativa, ya que recurrentemente se estar\u00e1n relevando para mantener la presencia en el plant\u00f3n nacional.<\/p>\n\n\n\n<p>Aclararon que si bien la CETEG tiene conflictos internos, van a dejarlos de lado para cerrar filas y luego, tras lograr su cometido, volver\u00e1n a retomar la discusi\u00f3n sobre los temas locales.<\/p>\n\n\n\n<figure class=\"wp-block-gallery has-nested-images columns-default is-cropped wp-block-gallery-1 is-layout-flex wp-block-gallery-is-layout-flex\">\n<figure class=\"wp-block-image size-large\"><img decoding=\"async\" src=\"data:image\/gif;base64,R0lGODlhAQABAIAAAAAAAP\/\/\/ywAAAAAAQABAAACAUwAOw==\" fifu-lazy=\"1\" fifu-data-sizes=\"auto\" fifu-data-srcset=\"https:\/\/i0.wp.com\/www.interaccionnoticias.com.mx\/wp-content\/uploads\/2025\/05\/250513-CETEG-digna-2.jpg?ssl=1&w=75&resize=75&ssl=1 75w, https:\/\/i0.wp.com\/www.interaccionnoticias.com.mx\/wp-content\/uploads\/2025\/05\/250513-CETEG-digna-2.jpg?ssl=1&w=100&resize=100&ssl=1 100w, https:\/\/i0.wp.com\/www.interaccionnoticias.com.mx\/wp-content\/uploads\/2025\/05\/250513-CETEG-digna-2.jpg?ssl=1&w=150&resize=150&ssl=1 150w, https:\/\/i0.wp.com\/www.interaccionnoticias.com.mx\/wp-content\/uploads\/2025\/05\/250513-CETEG-digna-2.jpg?ssl=1&w=240&resize=240&ssl=1 240w, https:\/\/i0.wp.com\/www.interaccionnoticias.com.mx\/wp-content\/uploads\/2025\/05\/250513-CETEG-digna-2.jpg?ssl=1&w=320&resize=320&ssl=1 320w, https:\/\/i0.wp.com\/www.interaccionnoticias.com.mx\/wp-content\/uploads\/2025\/05\/250513-CETEG-digna-2.jpg?ssl=1&w=500&resize=500&ssl=1 500w, https:\/\/i0.wp.com\/www.interaccionnoticias.com.mx\/wp-content\/uploads\/2025\/05\/250513-CETEG-digna-2.jpg?ssl=1&w=640&resize=640&ssl=1 640w, https:\/\/i0.wp.com\/www.interaccionnoticias.com.mx\/wp-content\/uploads\/2025\/05\/250513-CETEG-digna-2.jpg?ssl=1&w=800&resize=800&ssl=1 800w, https:\/\/i0.wp.com\/www.interaccionnoticias.com.mx\/wp-content\/uploads\/2025\/05\/250513-CETEG-digna-2.jpg?ssl=1&w=1024&resize=1024&ssl=1 1024w, https:\/\/i0.wp.com\/www.interaccionnoticias.com.mx\/wp-content\/uploads\/2025\/05\/250513-CETEG-digna-2.jpg?ssl=1&w=1280&resize=1280&ssl=1 1280w, https:\/\/i0.wp.com\/www.interaccionnoticias.com.mx\/wp-content\/uploads\/2025\/05\/250513-CETEG-digna-2.jpg?ssl=1&w=1600&resize=1600&ssl=1 1600w\" data-id=\"90871\" fifu-data-src=\"https:\/\/i0.wp.com\/www.interaccionnoticias.com.mx\/wp-content\/uploads\/2025\/05\/250513-CETEG-digna-2.jpg?ssl=1\" alt=\"\" class=\"wp-image-90871\"\/><\/figure>\n\n\n\n<figure class=\"wp-block-image size-large\"><img decoding=\"async\" src=\"data:image\/gif;base64,R0lGODlhAQABAIAAAAAAAP\/\/\/ywAAAAAAQABAAACAUwAOw==\" fifu-lazy=\"1\" fifu-data-sizes=\"auto\" fifu-data-srcset=\"https:\/\/i0.wp.com\/www.interaccionnoticias.com.mx\/wp-content\/uploads\/2025\/05\/250513-CETEG-digna-1.jpg?ssl=1&w=75&resize=75&ssl=1 75w, https:\/\/i0.wp.com\/www.interaccionnoticias.com.mx\/wp-content\/uploads\/2025\/05\/250513-CETEG-digna-1.jpg?ssl=1&w=100&resize=100&ssl=1 100w, https:\/\/i0.wp.com\/www.interaccionnoticias.com.mx\/wp-content\/uploads\/2025\/05\/250513-CETEG-digna-1.jpg?ssl=1&w=150&resize=150&ssl=1 150w, https:\/\/i0.wp.com\/www.interaccionnoticias.com.mx\/wp-content\/uploads\/2025\/05\/250513-CETEG-digna-1.jpg?ssl=1&w=240&resize=240&ssl=1 240w, https:\/\/i0.wp.com\/www.interaccionnoticias.com.mx\/wp-content\/uploads\/2025\/05\/250513-CETEG-digna-1.jpg?ssl=1&w=320&resize=320&ssl=1 320w, https:\/\/i0.wp.com\/www.interaccionnoticias.com.mx\/wp-content\/uploads\/2025\/05\/250513-CETEG-digna-1.jpg?ssl=1&w=500&resize=500&ssl=1 500w, https:\/\/i0.wp.com\/www.interaccionnoticias.com.mx\/wp-content\/uploads\/2025\/05\/250513-CETEG-digna-1.jpg?ssl=1&w=640&resize=640&ssl=1 640w, https:\/\/i0.wp.com\/www.interaccionnoticias.com.mx\/wp-content\/uploads\/2025\/05\/250513-CETEG-digna-1.jpg?ssl=1&w=800&resize=800&ssl=1 800w, https:\/\/i0.wp.com\/www.interaccionnoticias.com.mx\/wp-content\/uploads\/2025\/05\/250513-CETEG-digna-1.jpg?ssl=1&w=1024&resize=1024&ssl=1 1024w, https:\/\/i0.wp.com\/www.interaccionnoticias.com.mx\/wp-content\/uploads\/2025\/05\/250513-CETEG-digna-1.jpg?ssl=1&w=1280&resize=1280&ssl=1 1280w, https:\/\/i0.wp.com\/www.interaccionnoticias.com.mx\/wp-content\/uploads\/2025\/05\/250513-CETEG-digna-1.jpg?ssl=1&w=1600&resize=1600&ssl=1 1600w\" data-id=\"90870\" fifu-data-src=\"https:\/\/i0.wp.com\/www.interaccionnoticias.com.mx\/wp-content\/uploads\/2025\/05\/250513-CETEG-digna-1.jpg?ssl=1\" alt=\"\" class=\"wp-image-90870\"\/><\/figure>\n<\/figure>\n","protected":false},"excerpt":{"rendered":"<p>&#8212; Llaman a los sectores de la poblaci\u00f3n a cerrar filas Rosario Garc\u00eda Integrantes de la CETEG-digna confirmaron que este 15 de mayo estar\u00e1n en la ciudad de M\u00e9xico para&hellip; <\/p>\n","protected":false},"author":14,"featured_media":90870,"comment_status":"open","ping_status":"open","sticky":false,"template":"","format":"standard","meta":{"fifu_image_url":"","fifu_image_alt":"","footnotes":""},"categories":[6],"tags":[],"class_list":["post-90869","post","type-post","status-publish","format-standard","has-post-thumbnail","hentry","category-educacion"],"_links":{"self":[{"href":"https:\/\/www.interaccionnoticias.com.mx\/index.php?rest_route=\/wp\/v2\/posts\/90869","targetHints":{"allow":["GET"]}}],"collection":[{"href":"https:\/\/www.interaccionnoticias.com.mx\/index.php?rest_route=\/wp\/v2\/posts"}],"about":[{"href":"https:\/\/www.interaccionnoticias.com.mx\/index.php?rest_route=\/wp\/v2\/types\/post"}],"author":[{"embeddable":true,"href":"https:\/\/www.interaccionnoticias.com.mx\/index.php?rest_route=\/wp\/v2\/users\/14"}],"replies":[{"embeddable":true,"href":"https:\/\/www.interaccionnoticias.com.mx\/index.php?rest_route=%2Fwp%2Fv2%2Fcomments&post=90869"}],"version-history":[{"count":1,"href":"https:\/\/www.interaccionnoticias.com.mx\/index.php?rest_route=\/wp\/v2\/posts\/90869\/revisions"}],"predecessor-version":[{"id":90872,"href":"https:\/\/www.interaccionnoticias.com.mx\/index.php?rest_route=\/wp\/v2\/posts\/90869\/revisions\/90872"}],"wp:featuredmedia":[{"embeddable":true,"href":"https:\/\/www.interaccionnoticias.com.mx\/index.php?rest_route=\/wp\/v2\/media\/90870"}],"wp:attachment":[{"href":"https:\/\/www.interaccionnoticias.com.mx\/index.php?rest_route=%2Fwp%2Fv2%2Fmedia&parent=90869"}],"wp:term":[{"taxonomy":"category","embeddable":true,"href":"https:\/\/www.interaccionnoticias.com.mx\/index.php?rest_route=%2Fwp%2Fv2%2Fcategories&post=90869"},{"taxonomy":"post_tag","embeddable":true,"href":"https:\/\/www.interaccionnoticias.com.mx\/index.php?rest_route=%2Fwp%2Fv2%2Ftags&post=90869"}],"curies":[{"name":"wp","href":"https:\/\/api.w.org\/{rel}","templated":true}]}}