{"id":90857,"date":"2025-05-12T20:06:00","date_gmt":"2025-05-13T02:06:00","guid":{"rendered":"https:\/\/www.interaccionnoticias.com.mx\/?p=90857"},"modified":"2025-05-12T22:42:13","modified_gmt":"2025-05-13T04:42:13","slug":"la-violencia-esta-focalizada-en-la-zona-poniente-de-acapulco-francisco-rodriguez-cisneros","status":"publish","type":"post","link":"https:\/\/www.interaccionnoticias.com.mx\/?p=90857","title":{"rendered":"La violencia esta focalizada en la zona poniente de Acapulco: Francisco Rodr\u00edguez Cisneros"},"content":{"rendered":"\n<p><strong><em>&#8212; \u00abEl fin de semana hubo presencia importante de turistas, porque en la zona tur\u00edstica no est\u00e1 ocurriendo ning\u00fan tipo de incidencia se est\u00e1 trabajando\u00bb, dijo el subsecretario de Desarrollo Pol\u00edtico y Social del gobierno estatal<\/em><\/strong><\/p>\n\n\n\n<p><strong>Yasm\u00edn Garc\u00eda<\/strong><\/p>\n\n\n\n<p>El Subsecretario de Desarrollo Pol\u00edtico y Social del gobierno estatal, Francisco Rodr\u00edguez Cisneros asegur\u00f3 que la violencia en Acapulco esta focalizada en la zona poniente, debido a que la estrategia de seguridad cambia.<\/p>\n\n\n\n<p>En entrevista, el funcionario estatal indic\u00f3 que en la Mesa de Coordinaci\u00f3n para la Construcci\u00f3n de la Paz, se inform\u00f3 que la violencia en el Puerto se ha focalizado en Pie de la Cuesta, San Isidro Gallinero, El Pedregoso, La Sabana, Valle de la Sabana, H\u00e9roes de Guerrero, Los Manantiales, M\u00e1rtires de Cuilapa, entre otras.<\/p>\n\n\n\n<p>Este fin de semana fueron asesinadas tres personas en la zona poniente del Puerto; la tarde del s\u00e1bado en la entrada de la tienda bodega Aurrera del poblado de San Isidro Gallinero fue privado de la vida un hombre.<\/p>\n\n\n\n<p>La noche del s\u00e1bado hombres armados asesinaron a un hombre en la unidad habitacional L\u00f3pez Portillo del municipio de Acapulco.<\/p>\n\n\n\n<p>La ma\u00f1ana del domingo un vendedor de bolillo con relleno fue asesinado a tiros, en la calle 4 de la colonia Bella Vista.<\/p>\n\n\n\n<p>Rodr\u00edguez Cisneros justific\u00f3 que hay presencia importante del Estado en el Puerto y que en la zona tur\u00edstica hubo turismo.<\/p>\n\n\n\n<p>\u00abEl fin de semana hubo presencia importante de turistas, porque en la zona tur\u00edstica no est\u00e1 ocurriendo ning\u00fan tipo de incidencia se est\u00e1 trabajando\u00bb, dijo el Subsecretario.<\/p>\n\n\n\n<p>El funcionario estatal asegur\u00f3 que todos los d\u00edas cambian las estrategia de seguridad.<\/p>\n\n\n\n<p>\u00abSi no tuvi\u00e9ramos lo que ten\u00edamos hace un mes en todo el puerto de Acapulco, la zona de la periferia, Las Cruces, Llano Largo, Zapata, incluso la zona tur\u00edstica\u00bb, explic\u00f3.<\/p>\n\n\n\n<p>El funcionario asegur\u00f3 que est\u00e1n atendiendo la zona poniente de ese destino de playa.<\/p>\n","protected":false},"excerpt":{"rendered":"<p>&#8212; \u00abEl fin de semana hubo presencia importante de turistas, porque en la zona tur\u00edstica no est\u00e1 ocurriendo ning\u00fan tipo de incidencia se est\u00e1 trabajando\u00bb, dijo el subsecretario de Desarrollo&hellip; <\/p>\n","protected":false},"author":32,"featured_media":90858,"comment_status":"open","ping_status":"open","sticky":false,"template":"","format":"standard","meta":{"fifu_image_url":"","fifu_image_alt":"","footnotes":""},"categories":[11],"tags":[],"class_list":["post-90857","post","type-post","status-publish","format-standard","has-post-thumbnail","hentry","category-guerrero"],"_links":{"self":[{"href":"https:\/\/www.interaccionnoticias.com.mx\/index.php?rest_route=\/wp\/v2\/posts\/90857","targetHints":{"allow":["GET"]}}],"collection":[{"href":"https:\/\/www.interaccionnoticias.com.mx\/index.php?rest_route=\/wp\/v2\/posts"}],"about":[{"href":"https:\/\/www.interaccionnoticias.com.mx\/index.php?rest_route=\/wp\/v2\/types\/post"}],"author":[{"embeddable":true,"href":"https:\/\/www.interaccionnoticias.com.mx\/index.php?rest_route=\/wp\/v2\/users\/32"}],"replies":[{"embeddable":true,"href":"https:\/\/www.interaccionnoticias.com.mx\/index.php?rest_route=%2Fwp%2Fv2%2Fcomments&post=90857"}],"version-history":[{"count":1,"href":"https:\/\/www.interaccionnoticias.com.mx\/index.php?rest_route=\/wp\/v2\/posts\/90857\/revisions"}],"predecessor-version":[{"id":90859,"href":"https:\/\/www.interaccionnoticias.com.mx\/index.php?rest_route=\/wp\/v2\/posts\/90857\/revisions\/90859"}],"wp:featuredmedia":[{"embeddable":true,"href":"https:\/\/www.interaccionnoticias.com.mx\/index.php?rest_route=\/wp\/v2\/media\/90858"}],"wp:attachment":[{"href":"https:\/\/www.interaccionnoticias.com.mx\/index.php?rest_route=%2Fwp%2Fv2%2Fmedia&parent=90857"}],"wp:term":[{"taxonomy":"category","embeddable":true,"href":"https:\/\/www.interaccionnoticias.com.mx\/index.php?rest_route=%2Fwp%2Fv2%2Fcategories&post=90857"},{"taxonomy":"post_tag","embeddable":true,"href":"https:\/\/www.interaccionnoticias.com.mx\/index.php?rest_route=%2Fwp%2Fv2%2Ftags&post=90857"}],"curies":[{"name":"wp","href":"https:\/\/api.w.org\/{rel}","templated":true}]}}