{"id":90854,"date":"2025-05-12T17:46:00","date_gmt":"2025-05-12T23:46:00","guid":{"rendered":"https:\/\/www.interaccionnoticias.com.mx\/?p=90854"},"modified":"2025-05-12T22:35:48","modified_gmt":"2025-05-13T04:35:48","slug":"se-requiere-la-denominacion-de-area-natural-protegida-para-omiltemi","status":"publish","type":"post","link":"https:\/\/www.interaccionnoticias.com.mx\/?p=90854","title":{"rendered":"Se requiere la denominaci\u00f3n de \u00e1rea natural protegida para Omiltemi"},"content":{"rendered":"\n<p><strong><em>&#8212; De lo contrario seguir\u00e1 la degradaci\u00f3n de ese lugar, consider\u00f3 el secretario del Medio Ambiente de Chilpancingo, Tulio Estrada<\/em><\/strong><\/p>\n\n\n\n<p><strong>Rosario Garc\u00eda Orozco<\/strong><\/p>\n\n\n\n<p>Ninguno de los esfuerzos por proteger el parque Omiltemi dar\u00e1n buenos resultados, mientras no se cuente con la denominaci\u00f3n como \u00e1rea natural protegida, y seguir\u00e1 la tala inmoderada en esa zona, lo que va a deteriorar m\u00e1s el medio ambiente y habr\u00e1 menos agua para Chilpancingo, asegur\u00f3 el secretario del Medio Ambiente del municipio, Tulio Estrada Ap\u00e1tiga.<\/p>\n\n\n\n<p>Mencion\u00f3 que se han hecho algunos esfuerzos, pero no se ha logrado que se emita el decreto correspondiente que le d\u00e9 a Omiltemi el t\u00edtulo de \u00e1rea natural protegida, con todo y que es una labor lleva m\u00e1s de 40 a\u00f1os.<\/p>\n\n\n\n<p>\u201cDesafortunadamente no se ha podido concretar el proyecto de Omiltemi como parque nacional, por eso todav\u00eda no se puede proteger como se deber\u00eda, tratamos de protegerlo, pero no tenemos la ley para protegerlo, realmente necesitamos el decreto de \u00e1rea natural protegida\u201d, insisti\u00f3.<\/p>\n\n\n\n<p>Agreg\u00f3 que en la actualidad se tiene toda la intenci\u00f3n de avanzar con el decreto, para catalogarlo como \u00e1rea natural protegida y lo que se plantea hoy en d\u00eda es darle continuidad a este proyecto, a fin de conservar esta \u00e1rea que es considera el pulm\u00f3n de Chilpancingo.<\/p>\n\n\n\n<p>Lament\u00f3 que el parque de Omiltemi ya registra una degradaci\u00f3n y deterioro importantes, por lo que es urgente preservar esa \u00e1rea, ubicada en la sierra de Chilpancingo, porque representa una fuente principal de agua para la capital, ya que en ese lugar existen tres captaciones de agua: \u201cLa Perra\u201d, \u201cAgua Fria\u201d y obviamente Omiltemi.<\/p>\n\n\n\n<p>Por ello consider\u00f3 prioritario preservar el lugar y protegerlo, \u201cdebemos conservarla no hay otra para los chilpancingue\u00f1os, no tenemos de otra m\u00e1s que conservar Omiltemi, y \u00bfQu\u00e9 tanto le ha pegado la degradaci\u00f3n?, eso es en general, a nivel mundial todos los mantos acu\u00edferos est\u00e1n deprimidos, necesitamos reforestar, necesitamos hacer conciencia en la ciudadan\u00eda de lo importante que es conservar nuestros bosques\u201d.<\/p>\n\n\n\n<p>Estrada Apatiga coment\u00f3 que un bosque representa una fuente de captaci\u00f3n de agua, \u201csin bosques no va a haber agua, sin selvas no va a haber agua\u201d, y lo m\u00e1s delicado dijo es que a nivel mundial se est\u00e1 acabando con estas fuentes.<\/p>\n\n\n\n<p>Por esa raz\u00f3n sostuvo que una de las tareas m\u00e1s importantes de la autoridad es hacer conciencia entre la ciudadan\u00eda, porque se tiene que atender fen\u00f3menos como el cambio clim\u00e1tico como algo real, \u201calgunos pol\u00edticos todav\u00eda lo niegan, pero es una realidad que nos ha alcanzado\u201d.<\/p>\n\n\n\n<p>El funcionario municipal reconoci\u00f3 que el alcalde de Chilpancingo, Gustavo Alarc\u00f3n Herrera s\u00ed est\u00e1 interesado en el tema del medio ambiente, aunque se\u00f1al\u00f3 que existe una tendencia del gobierno federal de invertir poco en ese rubro, \u00abocupan mucho el tema ambiental en los discursos, pero cuando se trata de etiquetar recursos desde la federaci\u00f3n, somos bien pichicatos, es importante que se le destine m\u00e1s, porque solo el uno por ciento se invierte en el medio ambiente\u00bb.<\/p>\n","protected":false},"excerpt":{"rendered":"<p>&#8212; De lo contrario seguir\u00e1 la degradaci\u00f3n de ese lugar, consider\u00f3 el secretario del Medio Ambiente de Chilpancingo, Tulio Estrada Rosario Garc\u00eda Orozco Ninguno de los esfuerzos por proteger el&hellip; <\/p>\n","protected":false},"author":14,"featured_media":90855,"comment_status":"open","ping_status":"open","sticky":false,"template":"","format":"standard","meta":{"fifu_image_url":"","fifu_image_alt":"","footnotes":""},"categories":[13],"tags":[],"class_list":["post-90854","post","type-post","status-publish","format-standard","has-post-thumbnail","hentry","category-capital"],"_links":{"self":[{"href":"https:\/\/www.interaccionnoticias.com.mx\/index.php?rest_route=\/wp\/v2\/posts\/90854","targetHints":{"allow":["GET"]}}],"collection":[{"href":"https:\/\/www.interaccionnoticias.com.mx\/index.php?rest_route=\/wp\/v2\/posts"}],"about":[{"href":"https:\/\/www.interaccionnoticias.com.mx\/index.php?rest_route=\/wp\/v2\/types\/post"}],"author":[{"embeddable":true,"href":"https:\/\/www.interaccionnoticias.com.mx\/index.php?rest_route=\/wp\/v2\/users\/14"}],"replies":[{"embeddable":true,"href":"https:\/\/www.interaccionnoticias.com.mx\/index.php?rest_route=%2Fwp%2Fv2%2Fcomments&post=90854"}],"version-history":[{"count":1,"href":"https:\/\/www.interaccionnoticias.com.mx\/index.php?rest_route=\/wp\/v2\/posts\/90854\/revisions"}],"predecessor-version":[{"id":90856,"href":"https:\/\/www.interaccionnoticias.com.mx\/index.php?rest_route=\/wp\/v2\/posts\/90854\/revisions\/90856"}],"wp:featuredmedia":[{"embeddable":true,"href":"https:\/\/www.interaccionnoticias.com.mx\/index.php?rest_route=\/wp\/v2\/media\/90855"}],"wp:attachment":[{"href":"https:\/\/www.interaccionnoticias.com.mx\/index.php?rest_route=%2Fwp%2Fv2%2Fmedia&parent=90854"}],"wp:term":[{"taxonomy":"category","embeddable":true,"href":"https:\/\/www.interaccionnoticias.com.mx\/index.php?rest_route=%2Fwp%2Fv2%2Fcategories&post=90854"},{"taxonomy":"post_tag","embeddable":true,"href":"https:\/\/www.interaccionnoticias.com.mx\/index.php?rest_route=%2Fwp%2Fv2%2Ftags&post=90854"}],"curies":[{"name":"wp","href":"https:\/\/api.w.org\/{rel}","templated":true}]}}