{"id":90848,"date":"2025-05-12T17:19:00","date_gmt":"2025-05-12T23:19:00","guid":{"rendered":"https:\/\/www.interaccionnoticias.com.mx\/?p=90848"},"modified":"2025-05-12T22:19:30","modified_gmt":"2025-05-13T04:19:30","slug":"gobernadora-de-guerrero-se-reune-con-la-familia-de-marco-antonio-suastegui","status":"publish","type":"post","link":"https:\/\/www.interaccionnoticias.com.mx\/?p=90848","title":{"rendered":"Gobernadora de Guerrero se re\u00fane con la familia de Marco Antonio Su\u00e1stegui"},"content":{"rendered":"\n<p><strong><em>&#8212; La jefa del Ejecutivo se comprometi\u00f3 a solicitar que la Fiscal\u00eda General del Estado acelere las investigaciones<br>&#8212; Los familiares del dirigente del CECOP pidieron que se rompa cualquier \u201cpacto de impunidad\u201d<\/em><\/strong><\/p>\n\n\n\n<p><strong>Yasm\u00edn Garc\u00eda<\/strong><\/p>\n\n\n\n<p>La viuda y tres hijos de Marco Antonio Su\u00e1stegui Mu\u00f1oz, l\u00edder del Consejo de Ejidos y Comunidades Opositoras a La Parota (CECOP) se reunieron con la gobernadora Evelyn Salgado Pineda, quien se comprometi\u00f3 a solicitar a la Fiscalia General del Estado (FGE) que haya mayor celeridad en los trabajos de investigaci\u00f3n sobre el crimen, cometido en el puerto de Acapuco.<\/p>\n\n\n\n<p>El lunes despu\u00e9s de mediod\u00eda, la gobernadora Salgado Pineda recibi\u00f3 en la residencia oficial a la viuda, sus tres hijos y el director del Centro de Derechos Humanos de la Monta\u00f1a (CDHM), Abel Barrera Hern\u00e1ndez.<\/p>\n\n\n\n<p>Al termino de la reuni\u00f3n, el antrop\u00f3logo Barrera Hern\u00e1ndez inform\u00f3 que la principal petici\u00f3n de la familia, es que se garantice una investigaci\u00f3n exhaustiva, que se esclarezca el m\u00f3vil del atentado y se localice a los responsables para que haya justicia.<\/p>\n\n\n\n<p>De esa manera, dijo que se comenzar\u00e1 a romper el pacto de impunidad que existe a favor de los perpetradores, cada que un defensor es asesinado.<\/p>\n\n\n\n<p>\u00abAqui el tema de justicia, es lo que m\u00e1s preocupa a la familia por lo que representa Marco y porque fue un defensor de derechos humanos, es alguien que estuvo amenazado y sufri\u00f3 tantos momentos de riesgo en Cacahuatepec y en playa Icacos\u00bb, representante del CDHM.<\/p>\n\n\n\n<p>La familia de Su\u00e1stegui Mu\u00f1oz dijo a la mandataria estatal que se sienten en un situaci\u00f3n de indefensi\u00f3n.<\/p>\n\n\n\n<p>Entre los compromisos iniciales, se encuentra el acto de revisar las medidas con las que se cuentan, a partir del Mecanismo de Protecci\u00f3n de Personas Defensores de Derechos Humanos, implementado por el gobierno federal.<\/p>\n\n\n\n<p>\u00abEl gobierno del estado tiene que coordinadorse con el federal porque es una medida cautelar con el Estado Mexicano que ten\u00eda Marco, tenemos que ver que tipo de medidas son las que se asignaron\u00bb, a\u00f1adi\u00f3 Barrera.<\/p>\n\n\n\n<p>En la reuni\u00f3n se plante\u00f3 la posibilidad de considerar que la Fiscal\u00eda General de la Rep\u00fablica (FGR) atraiga el caso, aunque eso depende de como avancen las investigaciones en la fiscal\u00eda local.<\/p>\n\n\n\n<p>\u00abApenas estamos en este proceso (de revisi\u00f3n) es una investigaci\u00f3n que hay que trabajar m\u00e1s jur\u00eddicamente, para saber cuales son los fundamentos en t\u00e9rminos jur\u00eddicos\u00bb, indic\u00f3 el defensor de derechos humanos.<\/p>\n","protected":false},"excerpt":{"rendered":"<p>&#8212; La jefa del Ejecutivo se comprometi\u00f3 a solicitar que la Fiscal\u00eda General del Estado acelere las investigaciones&#8212; Los familiares del dirigente del CECOP pidieron que se rompa cualquier \u201cpacto&hellip; <\/p>\n","protected":false},"author":32,"featured_media":90849,"comment_status":"open","ping_status":"open","sticky":false,"template":"","format":"standard","meta":{"fifu_image_url":"","fifu_image_alt":"","footnotes":""},"categories":[11],"tags":[],"class_list":["post-90848","post","type-post","status-publish","format-standard","has-post-thumbnail","hentry","category-guerrero"],"_links":{"self":[{"href":"https:\/\/www.interaccionnoticias.com.mx\/index.php?rest_route=\/wp\/v2\/posts\/90848","targetHints":{"allow":["GET"]}}],"collection":[{"href":"https:\/\/www.interaccionnoticias.com.mx\/index.php?rest_route=\/wp\/v2\/posts"}],"about":[{"href":"https:\/\/www.interaccionnoticias.com.mx\/index.php?rest_route=\/wp\/v2\/types\/post"}],"author":[{"embeddable":true,"href":"https:\/\/www.interaccionnoticias.com.mx\/index.php?rest_route=\/wp\/v2\/users\/32"}],"replies":[{"embeddable":true,"href":"https:\/\/www.interaccionnoticias.com.mx\/index.php?rest_route=%2Fwp%2Fv2%2Fcomments&post=90848"}],"version-history":[{"count":1,"href":"https:\/\/www.interaccionnoticias.com.mx\/index.php?rest_route=\/wp\/v2\/posts\/90848\/revisions"}],"predecessor-version":[{"id":90850,"href":"https:\/\/www.interaccionnoticias.com.mx\/index.php?rest_route=\/wp\/v2\/posts\/90848\/revisions\/90850"}],"wp:featuredmedia":[{"embeddable":true,"href":"https:\/\/www.interaccionnoticias.com.mx\/index.php?rest_route=\/wp\/v2\/media\/90849"}],"wp:attachment":[{"href":"https:\/\/www.interaccionnoticias.com.mx\/index.php?rest_route=%2Fwp%2Fv2%2Fmedia&parent=90848"}],"wp:term":[{"taxonomy":"category","embeddable":true,"href":"https:\/\/www.interaccionnoticias.com.mx\/index.php?rest_route=%2Fwp%2Fv2%2Fcategories&post=90848"},{"taxonomy":"post_tag","embeddable":true,"href":"https:\/\/www.interaccionnoticias.com.mx\/index.php?rest_route=%2Fwp%2Fv2%2Ftags&post=90848"}],"curies":[{"name":"wp","href":"https:\/\/api.w.org\/{rel}","templated":true}]}}