{"id":90846,"date":"2025-05-12T16:58:00","date_gmt":"2025-05-12T22:58:00","guid":{"rendered":"https:\/\/www.interaccionnoticias.com.mx\/?p=90846"},"modified":"2025-05-12T22:11:18","modified_gmt":"2025-05-13T04:11:18","slug":"advierte-el-pan-que-habra-fraude-en-la-eleccion-del-poder-judicial-federal","status":"publish","type":"post","link":"https:\/\/www.interaccionnoticias.com.mx\/?p=90846","title":{"rendered":"Advierte el PAN que habr\u00e1 fraude en la elecci\u00f3n del Poder Judicial Federal"},"content":{"rendered":"\n<p><strong><em>&#8212; El vocero de Acci\u00f3n Nacional, Eloy Salmer\u00f3n asegur\u00f3 que no habr\u00e1 capacidad humana para el conteo<\/em><\/strong><\/p>\n\n\n\n<p><strong>Rosario Garc\u00eda Orozco<\/strong><\/p>\n\n\n\n<p>El Partido Acci\u00f3n Nacional (PAN) en Guerrero advirti\u00f3 que la elecci\u00f3n de personas juzgadoras para la nueva integraci\u00f3n del Poder Judicial Federal, del pr\u00f3ximo 1 de junio, ser\u00e1 todo un \u00abfraude\u00bb.<\/p>\n\n\n\n<p>El vocero del Comit\u00e9 Directivo Estatal, Eloy Salmer\u00f3n D\u00edaz, asegur\u00f3 que no habr\u00e1 capacidad humana suficiente para el conteo de la votaci\u00f3n que el Instituto Nacional Electoral (INE) pretende obtener, que hasta ahora se ha se\u00f1alado que podr\u00eda ser del 15 po ciento, en la elecci\u00f3n, como tampoco habr\u00e1 tiempo suficiente para llevar a cabo el procedimiento.<\/p>\n\n\n\n<p>El panista coment\u00f3 que de acuerdo con las reglas establecidas, el INE tendr\u00e1 un per\u00edodo de 10 d\u00edas para que los consejos distritales del pa\u00eds, en el caso de Guerrero son ocho, lleven a cabo el conteo de la votaci\u00f3n obtenida en las urnas.<\/p>\n\n\n\n<p>Eloy Salmer\u00f3n descart\u00f3 que en el proceso electoral extraordinario vaya a haber cualquier garant\u00eda de transparencia en los resultados de la elecci\u00f3n, porque el \u00f3rgano electoral no aplicar\u00e1 el mecanismo del conteo r\u00e1pido, por lo que asegur\u00f3 que habr\u00e1 una \u00absimulaci\u00f3n y el fraude m\u00e1s grande\u00bb sobre la participaci\u00f3n ciudadana.<\/p>\n\n\n\n<p>De la misma manera, denunci\u00f3 el uso abierto de los programas sociales por parte de los Servidores de la Naci\u00f3n a cargo del delegado de los Programas Federales, Iv\u00e1n Hern\u00e1ndez D\u00edaz, a trav\u00e9s de quienes se condiciona la votaci\u00f3n para el 1 de junio pr\u00f3ximo.<\/p>\n","protected":false},"excerpt":{"rendered":"<p>&#8212; El vocero de Acci\u00f3n Nacional, Eloy Salmer\u00f3n asegur\u00f3 que no habr\u00e1 capacidad humana para el conteo Rosario Garc\u00eda Orozco El Partido Acci\u00f3n Nacional (PAN) en Guerrero advirti\u00f3 que la&hellip; <\/p>\n","protected":false},"author":14,"featured_media":89281,"comment_status":"open","ping_status":"open","sticky":false,"template":"","format":"standard","meta":{"fifu_image_url":"","fifu_image_alt":"","footnotes":""},"categories":[21],"tags":[],"class_list":["post-90846","post","type-post","status-publish","format-standard","has-post-thumbnail","hentry","category-politica"],"_links":{"self":[{"href":"https:\/\/www.interaccionnoticias.com.mx\/index.php?rest_route=\/wp\/v2\/posts\/90846","targetHints":{"allow":["GET"]}}],"collection":[{"href":"https:\/\/www.interaccionnoticias.com.mx\/index.php?rest_route=\/wp\/v2\/posts"}],"about":[{"href":"https:\/\/www.interaccionnoticias.com.mx\/index.php?rest_route=\/wp\/v2\/types\/post"}],"author":[{"embeddable":true,"href":"https:\/\/www.interaccionnoticias.com.mx\/index.php?rest_route=\/wp\/v2\/users\/14"}],"replies":[{"embeddable":true,"href":"https:\/\/www.interaccionnoticias.com.mx\/index.php?rest_route=%2Fwp%2Fv2%2Fcomments&post=90846"}],"version-history":[{"count":1,"href":"https:\/\/www.interaccionnoticias.com.mx\/index.php?rest_route=\/wp\/v2\/posts\/90846\/revisions"}],"predecessor-version":[{"id":90847,"href":"https:\/\/www.interaccionnoticias.com.mx\/index.php?rest_route=\/wp\/v2\/posts\/90846\/revisions\/90847"}],"wp:featuredmedia":[{"embeddable":true,"href":"https:\/\/www.interaccionnoticias.com.mx\/index.php?rest_route=\/wp\/v2\/media\/89281"}],"wp:attachment":[{"href":"https:\/\/www.interaccionnoticias.com.mx\/index.php?rest_route=%2Fwp%2Fv2%2Fmedia&parent=90846"}],"wp:term":[{"taxonomy":"category","embeddable":true,"href":"https:\/\/www.interaccionnoticias.com.mx\/index.php?rest_route=%2Fwp%2Fv2%2Fcategories&post=90846"},{"taxonomy":"post_tag","embeddable":true,"href":"https:\/\/www.interaccionnoticias.com.mx\/index.php?rest_route=%2Fwp%2Fv2%2Ftags&post=90846"}],"curies":[{"name":"wp","href":"https:\/\/api.w.org\/{rel}","templated":true}]}}