{"id":90843,"date":"2025-05-12T16:57:00","date_gmt":"2025-05-12T22:57:00","guid":{"rendered":"https:\/\/www.interaccionnoticias.com.mx\/?p=90843"},"modified":"2025-05-12T22:03:09","modified_gmt":"2025-05-13T04:03:09","slug":"guerrero-esta-en-alerta-preventiva-por-la-temporada-de-huracanes-2025","status":"publish","type":"post","link":"https:\/\/www.interaccionnoticias.com.mx\/?p=90843","title":{"rendered":"Guerrero est\u00e1 en alerta preventiva por la temporada de huracanes 2025"},"content":{"rendered":"\n<p><em><strong>&#8212; Las autoridades advierten alta probabilidad de ciclones intensos en costas del estado, similares a Otis y John<\/strong><\/em><\/p>\n\n\n\n<p><strong>Jes\u00fas Dorantes \/ Interacci\u00f3n Noticias<\/strong><\/p>\n\n\n\n<p>Las condiciones clim\u00e1ticas pronosticadas para la temporada de lluvias y ciclones tropicales 2025 en Guerrero, se\u00f1alan que la entidad podr\u00eda enfrentar fen\u00f3menos con caracter\u00edsticas similares al hurac\u00e1n Otis y John, que en 2023 y 2024 devastaron al puerto de Acapulco y parte importante de la entidad.<\/p>\n\n\n\n<p>El alertamiento fue dado a conocer por el meteor\u00f3logo Ferm\u00edn Dami\u00e1n Adame durante la sesi\u00f3n del Consejo Estatal de Protecci\u00f3n Civil, realizada este lunes en Chilpancingo.<\/p>\n\n\n\n<p>Ante presidentes municipales, mandos de las fuerzas armadas y funcionarios estatales, el especialista explic\u00f3 que el pa\u00eds vive un momento clim\u00e1tico extraordinario por el llamado \u201cM\u00e1ximo solar\u201d, que junto con el calentamiento global eleva el potencial destructivo de los ciclones.<\/p>\n\n\n\n<p>\u201cLa temperatura del oc\u00e9ano frente a nuestras costas ya est\u00e1 en niveles muy elevados, hay registros de hasta 28 grados Celsius a menos de 30 metros de profundidad, lo que es pr\u00e1cticamente combustible para huracanes\u201d, alert\u00f3 Dami\u00e1n Adame.<\/p>\n\n\n\n<p>En la exposici\u00f3n, que escuch\u00f3 directamente la gobernadora Evelyn Salgado Pineda, el funcionario se\u00f1al\u00f3 que algunos sistemas podr\u00edan llegar desde el Atl\u00e1ntico, cruzar Centroam\u00e9rica y fortalecerse al llegar al Pac\u00edfico, lo que pondr\u00eda a Guerrero nuevamente en el centro de riesgo.<\/p>\n\n\n\n<p>El pron\u00f3stico del Servicio Meteorol\u00f3gico Nacional prev\u00e9 de 29 a 37 ciclones en total, con posibilidad de hasta cuatro huracanes de categor\u00eda mayor.<\/p>\n\n\n\n<p>Por eso las autoridades pidieron a la poblaci\u00f3n atender todas las recomendaciones y mantenerse alerta.<\/p>\n\n\n\n<p>\u201cNo podemos confiarnos. Hoy m\u00e1s que nunca, la prevenci\u00f3n puede marcar la diferencia entre la vida y la tragedia\u201d, se\u00f1al\u00f3 la gobernadora Evelyn Salgado durante la sesi\u00f3n del Consejo.<\/p>\n\n\n\n<p>El titular de la Secretar\u00eda de Gesti\u00f3n Integral de Riesgos y Protecci\u00f3n Civil, Roberto Arroyo Matus inform\u00f3 que ya se han habilitado 582 refugios temporales en todo el estado, adem\u00e1s de que est\u00e1n instalados 70 consejos municipales de Protecci\u00f3n Civil, que ya operan de forma activa.<\/p>\n\n\n\n<p>Anticip\u00f3 que hasta 120 mil personas podr\u00edan ser albergadas de manera provisional en caso de que un fen\u00f3meno meteorol\u00f3gico impacte al territorio guerrerense.<\/p>\n","protected":false},"excerpt":{"rendered":"<p>&#8212; Las autoridades advierten alta probabilidad de ciclones intensos en costas del estado, similares a Otis y John Jes\u00fas Dorantes \/ Interacci\u00f3n Noticias Las condiciones clim\u00e1ticas pronosticadas para la temporada&hellip; <\/p>\n","protected":false},"author":8,"featured_media":90844,"comment_status":"open","ping_status":"open","sticky":false,"template":"","format":"standard","meta":{"fifu_image_url":"","fifu_image_alt":"","footnotes":""},"categories":[11],"tags":[],"class_list":["post-90843","post","type-post","status-publish","format-standard","has-post-thumbnail","hentry","category-guerrero"],"_links":{"self":[{"href":"https:\/\/www.interaccionnoticias.com.mx\/index.php?rest_route=\/wp\/v2\/posts\/90843","targetHints":{"allow":["GET"]}}],"collection":[{"href":"https:\/\/www.interaccionnoticias.com.mx\/index.php?rest_route=\/wp\/v2\/posts"}],"about":[{"href":"https:\/\/www.interaccionnoticias.com.mx\/index.php?rest_route=\/wp\/v2\/types\/post"}],"author":[{"embeddable":true,"href":"https:\/\/www.interaccionnoticias.com.mx\/index.php?rest_route=\/wp\/v2\/users\/8"}],"replies":[{"embeddable":true,"href":"https:\/\/www.interaccionnoticias.com.mx\/index.php?rest_route=%2Fwp%2Fv2%2Fcomments&post=90843"}],"version-history":[{"count":1,"href":"https:\/\/www.interaccionnoticias.com.mx\/index.php?rest_route=\/wp\/v2\/posts\/90843\/revisions"}],"predecessor-version":[{"id":90845,"href":"https:\/\/www.interaccionnoticias.com.mx\/index.php?rest_route=\/wp\/v2\/posts\/90843\/revisions\/90845"}],"wp:featuredmedia":[{"embeddable":true,"href":"https:\/\/www.interaccionnoticias.com.mx\/index.php?rest_route=\/wp\/v2\/media\/90844"}],"wp:attachment":[{"href":"https:\/\/www.interaccionnoticias.com.mx\/index.php?rest_route=%2Fwp%2Fv2%2Fmedia&parent=90843"}],"wp:term":[{"taxonomy":"category","embeddable":true,"href":"https:\/\/www.interaccionnoticias.com.mx\/index.php?rest_route=%2Fwp%2Fv2%2Fcategories&post=90843"},{"taxonomy":"post_tag","embeddable":true,"href":"https:\/\/www.interaccionnoticias.com.mx\/index.php?rest_route=%2Fwp%2Fv2%2Ftags&post=90843"}],"curies":[{"name":"wp","href":"https:\/\/api.w.org\/{rel}","templated":true}]}}