{"id":90840,"date":"2025-05-12T16:38:00","date_gmt":"2025-05-12T22:38:00","guid":{"rendered":"https:\/\/www.interaccionnoticias.com.mx\/?p=90840"},"modified":"2025-05-12T21:56:33","modified_gmt":"2025-05-13T03:56:33","slug":"nadie-se-anima-a-cobrar-recompensa-de-10-millones-a-cambio-de-informacion-sobre-el-paradero-de-los-43","status":"publish","type":"post","link":"https:\/\/www.interaccionnoticias.com.mx\/?p=90840","title":{"rendered":"\u201cNadie se anima\u201d a cobrar recompensa de 10 millones a cambio de informaci\u00f3n sobre el paradero de los 43"},"content":{"rendered":"\n<p><em><strong>&#8212; A 8 meses de que el Gobierno de Guerrero ofreciera dicho est\u00edmulo econ\u00f3mico a cambio de datos sobre la ubicaci\u00f3n de los normalistas rurales<br>&#8212; Est\u00e1 pendiente una reuni\u00f3n entre padres de los 43 y la presidenta de la Rep\u00fablica, Claudia Sheinbaum Pardo<\/strong><\/em><\/p>\n\n\n\n<p><strong>Rogelio Agust\u00edn<\/strong><\/p>\n\n\n\n<p>A ocho meses de que se lanzara el ofreciemiento de diez millones de pesos para quienes ofrezcan informaci\u00f3n respecto al paradero de los 43 estudiantes de la Normal Rural de Ayotzinapa, desaparecidos desde el 26 de septiembre de 2014, hasta el momento nadie se ha comunicado con las autoridades para aportar datos.<\/p>\n\n\n\n<p>Felipe de la Cruz Sandoval, quien fuera el primer vocero del colectivo nos faltan 43, coment\u00f3 que este lunes un grupo de jefes de familia acudieron a Palacio de Gobierno para sostener una reuni\u00f3n con funcionarios de la administraci\u00f3n estatal.<\/p>\n\n\n\n<p>Ah\u00ed solicitaron alg\u00fan avance relacionado con el ofrecimiento de la recompensa de 10 millones de pesos ofrecida en septiembre de 2024, a cambio de datos que permitan obtener informaci\u00f3n respecto al paradero de los 43 estudiantes de la Normal Ra\u00fal Isidro Burgos, atacados por supuestos integrantes del c\u00e1rtel de Guerreros Unidos (GU) en Iguala de la Independencia.<\/p>\n\n\n\n<p>Lo que les respondieron es que el ofrecimiento de la recompensa se encuentra vigente, pero que el problema consiste en que hasta el momento nadie se ha acercado a las autoridades para ofrecer alg\u00fan dato importante, a pesar de que se ha otorgado la garant\u00eda del an\u00f3nimato.<\/p>\n\n\n\n<p>\u201cLamentablemente, hasta ahora nadie se ha animado, nosotros seguimos a la espera\u201d, anot\u00f3.<\/p>\n\n\n\n<p>Exigen reuni\u00f3n con la presidenta de la Rep\u00fablica<\/p>\n\n\n\n<p>En un encuentro con medios de comunicaci\u00f3n, el profesor De la Cruz Sandoval record\u00f3 que la presidenta de la Rep\u00f9blica, Claudia Sheinbaum Pardo se hab\u00eda comprometido a reunirse con los padres de los 43 en los \u00faltimos d\u00edas del mes de abril.<\/p>\n\n\n\n<p>Indic\u00f3: \u201cYa estamos a 12 de mayo y nos parece que si pretenden dejar en el olvido este caso, la desaparici\u00f3n de los j\u00f3venes pues no lo vamos a permitir, porque para nosotros es muy importante llegar a la verdad y la justicia\u201d.<\/p>\n\n\n\n<p>Destac\u00f3 que avanzar en el caso impedir\u00e1 que una situaci\u00f3n de esa naturaleza se repita, por eso es que van a insistir.<\/p>\n\n\n\n<p>Agreg\u00f3 que los padres de los 43 van a solicitar a la Fiscal\u00eda General de la Rep\u00fablica (FGR) que retome el caso de Hugo Alberto Ram\u00edrez, que era un agente del Ministerio P\u00fablico Federal (MPF) que colabor\u00f3 con el ex director de la Agencia de Investigaci\u00f3n Criminal (AIC), Tom\u00e1s Zer\u00f3n de Lucio en lo que se conoci\u00f3 como la \u201cVerdad Hist\u00f3rica\u201d dada a conocer por el ex procurador Jes\u00fas Murillo Karam.<\/p>\n\n\n\n<p>Esta persona, dijo que a pesar de que se acredit\u00f3 que particip\u00f3 en actos de tortura, fue beneficiado con un amparo que le permiti\u00f3 obtener su libertad, situaci\u00f3n que califican como un retroceso.<\/p>\n\n\n\n<p>Por esa raz\u00f3n, dijo que es importante que se lleve a cabo la reuni\u00f3n que les ofreci\u00f3 la presidenta de la Rep\u00fablica, porque de lo contrario se pensar\u00e1 que el movimiento en pro de los 43 ha perdido fuerza.<\/p>\n","protected":false},"excerpt":{"rendered":"<p>&#8212; A 8 meses de que el Gobierno de Guerrero ofreciera dicho est\u00edmulo econ\u00f3mico a cambio de datos sobre la ubicaci\u00f3n de los normalistas rurales&#8212; Est\u00e1 pendiente una reuni\u00f3n entre&hellip; <\/p>\n","protected":false},"author":21,"featured_media":90841,"comment_status":"open","ping_status":"open","sticky":false,"template":"","format":"standard","meta":{"fifu_image_url":"","fifu_image_alt":"","footnotes":""},"categories":[15],"tags":[],"class_list":["post-90840","post","type-post","status-publish","format-standard","has-post-thumbnail","hentry","category-movimientos-sociales"],"_links":{"self":[{"href":"https:\/\/www.interaccionnoticias.com.mx\/index.php?rest_route=\/wp\/v2\/posts\/90840","targetHints":{"allow":["GET"]}}],"collection":[{"href":"https:\/\/www.interaccionnoticias.com.mx\/index.php?rest_route=\/wp\/v2\/posts"}],"about":[{"href":"https:\/\/www.interaccionnoticias.com.mx\/index.php?rest_route=\/wp\/v2\/types\/post"}],"author":[{"embeddable":true,"href":"https:\/\/www.interaccionnoticias.com.mx\/index.php?rest_route=\/wp\/v2\/users\/21"}],"replies":[{"embeddable":true,"href":"https:\/\/www.interaccionnoticias.com.mx\/index.php?rest_route=%2Fwp%2Fv2%2Fcomments&post=90840"}],"version-history":[{"count":1,"href":"https:\/\/www.interaccionnoticias.com.mx\/index.php?rest_route=\/wp\/v2\/posts\/90840\/revisions"}],"predecessor-version":[{"id":90842,"href":"https:\/\/www.interaccionnoticias.com.mx\/index.php?rest_route=\/wp\/v2\/posts\/90840\/revisions\/90842"}],"wp:featuredmedia":[{"embeddable":true,"href":"https:\/\/www.interaccionnoticias.com.mx\/index.php?rest_route=\/wp\/v2\/media\/90841"}],"wp:attachment":[{"href":"https:\/\/www.interaccionnoticias.com.mx\/index.php?rest_route=%2Fwp%2Fv2%2Fmedia&parent=90840"}],"wp:term":[{"taxonomy":"category","embeddable":true,"href":"https:\/\/www.interaccionnoticias.com.mx\/index.php?rest_route=%2Fwp%2Fv2%2Fcategories&post=90840"},{"taxonomy":"post_tag","embeddable":true,"href":"https:\/\/www.interaccionnoticias.com.mx\/index.php?rest_route=%2Fwp%2Fv2%2Ftags&post=90840"}],"curies":[{"name":"wp","href":"https:\/\/api.w.org\/{rel}","templated":true}]}}