{"id":90832,"date":"2025-05-12T13:41:38","date_gmt":"2025-05-12T19:41:38","guid":{"rendered":"https:\/\/www.interaccionnoticias.com.mx\/?p=90832"},"modified":"2025-05-12T13:41:40","modified_gmt":"2025-05-12T19:41:40","slug":"reconoce-imss-guerrero-el-trabajo-de-las-y-los-profesionales-de-enfermeria","status":"publish","type":"post","link":"https:\/\/www.interaccionnoticias.com.mx\/?p=90832","title":{"rendered":"Reconoce IMSS Guerrero el trabajo de las y los profesionales de Enfermer\u00eda"},"content":{"rendered":"\n<p><em><strong>&#8211;En Guerrero son m\u00e1s de mil 600 enfermeras y enfermeros que atienden a derechohabientes<\/strong><\/em><\/p>\n\n\n\n<p><strong>Rosario Garc\u00eda Orozco<\/strong><\/p>\n\n\n\n<p>En el marco del D\u00eda Internacional de la Enfermer\u00eda, que se celebra hoy 12 de mayo, el Instituto Mexicano del Seguro Social (IMSS) en Guerrero reconoci\u00f3 la labor de las m\u00e1s de mil 600 enfermeras y enfermeros que se dedican al cuidado de la salud de las personas, sus familias y comunidades.<\/p>\n\n\n\n<p>En ese sentido, la enfermera Mar\u00eda del Carmen Bello Flores, titular de la Coordinaci\u00f3n de Enfermer\u00eda en Salud P\u00fablica del IMSS Guerrero, se\u00f1al\u00f3 que la Enfermer\u00eda es una de las categor\u00edas fundamentales del Instituto, \u00abno s\u00f3lo por su labor en el cuidado de las y los pacientes, sino tambi\u00e9n por su compromiso en la promoci\u00f3n de la salud, prevenci\u00f3n de enfermedades y rehabilitaci\u00f3n de quienes enfrentan secuelas por padecimientos\u00bb.<\/p>\n\n\n\n<p>Enfatiz\u00f3 que el personal de Enfermer\u00eda no s\u00f3lo cuida al enfermo, tambi\u00e9n ense\u00f1a al sano a mantenerse as\u00ed, al enfermo a evitar complicaciones, y al que se complica, a rehabilitarse, y mencion\u00f3 que en los hospitales, las y los enfermeros est\u00e1n presentes las 24 horas para brindar atenci\u00f3n y detectar de manera oportuna posibles complicaciones, lo cual contribuye significativamente a la calidad del servicio.<\/p>\n\n\n\n<p>Explic\u00f3 que gracias a la labor comprometida del personal de Enfermer\u00eda, el IMSS ha enfrentado con \u00e9xito pandemias, desastres naturales y ha contribuido a la erradicaci\u00f3n de diversas enfermedades, e hizo referencia a que la labor de las enfermeras y los enfermeros del IMSS Guerrero, fue clave durante emergencias como el hurac\u00e1n Otis y el hurac\u00e1n John, donde su participaci\u00f3n fue fundamental para salvaguardar la integridad de los derechohabientes.<\/p>\n\n\n\n<p>Bello Flores destac\u00f3 que IMSS reconoce la importancia de las cuatro \u00e1reas espec\u00edficas donde se desempe\u00f1a el personal de Enfermer\u00eda, funciones sustantivas que permiten otorgar un cuidado oportuno, de calidad y con calidez, como lo son cuidado del enfermo de manera directa, +\u00e1rea administrativa, docencia e investigaci\u00f3n.<\/p>\n\n\n\n<p>Por un lado reconoci\u00f3 la labor de enfermeros y enfermeras, y los exhort\u00f3 a continuar con esta noble labor de servicio humano, pero tambi\u00e9n hizo un llamado a la sociedad para valorar, apoyar y visibilizar el liderazgo del personal de enfermer\u00eda en la construcci\u00f3n de una mejor salud para todos.<\/p>\n\n\n\n<figure class=\"wp-block-gallery has-nested-images columns-default is-cropped wp-block-gallery-1 is-layout-flex wp-block-gallery-is-layout-flex\">\n<figure class=\"wp-block-image size-large\"><img decoding=\"async\" src=\"data:image\/gif;base64,R0lGODlhAQABAIAAAAAAAP\/\/\/ywAAAAAAQABAAACAUwAOw==\" fifu-lazy=\"1\" fifu-data-sizes=\"auto\" fifu-data-srcset=\"https:\/\/i3.wp.com\/www.interaccionnoticias.com.mx\/wp-content\/uploads\/2025\/05\/250512-IMSS-Guerrero-1.jpg?ssl=1&w=75&resize=75&ssl=1 75w, https:\/\/i3.wp.com\/www.interaccionnoticias.com.mx\/wp-content\/uploads\/2025\/05\/250512-IMSS-Guerrero-1.jpg?ssl=1&w=100&resize=100&ssl=1 100w, https:\/\/i3.wp.com\/www.interaccionnoticias.com.mx\/wp-content\/uploads\/2025\/05\/250512-IMSS-Guerrero-1.jpg?ssl=1&w=150&resize=150&ssl=1 150w, https:\/\/i3.wp.com\/www.interaccionnoticias.com.mx\/wp-content\/uploads\/2025\/05\/250512-IMSS-Guerrero-1.jpg?ssl=1&w=240&resize=240&ssl=1 240w, https:\/\/i3.wp.com\/www.interaccionnoticias.com.mx\/wp-content\/uploads\/2025\/05\/250512-IMSS-Guerrero-1.jpg?ssl=1&w=320&resize=320&ssl=1 320w, https:\/\/i3.wp.com\/www.interaccionnoticias.com.mx\/wp-content\/uploads\/2025\/05\/250512-IMSS-Guerrero-1.jpg?ssl=1&w=500&resize=500&ssl=1 500w, https:\/\/i3.wp.com\/www.interaccionnoticias.com.mx\/wp-content\/uploads\/2025\/05\/250512-IMSS-Guerrero-1.jpg?ssl=1&w=640&resize=640&ssl=1 640w, https:\/\/i3.wp.com\/www.interaccionnoticias.com.mx\/wp-content\/uploads\/2025\/05\/250512-IMSS-Guerrero-1.jpg?ssl=1&w=800&resize=800&ssl=1 800w, https:\/\/i3.wp.com\/www.interaccionnoticias.com.mx\/wp-content\/uploads\/2025\/05\/250512-IMSS-Guerrero-1.jpg?ssl=1&w=1024&resize=1024&ssl=1 1024w, https:\/\/i3.wp.com\/www.interaccionnoticias.com.mx\/wp-content\/uploads\/2025\/05\/250512-IMSS-Guerrero-1.jpg?ssl=1&w=1280&resize=1280&ssl=1 1280w, https:\/\/i3.wp.com\/www.interaccionnoticias.com.mx\/wp-content\/uploads\/2025\/05\/250512-IMSS-Guerrero-1.jpg?ssl=1&w=1600&resize=1600&ssl=1 1600w\" data-id=\"90833\" fifu-data-src=\"https:\/\/i3.wp.com\/www.interaccionnoticias.com.mx\/wp-content\/uploads\/2025\/05\/250512-IMSS-Guerrero-1.jpg?ssl=1\" alt=\"\" class=\"wp-image-90833\"\/><\/figure>\n\n\n\n<figure class=\"wp-block-image size-large\"><img decoding=\"async\" src=\"data:image\/gif;base64,R0lGODlhAQABAIAAAAAAAP\/\/\/ywAAAAAAQABAAACAUwAOw==\" fifu-lazy=\"1\" fifu-data-sizes=\"auto\" fifu-data-srcset=\"https:\/\/i3.wp.com\/www.interaccionnoticias.com.mx\/wp-content\/uploads\/2025\/05\/250512-IMSS-Guerrero-2.jpg?ssl=1&w=75&resize=75&ssl=1 75w, https:\/\/i3.wp.com\/www.interaccionnoticias.com.mx\/wp-content\/uploads\/2025\/05\/250512-IMSS-Guerrero-2.jpg?ssl=1&w=100&resize=100&ssl=1 100w, https:\/\/i3.wp.com\/www.interaccionnoticias.com.mx\/wp-content\/uploads\/2025\/05\/250512-IMSS-Guerrero-2.jpg?ssl=1&w=150&resize=150&ssl=1 150w, https:\/\/i3.wp.com\/www.interaccionnoticias.com.mx\/wp-content\/uploads\/2025\/05\/250512-IMSS-Guerrero-2.jpg?ssl=1&w=240&resize=240&ssl=1 240w, https:\/\/i3.wp.com\/www.interaccionnoticias.com.mx\/wp-content\/uploads\/2025\/05\/250512-IMSS-Guerrero-2.jpg?ssl=1&w=320&resize=320&ssl=1 320w, https:\/\/i3.wp.com\/www.interaccionnoticias.com.mx\/wp-content\/uploads\/2025\/05\/250512-IMSS-Guerrero-2.jpg?ssl=1&w=500&resize=500&ssl=1 500w, https:\/\/i3.wp.com\/www.interaccionnoticias.com.mx\/wp-content\/uploads\/2025\/05\/250512-IMSS-Guerrero-2.jpg?ssl=1&w=640&resize=640&ssl=1 640w, https:\/\/i3.wp.com\/www.interaccionnoticias.com.mx\/wp-content\/uploads\/2025\/05\/250512-IMSS-Guerrero-2.jpg?ssl=1&w=800&resize=800&ssl=1 800w, https:\/\/i3.wp.com\/www.interaccionnoticias.com.mx\/wp-content\/uploads\/2025\/05\/250512-IMSS-Guerrero-2.jpg?ssl=1&w=1024&resize=1024&ssl=1 1024w, https:\/\/i3.wp.com\/www.interaccionnoticias.com.mx\/wp-content\/uploads\/2025\/05\/250512-IMSS-Guerrero-2.jpg?ssl=1&w=1280&resize=1280&ssl=1 1280w, https:\/\/i3.wp.com\/www.interaccionnoticias.com.mx\/wp-content\/uploads\/2025\/05\/250512-IMSS-Guerrero-2.jpg?ssl=1&w=1600&resize=1600&ssl=1 1600w\" data-id=\"90834\" fifu-data-src=\"https:\/\/i3.wp.com\/www.interaccionnoticias.com.mx\/wp-content\/uploads\/2025\/05\/250512-IMSS-Guerrero-2.jpg?ssl=1\" alt=\"\" class=\"wp-image-90834\"\/><\/figure>\n<\/figure>\n","protected":false},"excerpt":{"rendered":"<p>&#8211;En Guerrero son m\u00e1s de mil 600 enfermeras y enfermeros que atienden a derechohabientes Rosario Garc\u00eda Orozco En el marco del D\u00eda Internacional de la Enfermer\u00eda, que se celebra hoy&hellip; <\/p>\n","protected":false},"author":14,"featured_media":90833,"comment_status":"open","ping_status":"open","sticky":false,"template":"","format":"standard","meta":{"fifu_image_url":"","fifu_image_alt":"","footnotes":""},"categories":[26],"tags":[],"class_list":["post-90832","post","type-post","status-publish","format-standard","has-post-thumbnail","hentry","category-salud"],"_links":{"self":[{"href":"https:\/\/www.interaccionnoticias.com.mx\/index.php?rest_route=\/wp\/v2\/posts\/90832","targetHints":{"allow":["GET"]}}],"collection":[{"href":"https:\/\/www.interaccionnoticias.com.mx\/index.php?rest_route=\/wp\/v2\/posts"}],"about":[{"href":"https:\/\/www.interaccionnoticias.com.mx\/index.php?rest_route=\/wp\/v2\/types\/post"}],"author":[{"embeddable":true,"href":"https:\/\/www.interaccionnoticias.com.mx\/index.php?rest_route=\/wp\/v2\/users\/14"}],"replies":[{"embeddable":true,"href":"https:\/\/www.interaccionnoticias.com.mx\/index.php?rest_route=%2Fwp%2Fv2%2Fcomments&post=90832"}],"version-history":[{"count":1,"href":"https:\/\/www.interaccionnoticias.com.mx\/index.php?rest_route=\/wp\/v2\/posts\/90832\/revisions"}],"predecessor-version":[{"id":90835,"href":"https:\/\/www.interaccionnoticias.com.mx\/index.php?rest_route=\/wp\/v2\/posts\/90832\/revisions\/90835"}],"wp:featuredmedia":[{"embeddable":true,"href":"https:\/\/www.interaccionnoticias.com.mx\/index.php?rest_route=\/wp\/v2\/media\/90833"}],"wp:attachment":[{"href":"https:\/\/www.interaccionnoticias.com.mx\/index.php?rest_route=%2Fwp%2Fv2%2Fmedia&parent=90832"}],"wp:term":[{"taxonomy":"category","embeddable":true,"href":"https:\/\/www.interaccionnoticias.com.mx\/index.php?rest_route=%2Fwp%2Fv2%2Fcategories&post=90832"},{"taxonomy":"post_tag","embeddable":true,"href":"https:\/\/www.interaccionnoticias.com.mx\/index.php?rest_route=%2Fwp%2Fv2%2Ftags&post=90832"}],"curies":[{"name":"wp","href":"https:\/\/api.w.org\/{rel}","templated":true}]}}