{"id":90827,"date":"2025-05-12T13:37:08","date_gmt":"2025-05-12T19:37:08","guid":{"rendered":"https:\/\/www.interaccionnoticias.com.mx\/?p=90827"},"modified":"2025-05-12T13:37:09","modified_gmt":"2025-05-12T19:37:09","slug":"prd-guerrero-somos-lo-que-somos-y-estamos-los-que-estamos","status":"publish","type":"post","link":"https:\/\/www.interaccionnoticias.com.mx\/?p=90827","title":{"rendered":"PRD-Guerrero: \u201cSomos lo que somos y estamos los que estamos\u201d"},"content":{"rendered":"\n<p><em><strong>&#8212; El dirigente estatal, Evodio Vel\u00e1zquez asegura que dicho partido se sacudi\u00f3 a muchos de los que le hicieron da\u00f1o<br>&#8212; Ya est\u00e1 en marcha la difusi\u00f3n de la nueva imagen de ese partido, as\u00ed como la afiliaci\u00f3n de nuevos militantes<\/strong><\/em><\/p>\n\n\n\n<p><strong>Rosario Garc\u00eda Orozco<\/strong><\/p>\n\n\n\n<p>\u00abHoy el PRD se sacudi\u00f3 a muchos de los que le hicieron da\u00f1o\u00bb, asegur\u00f3 el dirigente estatal de ese partido, Evodio Vel\u00e1zquez Aguirre, durante el inicio de la campa\u00f1a para dar difusi\u00f3n a la nueva imagen de ese instituto pol\u00edtico y para empezar con el proceso de afiliaci\u00f3n de militantes en todo el estado.<\/p>\n\n\n\n<p>Mencion\u00f3 que en este nuevo comienzo del partido, \u00abempezamos los que verdaderamente nos estamos poniendo la camiseta, los que no nos fuimos con el canto de las sirenas y no nos fuimos a pesar de muchas invitaciones, la congruencia vale y debe ser nuestra principal bandera en el PRD\u00bb.<\/p>\n\n\n\n<p>En el PRD \u00abestamos recuperando nuestra esencia, regresando a nuestro origen, a la izquierda, estamos recuperando nuestro trabajo territorial, estamos concientes de lo que debemos hacer y de lo que nunca debimos alejarnos, que es de lo que la gente, el pueblo, la sociedad quieren del PRD, y debemos convertirnos en un veh\u00edculo de la demanda de la ciudadania\u00bb, expres\u00f3 el perredista.<\/p>\n\n\n\n<p>Se refiri\u00f3 al PRD Guerrero, ahora como partido estatal, como la oportunidad de un nuevo comienzo, y adelant\u00f3 que en los siguientes d\u00edas se llevar\u00e1n a cabo compa\u00f1\u00edas de colocaci\u00f3n de microperforados en los autos, como parte de la difusi\u00f3n de la nueva imagen de ese partido, con recorridos en Acapulco, Zihuatanejo, Iguala, en la regi\u00f3n de La Monta\u00f1a y en todo el estado.<\/p>\n\n\n\n<p>Explic\u00f3 que van a buscan mantener por lo menos los 100 mil votos logrados en la elecci\u00f3n anterior, que les permiti\u00f3 ganar 10 presidencias municipales y contar hoy con 4 curules en el Congreso Local, \u00ablo que nos coloca entre las 4 fuerzas principales en el estado de Guerrero a pesar de todo\u00bb.<\/p>\n\n\n\n<p>Evodio Vel\u00e1zquez insisti\u00f3 en que el PRD regresar\u00e1 a su naturaleza de partido de izquierda y hacer alianzas con otros partidos tambi\u00e9n de izquierda, sin embargo, \u00abpero eso no quiere decir que nosotros estemos entregados a uno o a otro partido, nosotros tenemos nuestra propia ruta y nuestra propia visi\u00f3n, pero vamos a caminar en las coincidencias\u00bb.<\/p>\n\n\n\n<p>En torno al proceso del 2027, mencion\u00f3 que es muy temprano para hablar de alianzas, pero s\u00ed enfatiz\u00f3 que el Partido de la Revoluci\u00f3n Democr\u00e1tica tiene candidatos \u00abpara lo que quieran, hay con qu\u00e9 y vamos a trabajar para decirles que vamos a presentar nuestras cartas y que sean medidas con quien deban de medirse y que vayan los mejores candidatos y candidatas\u00bb.<\/p>\n\n\n\n<p>El diputado Robell Uri\u00f3stegui Pati\u00f1o, coordinador de la fracci\u00f3n parlamentaria del PRD en el Congreso Local, mencion\u00f3 que quienes se quedaron en ese partido van a continuar en el trabajo de difusi\u00f3n de la nuev imagen y de la campa\u00f1a de filiacion, \u00aben el Congreso lo hemos platicando con nuestros compa\u00f1eros diputados que vamos a seguir caminando con el comit\u00e9 estatal y los municipales en este nueva ruta, vamos a realizar recorridos como este en Chilpancingo y lo vamos a hacer en todo el estado, porque el PRD sigue de pie, sigue en lucha, y estar\u00e1 dando resultados\u00bb.<\/p>\n\n\n\n<figure class=\"wp-block-gallery has-nested-images columns-default is-cropped wp-block-gallery-1 is-layout-flex wp-block-gallery-is-layout-flex\">\n<figure class=\"wp-block-image size-large\"><img decoding=\"async\" src=\"data:image\/gif;base64,R0lGODlhAQABAIAAAAAAAP\/\/\/ywAAAAAAQABAAACAUwAOw==\" fifu-lazy=\"1\" fifu-data-sizes=\"auto\" fifu-data-srcset=\"https:\/\/i0.wp.com\/www.interaccionnoticias.com.mx\/wp-content\/uploads\/2025\/05\/250512-PRD-Guerrero-3.jpg?ssl=1&w=75&resize=75&ssl=1 75w, https:\/\/i0.wp.com\/www.interaccionnoticias.com.mx\/wp-content\/uploads\/2025\/05\/250512-PRD-Guerrero-3.jpg?ssl=1&w=100&resize=100&ssl=1 100w, https:\/\/i0.wp.com\/www.interaccionnoticias.com.mx\/wp-content\/uploads\/2025\/05\/250512-PRD-Guerrero-3.jpg?ssl=1&w=150&resize=150&ssl=1 150w, https:\/\/i0.wp.com\/www.interaccionnoticias.com.mx\/wp-content\/uploads\/2025\/05\/250512-PRD-Guerrero-3.jpg?ssl=1&w=240&resize=240&ssl=1 240w, https:\/\/i0.wp.com\/www.interaccionnoticias.com.mx\/wp-content\/uploads\/2025\/05\/250512-PRD-Guerrero-3.jpg?ssl=1&w=320&resize=320&ssl=1 320w, https:\/\/i0.wp.com\/www.interaccionnoticias.com.mx\/wp-content\/uploads\/2025\/05\/250512-PRD-Guerrero-3.jpg?ssl=1&w=500&resize=500&ssl=1 500w, https:\/\/i0.wp.com\/www.interaccionnoticias.com.mx\/wp-content\/uploads\/2025\/05\/250512-PRD-Guerrero-3.jpg?ssl=1&w=640&resize=640&ssl=1 640w, https:\/\/i0.wp.com\/www.interaccionnoticias.com.mx\/wp-content\/uploads\/2025\/05\/250512-PRD-Guerrero-3.jpg?ssl=1&w=800&resize=800&ssl=1 800w, https:\/\/i0.wp.com\/www.interaccionnoticias.com.mx\/wp-content\/uploads\/2025\/05\/250512-PRD-Guerrero-3.jpg?ssl=1&w=1024&resize=1024&ssl=1 1024w, https:\/\/i0.wp.com\/www.interaccionnoticias.com.mx\/wp-content\/uploads\/2025\/05\/250512-PRD-Guerrero-3.jpg?ssl=1&w=1280&resize=1280&ssl=1 1280w, https:\/\/i0.wp.com\/www.interaccionnoticias.com.mx\/wp-content\/uploads\/2025\/05\/250512-PRD-Guerrero-3.jpg?ssl=1&w=1600&resize=1600&ssl=1 1600w\" data-id=\"90830\" fifu-data-src=\"https:\/\/i0.wp.com\/www.interaccionnoticias.com.mx\/wp-content\/uploads\/2025\/05\/250512-PRD-Guerrero-3.jpg?ssl=1\" alt=\"\" class=\"wp-image-90830\"\/><\/figure>\n\n\n\n<figure class=\"wp-block-image size-large\"><img decoding=\"async\" src=\"data:image\/gif;base64,R0lGODlhAQABAIAAAAAAAP\/\/\/ywAAAAAAQABAAACAUwAOw==\" fifu-lazy=\"1\" fifu-data-sizes=\"auto\" fifu-data-srcset=\"https:\/\/i0.wp.com\/www.interaccionnoticias.com.mx\/wp-content\/uploads\/2025\/05\/250512-PRD-Guerrero-1.jpg?ssl=1&w=75&resize=75&ssl=1 75w, https:\/\/i0.wp.com\/www.interaccionnoticias.com.mx\/wp-content\/uploads\/2025\/05\/250512-PRD-Guerrero-1.jpg?ssl=1&w=100&resize=100&ssl=1 100w, https:\/\/i0.wp.com\/www.interaccionnoticias.com.mx\/wp-content\/uploads\/2025\/05\/250512-PRD-Guerrero-1.jpg?ssl=1&w=150&resize=150&ssl=1 150w, https:\/\/i0.wp.com\/www.interaccionnoticias.com.mx\/wp-content\/uploads\/2025\/05\/250512-PRD-Guerrero-1.jpg?ssl=1&w=240&resize=240&ssl=1 240w, https:\/\/i0.wp.com\/www.interaccionnoticias.com.mx\/wp-content\/uploads\/2025\/05\/250512-PRD-Guerrero-1.jpg?ssl=1&w=320&resize=320&ssl=1 320w, https:\/\/i0.wp.com\/www.interaccionnoticias.com.mx\/wp-content\/uploads\/2025\/05\/250512-PRD-Guerrero-1.jpg?ssl=1&w=500&resize=500&ssl=1 500w, https:\/\/i0.wp.com\/www.interaccionnoticias.com.mx\/wp-content\/uploads\/2025\/05\/250512-PRD-Guerrero-1.jpg?ssl=1&w=640&resize=640&ssl=1 640w, https:\/\/i0.wp.com\/www.interaccionnoticias.com.mx\/wp-content\/uploads\/2025\/05\/250512-PRD-Guerrero-1.jpg?ssl=1&w=800&resize=800&ssl=1 800w, https:\/\/i0.wp.com\/www.interaccionnoticias.com.mx\/wp-content\/uploads\/2025\/05\/250512-PRD-Guerrero-1.jpg?ssl=1&w=1024&resize=1024&ssl=1 1024w, https:\/\/i0.wp.com\/www.interaccionnoticias.com.mx\/wp-content\/uploads\/2025\/05\/250512-PRD-Guerrero-1.jpg?ssl=1&w=1280&resize=1280&ssl=1 1280w, https:\/\/i0.wp.com\/www.interaccionnoticias.com.mx\/wp-content\/uploads\/2025\/05\/250512-PRD-Guerrero-1.jpg?ssl=1&w=1600&resize=1600&ssl=1 1600w\" data-id=\"90828\" fifu-data-src=\"https:\/\/i0.wp.com\/www.interaccionnoticias.com.mx\/wp-content\/uploads\/2025\/05\/250512-PRD-Guerrero-1.jpg?ssl=1\" alt=\"\" class=\"wp-image-90828\"\/><\/figure>\n\n\n\n<figure class=\"wp-block-image size-large\"><img decoding=\"async\" src=\"data:image\/gif;base64,R0lGODlhAQABAIAAAAAAAP\/\/\/ywAAAAAAQABAAACAUwAOw==\" fifu-lazy=\"1\" fifu-data-sizes=\"auto\" fifu-data-srcset=\"https:\/\/i0.wp.com\/www.interaccionnoticias.com.mx\/wp-content\/uploads\/2025\/05\/250512-PRD-Guerrero-2.jpg?ssl=1&w=75&resize=75&ssl=1 75w, https:\/\/i0.wp.com\/www.interaccionnoticias.com.mx\/wp-content\/uploads\/2025\/05\/250512-PRD-Guerrero-2.jpg?ssl=1&w=100&resize=100&ssl=1 100w, https:\/\/i0.wp.com\/www.interaccionnoticias.com.mx\/wp-content\/uploads\/2025\/05\/250512-PRD-Guerrero-2.jpg?ssl=1&w=150&resize=150&ssl=1 150w, https:\/\/i0.wp.com\/www.interaccionnoticias.com.mx\/wp-content\/uploads\/2025\/05\/250512-PRD-Guerrero-2.jpg?ssl=1&w=240&resize=240&ssl=1 240w, https:\/\/i0.wp.com\/www.interaccionnoticias.com.mx\/wp-content\/uploads\/2025\/05\/250512-PRD-Guerrero-2.jpg?ssl=1&w=320&resize=320&ssl=1 320w, https:\/\/i0.wp.com\/www.interaccionnoticias.com.mx\/wp-content\/uploads\/2025\/05\/250512-PRD-Guerrero-2.jpg?ssl=1&w=500&resize=500&ssl=1 500w, https:\/\/i0.wp.com\/www.interaccionnoticias.com.mx\/wp-content\/uploads\/2025\/05\/250512-PRD-Guerrero-2.jpg?ssl=1&w=640&resize=640&ssl=1 640w, https:\/\/i0.wp.com\/www.interaccionnoticias.com.mx\/wp-content\/uploads\/2025\/05\/250512-PRD-Guerrero-2.jpg?ssl=1&w=800&resize=800&ssl=1 800w, https:\/\/i0.wp.com\/www.interaccionnoticias.com.mx\/wp-content\/uploads\/2025\/05\/250512-PRD-Guerrero-2.jpg?ssl=1&w=1024&resize=1024&ssl=1 1024w, https:\/\/i0.wp.com\/www.interaccionnoticias.com.mx\/wp-content\/uploads\/2025\/05\/250512-PRD-Guerrero-2.jpg?ssl=1&w=1280&resize=1280&ssl=1 1280w, https:\/\/i0.wp.com\/www.interaccionnoticias.com.mx\/wp-content\/uploads\/2025\/05\/250512-PRD-Guerrero-2.jpg?ssl=1&w=1600&resize=1600&ssl=1 1600w\" data-id=\"90829\" fifu-data-src=\"https:\/\/i0.wp.com\/www.interaccionnoticias.com.mx\/wp-content\/uploads\/2025\/05\/250512-PRD-Guerrero-2.jpg?ssl=1\" alt=\"\" class=\"wp-image-90829\"\/><\/figure>\n<\/figure>\n","protected":false},"excerpt":{"rendered":"<p>&#8212; El dirigente estatal, Evodio Vel\u00e1zquez asegura que dicho partido se sacudi\u00f3 a muchos de los que le hicieron da\u00f1o&#8212; Ya est\u00e1 en marcha la difusi\u00f3n de la nueva imagen&hellip; <\/p>\n","protected":false},"author":14,"featured_media":90828,"comment_status":"open","ping_status":"open","sticky":false,"template":"","format":"standard","meta":{"fifu_image_url":"","fifu_image_alt":"","footnotes":""},"categories":[18],"tags":[],"class_list":["post-90827","post","type-post","status-publish","format-standard","has-post-thumbnail","hentry","category-partidos-politicos"],"_links":{"self":[{"href":"https:\/\/www.interaccionnoticias.com.mx\/index.php?rest_route=\/wp\/v2\/posts\/90827","targetHints":{"allow":["GET"]}}],"collection":[{"href":"https:\/\/www.interaccionnoticias.com.mx\/index.php?rest_route=\/wp\/v2\/posts"}],"about":[{"href":"https:\/\/www.interaccionnoticias.com.mx\/index.php?rest_route=\/wp\/v2\/types\/post"}],"author":[{"embeddable":true,"href":"https:\/\/www.interaccionnoticias.com.mx\/index.php?rest_route=\/wp\/v2\/users\/14"}],"replies":[{"embeddable":true,"href":"https:\/\/www.interaccionnoticias.com.mx\/index.php?rest_route=%2Fwp%2Fv2%2Fcomments&post=90827"}],"version-history":[{"count":1,"href":"https:\/\/www.interaccionnoticias.com.mx\/index.php?rest_route=\/wp\/v2\/posts\/90827\/revisions"}],"predecessor-version":[{"id":90831,"href":"https:\/\/www.interaccionnoticias.com.mx\/index.php?rest_route=\/wp\/v2\/posts\/90827\/revisions\/90831"}],"wp:featuredmedia":[{"embeddable":true,"href":"https:\/\/www.interaccionnoticias.com.mx\/index.php?rest_route=\/wp\/v2\/media\/90828"}],"wp:attachment":[{"href":"https:\/\/www.interaccionnoticias.com.mx\/index.php?rest_route=%2Fwp%2Fv2%2Fmedia&parent=90827"}],"wp:term":[{"taxonomy":"category","embeddable":true,"href":"https:\/\/www.interaccionnoticias.com.mx\/index.php?rest_route=%2Fwp%2Fv2%2Fcategories&post=90827"},{"taxonomy":"post_tag","embeddable":true,"href":"https:\/\/www.interaccionnoticias.com.mx\/index.php?rest_route=%2Fwp%2Fv2%2Ftags&post=90827"}],"curies":[{"name":"wp","href":"https:\/\/api.w.org\/{rel}","templated":true}]}}