{"id":9054,"date":"2017-10-09T18:06:41","date_gmt":"2017-10-09T23:06:41","guid":{"rendered":"http:\/\/www.inter-accion.com.mx\/?p=9054"},"modified":"2017-10-09T18:06:41","modified_gmt":"2017-10-09T23:06:41","slug":"desconfian-periodistas-de-mecanismos-de-proteccion","status":"publish","type":"post","link":"https:\/\/www.interaccionnoticias.com.mx\/?p=9054","title":{"rendered":"Desconf\u00edan periodistas de mecanismos de protecci\u00f3n"},"content":{"rendered":"<p><br \/>\n<strong>El crimen de Edgar Daniel, el foto periodista, es una muestra dicen<\/strong><br \/>\n<strong>Protestan en La Diana en Acapulco<\/strong><br \/>\n<strong>Acapulco, Gro.-<\/strong> Luego del homicidio del foto periodista del estado de San Luis Potos\u00ed, Edgar Daniel Esqueda Castro, comunicadores de Acapulco, manifestaron su desconfianza en los mecanismos y protocolos de seguridad.<br \/>\nUn sondeo realizado por comunicadores porte\u00f1os evidenci\u00f3 la falta de confianza en dicha estrategia de protecci\u00f3n a periodistas.<br \/>\nEl decano periodista en Guerrero, Carlos Ortiz Moreno reproch\u00f3 a los gobiernos federal y los estatales que los mecanismos de protecci\u00f3n para los periodistas no funcionan, pues siguen siendo asesinados.<br \/>\n\u201cSI o est\u00e1n funcionando, generan desconfianza. En mi opini\u00f3n es que por tel\u00e9fono nadie te puede vigilar. El asunto reciente del compa\u00f1ero de San Luis Potos\u00ed, ya sab\u00eda que lo ten\u00edan ubicado.<br \/>\n\u201cEl mecanismo de protecci\u00f3n que est\u00e1 vigente arece que a nadie le interesa porque se ha visto que las autoridades locales a las que se les requiere de ayuda al periodista, pues simple y sencillamente se hacen las invisibles\u201d, dijo.<br \/>\nEjemplific\u00f3 que lo ocurrido al fotoperiodista Edgar Daniel Ezqueda, es una muestra de que los mecanismos oficiales de protecci\u00f3n no funcionan, pues lo sacaron de su casa enfrente de toda su familia y lo mataron, remarc\u00f3.<br \/>\nLa reportera de radio Maribel Helguera cit\u00f3 que si los mecanismos no est\u00e1n definidos en un protocolo con seguimiento son simplemente \u201cuna cortina de humo\u201d, pues estim\u00f3 que no hay inter\u00e9s real.<br \/>\nA su vez el comentarista radiof\u00f3nico Misael Habana de los Santos, estimo que es urgente la coordinaci\u00f3n con organizaciones de periodistas, basados en experiencias que se han realizado en otros pa\u00edses con relativo \u00e9xito.<br \/>\n\u201cLos gobiernos deben solo brindar las garant\u00edas y facilidades para que los trabajadores de los medios creen toda la estructura de protecci\u00f3n. El gobierno solo debe coadyuvar en la creaci\u00f3n de estos mecanismos\u201d, insisti\u00f3.<br \/>\nCarlos Y\u00e1\u00f1ez Cruz, corresponsal de ABC radio, sostuvo que el mecanismo es meramente burocr\u00e1tico, pues al momento de la alerta no da tiempo de emitir la llamada de auxilio a las autoridades.<br \/>\nMientras que el director del Portal Libertad Guerrero, Francisco C\u00e1rdenas Cruz, sostuvo que la impunidad sigue alentando los cr\u00edmenes contra comunicadores y que prevalece la morosidad de las autoridades para determinar si el comunicador se encuentra en riesgo de muerte.<br \/>\nPor la ma\u00f1ana con mantas, en la glorieta de La Diana, y sobre la costera Miguel Alem\u00e1n, protestaron por la muerte del foto reportero de San Luis Potos\u00ed, Ezqueda Castro sobre la costera Miguel Alem\u00e1n.<br \/>\nDurante m\u00e1s de dos horas y desde las 10 de la ma\u00f1ana reporteros, locutores de radio, foto reporteros y corresponsales de diversos medios realizaron una protesta por las constantes agresiones al gremio period\u00edsticos.<br \/>\nApostados a un costado de la glorieta de La Diana Cazadora, los comunicadores colocaron mantas con la leyenda \u00abNos est\u00e1n matando\u00bb, otra que dice \u00abNo al Silencio\u00bb, y \u00abNi un periodista m\u00e1s\u00bb.<\/p>\n","protected":false},"excerpt":{"rendered":"<p>El crimen de Edgar Daniel, el foto periodista, es una muestra dicen Protestan en La Diana en Acapulco Acapulco, Gro.- Luego del homicidio del foto periodista del estado de San&hellip; <\/p>\n","protected":false},"author":1,"featured_media":0,"comment_status":"closed","ping_status":"closed","sticky":false,"template":"","format":"standard","meta":{"fifu_image_url":"","fifu_image_alt":"","footnotes":""},"categories":[8,15],"tags":[],"class_list":["post-9054","post","type-post","status-publish","format-standard","hentry","category-featured","category-movimientos-sociales"],"_links":{"self":[{"href":"https:\/\/www.interaccionnoticias.com.mx\/index.php?rest_route=\/wp\/v2\/posts\/9054","targetHints":{"allow":["GET"]}}],"collection":[{"href":"https:\/\/www.interaccionnoticias.com.mx\/index.php?rest_route=\/wp\/v2\/posts"}],"about":[{"href":"https:\/\/www.interaccionnoticias.com.mx\/index.php?rest_route=\/wp\/v2\/types\/post"}],"author":[{"embeddable":true,"href":"https:\/\/www.interaccionnoticias.com.mx\/index.php?rest_route=\/wp\/v2\/users\/1"}],"replies":[{"embeddable":true,"href":"https:\/\/www.interaccionnoticias.com.mx\/index.php?rest_route=%2Fwp%2Fv2%2Fcomments&post=9054"}],"version-history":[{"count":0,"href":"https:\/\/www.interaccionnoticias.com.mx\/index.php?rest_route=\/wp\/v2\/posts\/9054\/revisions"}],"wp:attachment":[{"href":"https:\/\/www.interaccionnoticias.com.mx\/index.php?rest_route=%2Fwp%2Fv2%2Fmedia&parent=9054"}],"wp:term":[{"taxonomy":"category","embeddable":true,"href":"https:\/\/www.interaccionnoticias.com.mx\/index.php?rest_route=%2Fwp%2Fv2%2Fcategories&post=9054"},{"taxonomy":"post_tag","embeddable":true,"href":"https:\/\/www.interaccionnoticias.com.mx\/index.php?rest_route=%2Fwp%2Fv2%2Ftags&post=9054"}],"curies":[{"name":"wp","href":"https:\/\/api.w.org\/{rel}","templated":true}]}}