{"id":90524,"date":"2025-04-23T17:38:00","date_gmt":"2025-04-23T23:38:00","guid":{"rendered":"https:\/\/www.interaccionnoticias.com.mx\/?p=90524"},"modified":"2025-04-23T21:49:53","modified_gmt":"2025-04-24T03:49:53","slug":"proponen-en-el-congreso-local-sumar-a-ciudadanos-a-cuidado-de-espacios-publicos","status":"publish","type":"post","link":"https:\/\/www.interaccionnoticias.com.mx\/?p=90524","title":{"rendered":"Proponen en el Congreso local sumar a ciudadanos a cuidado de espacios p\u00fablicos"},"content":{"rendered":"\n<p><strong><em>&#8212; La diputada local Citlali Calixto Jim\u00e9nez indic\u00f3 que en caso de no realizar estas acciones se puede contribuir al deterioro y abandono, \u00abcreando entornos propicios para actividades delictivas y se conviertan en tiraderos de residuos y generen fauna nociva y contaminaci\u00f3n\u00bb<\/em><\/strong><\/p>\n\n\n\n<p><strong>Yasm\u00edn Garc\u00eda<\/strong><\/p>\n\n\n\n<p>La diputada local, Citlalli Calixto Jim\u00e9nez present\u00f3 una iniciativa de reforma y adici\u00f3n a la Ley de Asentamientos Humanos, Ordenamiento Territorial y Desarrollo Urbano del Estado de Guerrero, para fortalecer a los ciudadanos legalmente a los esfuerzos del gobierno estatal y municipal en el mantenimiento y cuidado de espacios p\u00fablicos.<\/p>\n\n\n\n<p>\u00abEl mantenimiento adecuado de los espacios p\u00fablicos como parques, canchas y centros comunitarios es una necesidad urgente y una obligaci\u00f3n legal de las autoridades. Desde una perspectiva de desarrollo urbano, movilidad y derechos humanos, estos espacios juegan un papel crucial en el fortalecimiento de los lazos comunitarios, en la prevenci\u00f3n del delito y en el mejoramiento del nivel de vida de las familias\u00bb, expres\u00f3 en tribuna durante la sesi\u00f3n de este mi\u00e9rcoles en el Congreso local.<\/p>\n\n\n\n<p>Fundamento que La Constituci\u00f3n Pol\u00edtica de los Estados Unidos Mexicanos establece en su art\u00edculo 115 que los municipios tienen la obligaci\u00f3n de prestar los servicios p\u00fablicos de parques, jardines y su mantenimiento.<\/p>\n\n\n\n<p>Adem\u00e1s de que es una obligaci\u00f3n de los gobiernos municipales incluir en sus planes y programas municipales de desarrollo urbano las acciones de mejoramiento y conservaci\u00f3n de espacios p\u00fablicos primarios, servicios, equipamiento o infraestructura.<\/p>\n\n\n\n<p>Calixto Jim\u00e9nez indic\u00f3 que en caso de no realizar estas acciones se puede contribuir al deterioro y abandono, \u00abcreando entornos propicios para actividades delictivas y se conviertan en tiraderos de residuos y generen fauna nociva y contaminaci\u00f3n\u00bb.<\/p>\n\n\n\n<p>Puntualiz\u00f3 que, la presidenta de M\u00e9xico, Claudia Sheinbaum Pardo implement\u00f3 una estrategia llamada Ferias de Paz en los estados de la Rep\u00fablica y se llevan a cabo en parques p\u00fablicos.<\/p>\n\n\n\n<p>La inciativa fue turnada a la Comisi\u00f3n de Desarrollo Urbano y Obras P\u00fablicas que preside la diputada local, Violeta Mart\u00ednez Pacheco.<\/p>\n","protected":false},"excerpt":{"rendered":"<p>&#8212; La diputada local Citlali Calixto Jim\u00e9nez indic\u00f3 que en caso de no realizar estas acciones se puede contribuir al deterioro y abandono, \u00abcreando entornos propicios para actividades delictivas y&hellip; <\/p>\n","protected":false},"author":32,"featured_media":90525,"comment_status":"open","ping_status":"open","sticky":false,"template":"","format":"standard","meta":{"fifu_image_url":"","fifu_image_alt":"","footnotes":""},"categories":[2],"tags":[],"class_list":["post-90524","post","type-post","status-publish","format-standard","has-post-thumbnail","hentry","category-congreso"],"_links":{"self":[{"href":"https:\/\/www.interaccionnoticias.com.mx\/index.php?rest_route=\/wp\/v2\/posts\/90524","targetHints":{"allow":["GET"]}}],"collection":[{"href":"https:\/\/www.interaccionnoticias.com.mx\/index.php?rest_route=\/wp\/v2\/posts"}],"about":[{"href":"https:\/\/www.interaccionnoticias.com.mx\/index.php?rest_route=\/wp\/v2\/types\/post"}],"author":[{"embeddable":true,"href":"https:\/\/www.interaccionnoticias.com.mx\/index.php?rest_route=\/wp\/v2\/users\/32"}],"replies":[{"embeddable":true,"href":"https:\/\/www.interaccionnoticias.com.mx\/index.php?rest_route=%2Fwp%2Fv2%2Fcomments&post=90524"}],"version-history":[{"count":1,"href":"https:\/\/www.interaccionnoticias.com.mx\/index.php?rest_route=\/wp\/v2\/posts\/90524\/revisions"}],"predecessor-version":[{"id":90526,"href":"https:\/\/www.interaccionnoticias.com.mx\/index.php?rest_route=\/wp\/v2\/posts\/90524\/revisions\/90526"}],"wp:featuredmedia":[{"embeddable":true,"href":"https:\/\/www.interaccionnoticias.com.mx\/index.php?rest_route=\/wp\/v2\/media\/90525"}],"wp:attachment":[{"href":"https:\/\/www.interaccionnoticias.com.mx\/index.php?rest_route=%2Fwp%2Fv2%2Fmedia&parent=90524"}],"wp:term":[{"taxonomy":"category","embeddable":true,"href":"https:\/\/www.interaccionnoticias.com.mx\/index.php?rest_route=%2Fwp%2Fv2%2Fcategories&post=90524"},{"taxonomy":"post_tag","embeddable":true,"href":"https:\/\/www.interaccionnoticias.com.mx\/index.php?rest_route=%2Fwp%2Fv2%2Ftags&post=90524"}],"curies":[{"name":"wp","href":"https:\/\/api.w.org\/{rel}","templated":true}]}}