{"id":9049,"date":"2017-10-09T18:01:53","date_gmt":"2017-10-09T23:01:53","guid":{"rendered":"http:\/\/www.inter-accion.com.mx\/?p=9049"},"modified":"2017-10-09T18:01:53","modified_gmt":"2017-10-09T23:01:53","slug":"se-incendia-mercado-en-acapulco","status":"publish","type":"post","link":"https:\/\/www.interaccionnoticias.com.mx\/?p=9049","title":{"rendered":"SE INCENDIA MERCADO EN ACAPULCO"},"content":{"rendered":"<p><br \/>\n<strong>Acapulco, Gro.-<\/strong> Tras el incendio de anoche que da\u00f1\u00f3 35 locales del mercado, ubicado frente a la Central de Abastos, los comerciantes recibir\u00e1n la solidaridad y apoyo del gobierno de Acapulco.&nbsp;<br \/>\nLuego del siniestro las autoridades encabezadas por el secretario general de la comuna porte\u00f1a, Daniel Meza Loaeza, dialog\u00f3 con los afectados por la conflagraci\u00f3n y acord\u00f3 el levantamiento de un censo sobre las p\u00e9rdidas en sus negocios, para brindarles el apoyo para reactivar su econom\u00eda.<br \/>\n\u201cPara eso estamos aqu\u00ed, es la instrucci\u00f3n del presidente municipal, Evodio Vel\u00e1zquez, \u00e9l entiende la necesidad que hay precisamente de estas familias, de las cuales dependen que sus hijos vayan a la escuela.<br \/>\n\u201cPor eso como ayuntamiento de Acapulco, estamos aqu\u00ed, dialogando con ustedes para que esto en la medida de que nos organicemos, de que nos pongamos de acuerdo, vamos a poder darle una pronta soluci\u00f3n\u201d, dijo.<br \/>\nEl funcionario iba acompa\u00f1ado del comandante del 56 Batall\u00f3n de Infanter\u00eda, Jos\u00e9 Mario Vega Hern\u00e1ndez, quienes arribaron al lugar donde ocurri\u00f3 el siniestro para dialogar con los comerciantes afectados.<br \/>\nEn la reuni\u00f3n con los comerciantes afectados, Meza Loeza expuso dos propuestas, la primera ayudar de manera econ\u00f3mica para que&nbsp;sigan ejerciendo su actividad y la otra apoyar en la construcci\u00f3n de las galeras.<br \/>\nLas autoridades realizaron un recorrido por el mercado y se inform\u00f3 que el incendio se registr\u00f3 la noche del domingo, alrededor de las 23:00 horas, afectando aproximadamente 35 locales.<br \/>\nMeza Loeza dijo que desde que se recibi\u00f3 el reporte, personal de Protecci\u00f3n Civil y Bomberos, se traslad\u00f3 al lugar para realizar las labores correspondientes, logrando sofocar el fuego, que dej\u00f3 como saldo solo p\u00e9rdidas materiales.<br \/>\nLos locatarios, fueron representados por el secretario general de la Uni\u00f3n de Comerciantes del Mercado Vacacional, Ra\u00fal Garc\u00eda D\u00edaz, y reconoci\u00f3 que hayan venido las autoridades porque dijo \u201clos necesitamos todo, no nos qued\u00f3 nada\u201d, se\u00f1al\u00f3.<\/p>\n","protected":false},"excerpt":{"rendered":"<p>Acapulco, Gro.- Tras el incendio de anoche que da\u00f1\u00f3 35 locales del mercado, ubicado frente a la Central de Abastos, los comerciantes recibir\u00e1n la solidaridad y apoyo del gobierno de&hellip; <\/p>\n","protected":false},"author":1,"featured_media":0,"comment_status":"closed","ping_status":"closed","sticky":false,"template":"","format":"standard","meta":{"fifu_image_url":"","fifu_image_alt":"","footnotes":""},"categories":[8,23],"tags":[],"class_list":["post-9049","post","type-post","status-publish","format-standard","hentry","category-featured","category-regionales"],"_links":{"self":[{"href":"https:\/\/www.interaccionnoticias.com.mx\/index.php?rest_route=\/wp\/v2\/posts\/9049","targetHints":{"allow":["GET"]}}],"collection":[{"href":"https:\/\/www.interaccionnoticias.com.mx\/index.php?rest_route=\/wp\/v2\/posts"}],"about":[{"href":"https:\/\/www.interaccionnoticias.com.mx\/index.php?rest_route=\/wp\/v2\/types\/post"}],"author":[{"embeddable":true,"href":"https:\/\/www.interaccionnoticias.com.mx\/index.php?rest_route=\/wp\/v2\/users\/1"}],"replies":[{"embeddable":true,"href":"https:\/\/www.interaccionnoticias.com.mx\/index.php?rest_route=%2Fwp%2Fv2%2Fcomments&post=9049"}],"version-history":[{"count":0,"href":"https:\/\/www.interaccionnoticias.com.mx\/index.php?rest_route=\/wp\/v2\/posts\/9049\/revisions"}],"wp:attachment":[{"href":"https:\/\/www.interaccionnoticias.com.mx\/index.php?rest_route=%2Fwp%2Fv2%2Fmedia&parent=9049"}],"wp:term":[{"taxonomy":"category","embeddable":true,"href":"https:\/\/www.interaccionnoticias.com.mx\/index.php?rest_route=%2Fwp%2Fv2%2Fcategories&post=9049"},{"taxonomy":"post_tag","embeddable":true,"href":"https:\/\/www.interaccionnoticias.com.mx\/index.php?rest_route=%2Fwp%2Fv2%2Ftags&post=9049"}],"curies":[{"name":"wp","href":"https:\/\/api.w.org\/{rel}","templated":true}]}}