{"id":90307,"date":"2025-04-17T14:58:09","date_gmt":"2025-04-17T20:58:09","guid":{"rendered":"https:\/\/www.interaccionnoticias.com.mx\/?p=90307"},"modified":"2025-04-17T14:58:10","modified_gmt":"2025-04-17T20:58:10","slug":"estado-y-federacion-resguardan-municipios-prioritarios-en-materia-de-inseguridad","status":"publish","type":"post","link":"https:\/\/www.interaccionnoticias.com.mx\/?p=90307","title":{"rendered":"Estado y federaci\u00f3n resguardan municipios prioritarios en materia de inseguridad"},"content":{"rendered":"\n<p><strong><em>&#8212; Taxco, Acapulco y la Sierra, entre los puntos que concentran la atenci\u00f3n de las autoridades<\/em><\/strong><\/p>\n\n\n\n<p><strong>Rogelio Agust\u00edn Esteban<\/strong><\/p>\n\n\n\n<p>El Gobierno de Guerrero sostiene que los municipios considerados como prioritarios en materia de inseguridad cuentan con resguardo de los tres niveles, con la intenci\u00f3n de garantizar la seguridad de los visitantes durante el presente periodo vacacional, pero tambi\u00e9n de la poblaci\u00f3n en general.<\/p>\n\n\n\n<p>Este jueves santo, el Subsecretario de Desarrollo Pol\u00edtico de la Secretar\u00eda General de Gobierno, Francisco Rodr\u00edguez Cisneros destac\u00f3 que hay un despliegue importante en los puntos de mayor actividad tur\u00edstica de la entidad.<\/p>\n\n\n\n<p>Sostuvo que Taxco de Alarc\u00f3n, que en esta semana registra una ocupaci\u00f3n hotelera completamente llena, est\u00e1 considerado como un municipio prioritario de atenci\u00f3n para la Mesa de Coordinaci\u00f3n para la Construcci\u00f3n de la Paz, debido a que en el pasado a vivido momentos sumamente complicados.<\/p>\n\n\n\n<p>Dijo que desde que la administraci\u00f3n estatal asumi\u00f3 el mando en materia de seguridad, a partir de un decreto emitido por la gobernadora Evelyn Salgado Pineda, se tiene una taza de cero homicidios dolosos en dicho municipio.<\/p>\n\n\n\n<p>En el caso del puerto de Acapulco, donde el transporte p\u00fablico se moviliz\u00f3 el pasado mi\u00e9rcoles 16 de abril para exigir garant\u00edas en el desempe\u00f1o de sus actividades rutunarias, dijo que se logr\u00f3 desactivar un bloqueo a partir del dialogo con los trabajadores del volante.<\/p>\n\n\n\n<p>Explic\u00f3 que los choferes que se manifestaron lo \u00fanico que plantearon, es que haya todas las condiciones optimas para llevar a cabo sus tareas, porque de ellas depende el sustento de sus familias.<\/p>\n\n\n\n<p>Por esa raz\u00f3n, dijo que durante la madrugada de este jueves se puso en marcha un dispositivo entre el Estado y la Federaci\u00f3n para garantizar la seguridad de la poblaci\u00f3n, pero tambi\u00e9n para facilitar el ingreso al puerto de los vacacionistas.<\/p>\n\n\n\n<p>Rodr\u00edguez Cisneros precis\u00f3 que se trata de acciones que permiten el paso a los vacacionsitas, pero que no implican descuidar las colonias donde se tiene conocimiento de problemas en materia de seguridad.<\/p>\n\n\n\n<p>Detall\u00f3 que el personal de la Secretar\u00eda de Marina tiene a su cargo la vigilancia en la zona costera, en tanto que la Defensa Nacional (SEDENA) recorre la zona conurbada, adem\u00e1s del sector poniente, cubieron lo que se conoce como El Pedregoso y la Calzada Pie de la Cuesta, donde en d\u00edas pasados se registraron problemas muy fuertes.<\/p>\n\n\n\n<p>Otro punto en el que tambi\u00e9n destac\u00f3 que se mantiene la presencia del Estado y la federaci\u00f3n, es la ruta que va de la Sierra, que involucra a Jaleaca, Polixtepec, Yextla e Izotepec, donde la semana pasada se reportaron detonaciones de armas de fuego y la quema de una casa.<\/p>\n\n\n\n<p>En esa parte, dijo que hay personas que han utilizad las redes sociales para generar desinformaci\u00f3n, pero a\u00fan as\u00ed, el resguardo se mantiene para evitar cualquier situaci\u00f3n que ponga en riesgo a la poblaci\u00f3n.<\/p>\n","protected":false},"excerpt":{"rendered":"<p>&#8212; Taxco, Acapulco y la Sierra, entre los puntos que concentran la atenci\u00f3n de las autoridades Rogelio Agust\u00edn Esteban El Gobierno de Guerrero sostiene que los municipios considerados como prioritarios&hellip; <\/p>\n","protected":false},"author":21,"featured_media":90308,"comment_status":"open","ping_status":"open","sticky":false,"template":"","format":"standard","meta":{"fifu_image_url":"","fifu_image_alt":"","footnotes":""},"categories":[11],"tags":[],"class_list":["post-90307","post","type-post","status-publish","format-standard","has-post-thumbnail","hentry","category-guerrero"],"_links":{"self":[{"href":"https:\/\/www.interaccionnoticias.com.mx\/index.php?rest_route=\/wp\/v2\/posts\/90307","targetHints":{"allow":["GET"]}}],"collection":[{"href":"https:\/\/www.interaccionnoticias.com.mx\/index.php?rest_route=\/wp\/v2\/posts"}],"about":[{"href":"https:\/\/www.interaccionnoticias.com.mx\/index.php?rest_route=\/wp\/v2\/types\/post"}],"author":[{"embeddable":true,"href":"https:\/\/www.interaccionnoticias.com.mx\/index.php?rest_route=\/wp\/v2\/users\/21"}],"replies":[{"embeddable":true,"href":"https:\/\/www.interaccionnoticias.com.mx\/index.php?rest_route=%2Fwp%2Fv2%2Fcomments&post=90307"}],"version-history":[{"count":1,"href":"https:\/\/www.interaccionnoticias.com.mx\/index.php?rest_route=\/wp\/v2\/posts\/90307\/revisions"}],"predecessor-version":[{"id":90309,"href":"https:\/\/www.interaccionnoticias.com.mx\/index.php?rest_route=\/wp\/v2\/posts\/90307\/revisions\/90309"}],"wp:featuredmedia":[{"embeddable":true,"href":"https:\/\/www.interaccionnoticias.com.mx\/index.php?rest_route=\/wp\/v2\/media\/90308"}],"wp:attachment":[{"href":"https:\/\/www.interaccionnoticias.com.mx\/index.php?rest_route=%2Fwp%2Fv2%2Fmedia&parent=90307"}],"wp:term":[{"taxonomy":"category","embeddable":true,"href":"https:\/\/www.interaccionnoticias.com.mx\/index.php?rest_route=%2Fwp%2Fv2%2Fcategories&post=90307"},{"taxonomy":"post_tag","embeddable":true,"href":"https:\/\/www.interaccionnoticias.com.mx\/index.php?rest_route=%2Fwp%2Fv2%2Ftags&post=90307"}],"curies":[{"name":"wp","href":"https:\/\/api.w.org\/{rel}","templated":true}]}}