{"id":90304,"date":"2025-04-17T14:53:24","date_gmt":"2025-04-17T20:53:24","guid":{"rendered":"https:\/\/www.interaccionnoticias.com.mx\/?p=90304"},"modified":"2025-04-17T14:53:25","modified_gmt":"2025-04-17T20:53:25","slug":"habitantes-de-la-colonia-prd-cerraron-la-carretera-chilpancingo-amojileca","status":"publish","type":"post","link":"https:\/\/www.interaccionnoticias.com.mx\/?p=90304","title":{"rendered":"Habitantes de la colonia PRD cerraron la carretera Chilpancingo \u2013 Amojileca"},"content":{"rendered":"\n<p><strong><em>&#8212; Denuncian que durante dos meses no han recibido el servicio de agua en sus hogares<\/em><\/strong><\/p>\n\n\n\n<p><strong>Jes\u00fas Dorantes<\/strong><\/p>\n\n\n\n<p><strong>Chilpancingo, Gro. \u2013 <\/strong>Vecinos de la colonia PRD cerraron la carretera Chilpancingo \u2013 Amojileca para exigir a la Comisi\u00f3n de Agua Potable y Alcantarillado de Chilpancingo (CAPACH) el suministro de agua, el cual no reciben desde hace dos meses.<\/p>\n\n\n\n<p>Desde las 09:00 horas, decenas de vecinos de la referida colonia reanudaron el cierre total de la circulaci\u00f3n vehicular, el cual hab\u00edan iniciado desde el mi\u00e9rcoles 16 de abril.<\/p>\n\n\n\n<p>En entrevista, la se\u00f1ora Magali Nava se\u00f1al\u00f3 que, ante la falta de agua, \u00fanicamente representantes de CAPACH les informaron que exist\u00eda una fuga, motivo por el cual el suministro no llegaba a la colonia PRD.<\/p>\n\n\n\n<p>Asimismo, destac\u00f3 que tan solo en la primera hora del bloqueo impidieron el paso de seis pipas que transportaban agua. A\u00f1adi\u00f3 que hay fugas en distintos puntos, por lo que asegur\u00f3 que s\u00ed hay agua en la ciudad, pero no se distribuye correctamente.<\/p>\n\n\n\n<p>Adem\u00e1s, los inconformes denunciaron que, para poder contar con el vital l\u00edquido en sus hogares, deben pagar el servicio de pipas, cuyo costo va desde 800 pesos \u2014la de menor tama\u00f1o\u2014 hasta 2 mil pesos por una de tama\u00f1o regular.<\/p>\n\n\n\n<p>A pregunta expresa sobre si se han comunicado con alg\u00fan representante de CAPACH, se\u00f1alaron que, tras varias llamadas, no obtuvieron respuesta, por lo que mantendr\u00e1n su protesta activa hasta ser atendidos.<\/p>\n","protected":false},"excerpt":{"rendered":"<p>&#8212; Denuncian que durante dos meses no han recibido el servicio de agua en sus hogares Jes\u00fas Dorantes Chilpancingo, Gro. \u2013 Vecinos de la colonia PRD cerraron la carretera Chilpancingo&hellip; <\/p>\n","protected":false},"author":8,"featured_media":90305,"comment_status":"open","ping_status":"open","sticky":false,"template":"","format":"standard","meta":{"fifu_image_url":"","fifu_image_alt":"","footnotes":""},"categories":[13],"tags":[],"class_list":["post-90304","post","type-post","status-publish","format-standard","has-post-thumbnail","hentry","category-capital"],"_links":{"self":[{"href":"https:\/\/www.interaccionnoticias.com.mx\/index.php?rest_route=\/wp\/v2\/posts\/90304","targetHints":{"allow":["GET"]}}],"collection":[{"href":"https:\/\/www.interaccionnoticias.com.mx\/index.php?rest_route=\/wp\/v2\/posts"}],"about":[{"href":"https:\/\/www.interaccionnoticias.com.mx\/index.php?rest_route=\/wp\/v2\/types\/post"}],"author":[{"embeddable":true,"href":"https:\/\/www.interaccionnoticias.com.mx\/index.php?rest_route=\/wp\/v2\/users\/8"}],"replies":[{"embeddable":true,"href":"https:\/\/www.interaccionnoticias.com.mx\/index.php?rest_route=%2Fwp%2Fv2%2Fcomments&post=90304"}],"version-history":[{"count":1,"href":"https:\/\/www.interaccionnoticias.com.mx\/index.php?rest_route=\/wp\/v2\/posts\/90304\/revisions"}],"predecessor-version":[{"id":90306,"href":"https:\/\/www.interaccionnoticias.com.mx\/index.php?rest_route=\/wp\/v2\/posts\/90304\/revisions\/90306"}],"wp:featuredmedia":[{"embeddable":true,"href":"https:\/\/www.interaccionnoticias.com.mx\/index.php?rest_route=\/wp\/v2\/media\/90305"}],"wp:attachment":[{"href":"https:\/\/www.interaccionnoticias.com.mx\/index.php?rest_route=%2Fwp%2Fv2%2Fmedia&parent=90304"}],"wp:term":[{"taxonomy":"category","embeddable":true,"href":"https:\/\/www.interaccionnoticias.com.mx\/index.php?rest_route=%2Fwp%2Fv2%2Fcategories&post=90304"},{"taxonomy":"post_tag","embeddable":true,"href":"https:\/\/www.interaccionnoticias.com.mx\/index.php?rest_route=%2Fwp%2Fv2%2Ftags&post=90304"}],"curies":[{"name":"wp","href":"https:\/\/api.w.org\/{rel}","templated":true}]}}