{"id":90298,"date":"2025-04-17T13:44:08","date_gmt":"2025-04-17T18:44:08","guid":{"rendered":"https:\/\/www.interaccionnoticias.com.mx\/?p=90298"},"modified":"2025-04-17T13:44:09","modified_gmt":"2025-04-17T18:44:09","slug":"se-mantiene-solo-una-denuncia-en-el-marco-de-la-eleccion-del-poder-judicial-federal","status":"publish","type":"post","link":"https:\/\/www.interaccionnoticias.com.mx\/?p=90298","title":{"rendered":"Se mantiene solo una denuncia en el marco de la elecci\u00f3n del Poder Judicial Federal"},"content":{"rendered":"\n<p><strong><em>&#8212; El Vocal Ejecutivo del INE, Donaciano Mu\u00f1oz, dijo que despu\u00e9s de que el Tribunal Electoral determin\u00f3 que los poderes de la Uni\u00f3n pueden pronunciarse por el tema de la elecci\u00f3n ya no se presentaron quejas<\/em><\/strong><\/p>\n\n\n\n<p><strong>Rosario Garc\u00eda Orozco<\/strong><\/p>\n\n\n\n<p>Como parte del proceso de elecci\u00f3n de funcionarios del Poder Judicial de la Federaci\u00f3n, solamente se ha presentado una denuncia, y es por violencia pol\u00edtica en raz\u00f3n de g\u00e9nero confirm\u00f3 el vocal ejecutivo del Instituto Nacional Electoral (INE) en Guerrero, Donaciano Mu\u00f1oz Loyola<\/p>\n\n\n\n<p>\u201cHasta el momento no tenemos ninguna otra denuncia en el marco de las campa\u00f1as, no tenemos alguna registrada, no obstante, vamos a dar seguimiento al proceso electoral y veremos si se presenta una en los siguientes d\u00edas\u00bb, dijo el funcionario electoral federal.<\/p>\n\n\n\n<p>Mencion\u00f3 que por razones de la integraci\u00f3n del expediente no es posible detallar en que consiste la queja, quien la present\u00f3, o en contra de quien fue, pero insisti\u00f3 que ya se tiene la denuncia integrada, de la que se dar\u00e1 m\u00e1s informaci\u00f3n en tanto se tenga la resoluci\u00f3n correspondiente.<\/p>\n\n\n\n<p>Cuestionado sobre el hecho de que recientemente el delegado de los programas sociales en Guerrero, Iv\u00e1n Hern\u00e1ndez D\u00edaz, realizo en un evento oficial la promoci\u00f3n del voto para la elecci\u00f3n judicial, el vocal ejecutivo del INE mencion\u00f3 que \u201ces muy probable que el instituto (INE) conozca del caso e inicie una investigaci\u00f3n, pero s\u00ed me reservar\u00e9 mi opini\u00f3n al respecto\u00bb.<\/p>\n\n\n\n<p>Coment\u00f3 que es necesario que se presente una denuncia por este hecho, y abrir un expediente para dar seguimiento y con ello allegarse de elementos y una vez integrado el expediente sea el Tribunal Electoral del Poder Judicial de la Federaci\u00f3n, el que determine lo conducente.<\/p>\n\n\n\n<p>\u201cNecesitamos una denuncia para poder integrar el expediente e integrar con las pruebas que se presenten\u201d, dijo Mu\u00f1oz Loyola.<\/p>\n\n\n\n<p>El funcionario electoral dijo que la determinaci\u00f3n del Tribunal Electoral para que los poderes de la Uni\u00f3n promocionen la elecci\u00f3n, hasta ahora no ha habido quejas en ese sentido aun cuando existen figuras de \u201cpromotores ciudadanos\u201d, que representantes populares vienen impulsado para la promoci\u00f3n de la elecci\u00f3n judicial.<\/p>\n\n\n\n<p>Adelant\u00f3 que el pr\u00f3ximo 1 de junio se van a instalar en Guerrero 2 mil 704 urnas correspondientes a cada una de las secciones electorales.<\/p>\n\n\n\n<p>\u201cEl instituto trabaj\u00f3 para poner en todas ellas al menos una casilla, modificando el n\u00famero de electores por razones presupuestales, de tal manera, que hay un peque\u00f1o grupo de secciones que en raz\u00f3n del n\u00famero de habitantes que es menor al que nosotros tenemos o necesitamos para insaculaci\u00f3n es que no vamos a instalar casillas en esos lugares, pero estamos hablando de una cantidad muy menor\u201d, refiri\u00f3.<\/p>\n","protected":false},"excerpt":{"rendered":"<p>&#8212; El Vocal Ejecutivo del INE, Donaciano Mu\u00f1oz, dijo que despu\u00e9s de que el Tribunal Electoral determin\u00f3 que los poderes de la Uni\u00f3n pueden pronunciarse por el tema de la&hellip; <\/p>\n","protected":false},"author":14,"featured_media":90016,"comment_status":"open","ping_status":"open","sticky":false,"template":"","format":"standard","meta":{"fifu_image_url":"","fifu_image_alt":"","footnotes":""},"categories":[17],"tags":[],"class_list":["post-90298","post","type-post","status-publish","format-standard","has-post-thumbnail","hentry","category-organos-electorales"],"_links":{"self":[{"href":"https:\/\/www.interaccionnoticias.com.mx\/index.php?rest_route=\/wp\/v2\/posts\/90298","targetHints":{"allow":["GET"]}}],"collection":[{"href":"https:\/\/www.interaccionnoticias.com.mx\/index.php?rest_route=\/wp\/v2\/posts"}],"about":[{"href":"https:\/\/www.interaccionnoticias.com.mx\/index.php?rest_route=\/wp\/v2\/types\/post"}],"author":[{"embeddable":true,"href":"https:\/\/www.interaccionnoticias.com.mx\/index.php?rest_route=\/wp\/v2\/users\/14"}],"replies":[{"embeddable":true,"href":"https:\/\/www.interaccionnoticias.com.mx\/index.php?rest_route=%2Fwp%2Fv2%2Fcomments&post=90298"}],"version-history":[{"count":1,"href":"https:\/\/www.interaccionnoticias.com.mx\/index.php?rest_route=\/wp\/v2\/posts\/90298\/revisions"}],"predecessor-version":[{"id":90299,"href":"https:\/\/www.interaccionnoticias.com.mx\/index.php?rest_route=\/wp\/v2\/posts\/90298\/revisions\/90299"}],"wp:featuredmedia":[{"embeddable":true,"href":"https:\/\/www.interaccionnoticias.com.mx\/index.php?rest_route=\/wp\/v2\/media\/90016"}],"wp:attachment":[{"href":"https:\/\/www.interaccionnoticias.com.mx\/index.php?rest_route=%2Fwp%2Fv2%2Fmedia&parent=90298"}],"wp:term":[{"taxonomy":"category","embeddable":true,"href":"https:\/\/www.interaccionnoticias.com.mx\/index.php?rest_route=%2Fwp%2Fv2%2Fcategories&post=90298"},{"taxonomy":"post_tag","embeddable":true,"href":"https:\/\/www.interaccionnoticias.com.mx\/index.php?rest_route=%2Fwp%2Fv2%2Ftags&post=90298"}],"curies":[{"name":"wp","href":"https:\/\/api.w.org\/{rel}","templated":true}]}}