{"id":90253,"date":"2025-04-15T17:46:00","date_gmt":"2025-04-15T22:46:00","guid":{"rendered":"https:\/\/www.interaccionnoticias.com.mx\/?p=90253"},"modified":"2025-04-16T14:37:46","modified_gmt":"2025-04-16T19:37:46","slug":"muere-hombre-tras-ataque-a-balazos-en-la-colonia-del-pri","status":"publish","type":"post","link":"https:\/\/www.interaccionnoticias.com.mx\/?p=90253","title":{"rendered":"Muere hombre tras ataque a balazos en la colonia del PRI"},"content":{"rendered":"\n<p><strong><em>&#8212; El ataque se registr\u00f3 en la calle ocho, cuando la victima se encontraba en el interior de una camioneta<\/em><\/strong><\/p>\n\n\n\n<p><strong>Jes\u00fas Dorantes<\/strong><\/p>\n\n\n\n<p><strong>Chilpancingo, Gro.-<\/strong> Un hombre fue asesinado a tiros en la octava calle de la colonia del PRI, en la capital del estado.<\/p>\n\n\n\n<p>Los hechos ocurrieron aproximadamente a las 15:40 horas en la calle ocho de la referida colonia, por lo que vecinos del lugar solicitaron el apoyo al servicio de emergencias 911, tras escuchar varias detonaciones de arma de fuego.<\/p>\n\n\n\n<p>Al lugar acudieron param\u00e9dicos de Protecci\u00f3n Civil, los cuales corroboraron que la v\u00edctima ya no presentaba signos vitales.<\/p>\n\n\n\n<p>Al lugar llegaron elementos de la Guardia Nacional (GN), polic\u00edas preventivos y elementos de la Fiscal\u00eda General del Estado (FGE).<\/p>\n\n\n\n<p>El personal de la GN acordon\u00f3 el \u00e1rea donde quedo el cuerpo, dentro de una camioneta de la marca Ford, tipo Explorer de color claro, donde realizaro. los peritajes correspondientes.<\/p>\n","protected":false},"excerpt":{"rendered":"<p>&#8212; El ataque se registr\u00f3 en la calle ocho, cuando la victima se encontraba en el interior de una camioneta Jes\u00fas Dorantes Chilpancingo, Gro.- Un hombre fue asesinado a tiros&hellip; <\/p>\n","protected":false},"author":8,"featured_media":90254,"comment_status":"open","ping_status":"open","sticky":false,"template":"","format":"standard","meta":{"fifu_image_url":"","fifu_image_alt":"","footnotes":""},"categories":[27],"tags":[],"class_list":["post-90253","post","type-post","status-publish","format-standard","has-post-thumbnail","hentry","category-seguridad-publica"],"_links":{"self":[{"href":"https:\/\/www.interaccionnoticias.com.mx\/index.php?rest_route=\/wp\/v2\/posts\/90253","targetHints":{"allow":["GET"]}}],"collection":[{"href":"https:\/\/www.interaccionnoticias.com.mx\/index.php?rest_route=\/wp\/v2\/posts"}],"about":[{"href":"https:\/\/www.interaccionnoticias.com.mx\/index.php?rest_route=\/wp\/v2\/types\/post"}],"author":[{"embeddable":true,"href":"https:\/\/www.interaccionnoticias.com.mx\/index.php?rest_route=\/wp\/v2\/users\/8"}],"replies":[{"embeddable":true,"href":"https:\/\/www.interaccionnoticias.com.mx\/index.php?rest_route=%2Fwp%2Fv2%2Fcomments&post=90253"}],"version-history":[{"count":1,"href":"https:\/\/www.interaccionnoticias.com.mx\/index.php?rest_route=\/wp\/v2\/posts\/90253\/revisions"}],"predecessor-version":[{"id":90255,"href":"https:\/\/www.interaccionnoticias.com.mx\/index.php?rest_route=\/wp\/v2\/posts\/90253\/revisions\/90255"}],"wp:featuredmedia":[{"embeddable":true,"href":"https:\/\/www.interaccionnoticias.com.mx\/index.php?rest_route=\/wp\/v2\/media\/90254"}],"wp:attachment":[{"href":"https:\/\/www.interaccionnoticias.com.mx\/index.php?rest_route=%2Fwp%2Fv2%2Fmedia&parent=90253"}],"wp:term":[{"taxonomy":"category","embeddable":true,"href":"https:\/\/www.interaccionnoticias.com.mx\/index.php?rest_route=%2Fwp%2Fv2%2Fcategories&post=90253"},{"taxonomy":"post_tag","embeddable":true,"href":"https:\/\/www.interaccionnoticias.com.mx\/index.php?rest_route=%2Fwp%2Fv2%2Ftags&post=90253"}],"curies":[{"name":"wp","href":"https:\/\/api.w.org\/{rel}","templated":true}]}}