{"id":90250,"date":"2025-04-15T17:17:00","date_gmt":"2025-04-15T22:17:00","guid":{"rendered":"https:\/\/www.interaccionnoticias.com.mx\/?p=90250"},"modified":"2025-04-16T02:13:06","modified_gmt":"2025-04-16T07:13:06","slug":"niega-titular-de-migrantes-en-guerrero-vinculos-con-caso-de-trata-en-jalisco","status":"publish","type":"post","link":"https:\/\/www.interaccionnoticias.com.mx\/?p=90250","title":{"rendered":"Niega titular de Migrantes en Guerrero v\u00ednculos con caso de trata en Jalisco"},"content":{"rendered":"\n<p><strong><em>&#8212; Refuerzan capacitaci\u00f3n en comunidades para jornaleros<\/em><\/strong><\/p>\n\n\n\n<p>Jes\u00fas Dorantes<\/p>\n\n\n\n<p>Chilpancingo, Gro. \u2014 La titular de la Secretar\u00eda de Migrantes y Asuntos Internacionales del estado de Guerrero, Silvia Rivera Carbajal rechaz\u00f3 que la dependencia est\u00e9 relacionada con el caso de presunta trata de personas ocurrido en Jalisco, donde un grupo de adultos mayores fue trasladado bajo enga\u00f1os.<\/p>\n\n\n\n<p>Durante una declaraci\u00f3n p\u00fablica, la funcionaria afirm\u00f3 que la Secretar\u00eda no tiene v\u00ednculo alguno con el reclutamiento de trabajadores para empresas fuera del estado.<\/p>\n\n\n\n<p>\u201cNosotros no tenemos nada que ver con el reclutamiento en Jalisco. Lo \u00fanico que hacemos es formar grupos de adultos mayores, y eso no fue lo que ocurri\u00f3 en ese caso\u201d, sostuvo.<\/p>\n\n\n\n<p>Precis\u00f3 que cuando una empresa busca personal en Guerrero, debe hacerlo a trav\u00e9s de la Secretar\u00eda del Trabajo, y que cualquier solicitud que llega a la Secretar\u00eda de Migrantes es canalizada para su verificaci\u00f3n.<\/p>\n\n\n\n<p>\u201cTenemos que asegurarnos primero de que se trata de una empresa legal y certificada, que garantice la seguridad de las personas y las condiciones de traslado\u201d, explic\u00f3.<\/p>\n\n\n\n<p>Como parte de las acciones preventivas, la Secretar\u00eda est\u00e1 reforzando la capacitaci\u00f3n en comunidades de la regi\u00f3n Monta\u00f1a, con el objetivo de evitar que se repitan hechos similares. \u201cEstoy de regreso en mis pueblos, capacitando, para que tengan conocimiento y esto no vuelva a pasar\u201d, afirm\u00f3.<\/p>\n\n\n\n<p>La funcionaria reiter\u00f3 que el gobierno estatal mantiene claridad y transparencia en sus procesos de vinculaci\u00f3n laboral y continuar\u00e1 trabajando para proteger los derechos de las y los guerrerenses que buscan oportunidades en otras entidades o pa\u00edses.<\/p>\n","protected":false},"excerpt":{"rendered":"<p>&#8212; Refuerzan capacitaci\u00f3n en comunidades para jornaleros Jes\u00fas Dorantes Chilpancingo, Gro. \u2014 La titular de la Secretar\u00eda de Migrantes y Asuntos Internacionales del estado de Guerrero, Silvia Rivera Carbajal rechaz\u00f3&hellip; <\/p>\n","protected":false},"author":8,"featured_media":90251,"comment_status":"open","ping_status":"open","sticky":false,"template":"","format":"standard","meta":{"fifu_image_url":"","fifu_image_alt":"","footnotes":""},"categories":[11],"tags":[],"class_list":["post-90250","post","type-post","status-publish","format-standard","has-post-thumbnail","hentry","category-guerrero"],"_links":{"self":[{"href":"https:\/\/www.interaccionnoticias.com.mx\/index.php?rest_route=\/wp\/v2\/posts\/90250","targetHints":{"allow":["GET"]}}],"collection":[{"href":"https:\/\/www.interaccionnoticias.com.mx\/index.php?rest_route=\/wp\/v2\/posts"}],"about":[{"href":"https:\/\/www.interaccionnoticias.com.mx\/index.php?rest_route=\/wp\/v2\/types\/post"}],"author":[{"embeddable":true,"href":"https:\/\/www.interaccionnoticias.com.mx\/index.php?rest_route=\/wp\/v2\/users\/8"}],"replies":[{"embeddable":true,"href":"https:\/\/www.interaccionnoticias.com.mx\/index.php?rest_route=%2Fwp%2Fv2%2Fcomments&post=90250"}],"version-history":[{"count":1,"href":"https:\/\/www.interaccionnoticias.com.mx\/index.php?rest_route=\/wp\/v2\/posts\/90250\/revisions"}],"predecessor-version":[{"id":90252,"href":"https:\/\/www.interaccionnoticias.com.mx\/index.php?rest_route=\/wp\/v2\/posts\/90250\/revisions\/90252"}],"wp:featuredmedia":[{"embeddable":true,"href":"https:\/\/www.interaccionnoticias.com.mx\/index.php?rest_route=\/wp\/v2\/media\/90251"}],"wp:attachment":[{"href":"https:\/\/www.interaccionnoticias.com.mx\/index.php?rest_route=%2Fwp%2Fv2%2Fmedia&parent=90250"}],"wp:term":[{"taxonomy":"category","embeddable":true,"href":"https:\/\/www.interaccionnoticias.com.mx\/index.php?rest_route=%2Fwp%2Fv2%2Fcategories&post=90250"},{"taxonomy":"post_tag","embeddable":true,"href":"https:\/\/www.interaccionnoticias.com.mx\/index.php?rest_route=%2Fwp%2Fv2%2Ftags&post=90250"}],"curies":[{"name":"wp","href":"https:\/\/api.w.org\/{rel}","templated":true}]}}