{"id":90247,"date":"2025-04-15T17:09:00","date_gmt":"2025-04-15T22:09:00","guid":{"rendered":"https:\/\/www.interaccionnoticias.com.mx\/?p=90247"},"modified":"2025-04-16T02:15:45","modified_gmt":"2025-04-16T07:15:45","slug":"hay-seis-incendios-forestales-vigentes-en-guerrero","status":"publish","type":"post","link":"https:\/\/www.interaccionnoticias.com.mx\/?p=90247","title":{"rendered":"Hay seis incendios forestales vigentes en Guerrero"},"content":{"rendered":"\n<p><em><strong>&#8212; En el inicio de semana llegaron a contarse 19, de acuerdo con Protecci\u00f3n Civil estatal<\/strong><\/em><\/p>\n\n\n\n<p><strong>Rogelio Agust\u00edn<\/strong><\/p>\n\n\n\n<p>Hasta la ma\u00f1ana de este martes, en el estado de Guerrero se manten\u00edan activos seis incendios forestales en diferentes puntos de Guerrero, la que mantiene movilizados a brigadistas de los tres niveles de gobierno.<\/p>\n\n\n\n<p>Roberto Arroyo Matus, titular de la Secretar\u00eda de Gesti\u00f3n de Riesgos y Protecci\u00f3n Civil, reconoci\u00f3 que durante los \u00faltimos d\u00edas los incendios forestales tuvieron un evidente repunte.<\/p>\n\n\n\n<p>Record\u00f3 que el fin de semana se tuvo una incidencia de hasta 19 conflagraciones en diferentes puntos de la entidad, lo que provoc\u00f3 que los trabajos se intensificaran por parte de brigadistas de los municipios afectados, del Estado y la Federaci\u00f3n.<\/p>\n\n\n\n<p>Arroyo Matus destac\u00f3 que a partir de la coordinaci\u00f3n de esfuerzos, as\u00ed como al respaldo de la poblaci\u00f3n, que ha emitido los reportes correspondientes, para la jornada del martes 15 de abril ya se ten\u00eda reducida la cantidad de 19 a 6 incendios activos.<\/p>\n\n\n\n<p>En los trabajos de combate participan la Comisi\u00f3n Nacional Forestal (CONAFOR), la Secretar\u00eda del Medio Ambiente y Recursos Naturales (SEMAREN), Protecci\u00f3n Civil, bomberos del Estado y de los municipios, adem\u00e1s de la Secretar\u00eda de la Defensa Nacional (SEDENA).<\/p>\n\n\n\n<p>A pesar del repunte registrado en los \u00faltimos d\u00edas, dijo que se ha logrado abatir de manera importante la cantidad de siniestros respecto de 2024, pues hasta este momento, se lleva una tercera parte de lo acumulado en estas fechas el a\u00f1o pasado.<\/p>\n\n\n\n<p>Sin embargo, record\u00f3 que la mayor\u00eda de las conflagraciones son provocadas por la negligencia, ya sea por la quema de basura, de hojarascas o actos como el lanzamiento de colillas de cigarro.<\/p>\n\n\n\n<p>Record\u00f3 que la jornada del lunes 14 de abril se registr\u00f3 la primera muerta de un combatiente de incendios en el estado de Guerrero, pero el mismo d\u00eda se reportaron otras dos muertes por las mismas causas en el vecino estado de Oaxaca.<\/p>\n\n\n\n<p>Aunque no se tiene un reporte de personas heridas, dijo que se debe hacer conciencia respecto a la necesidad de contener los incendios, ya que la afectaci\u00f3n que se provoca al medio ambiente es muy grave.<\/p>\n","protected":false},"excerpt":{"rendered":"<p>&#8212; En el inicio de semana llegaron a contarse 19, de acuerdo con Protecci\u00f3n Civil estatal Rogelio Agust\u00edn Hasta la ma\u00f1ana de este martes, en el estado de Guerrero se&hellip; <\/p>\n","protected":false},"author":21,"featured_media":90248,"comment_status":"open","ping_status":"open","sticky":false,"template":"","format":"standard","meta":{"fifu_image_url":"","fifu_image_alt":"","footnotes":""},"categories":[11],"tags":[],"class_list":["post-90247","post","type-post","status-publish","format-standard","has-post-thumbnail","hentry","category-guerrero"],"_links":{"self":[{"href":"https:\/\/www.interaccionnoticias.com.mx\/index.php?rest_route=\/wp\/v2\/posts\/90247","targetHints":{"allow":["GET"]}}],"collection":[{"href":"https:\/\/www.interaccionnoticias.com.mx\/index.php?rest_route=\/wp\/v2\/posts"}],"about":[{"href":"https:\/\/www.interaccionnoticias.com.mx\/index.php?rest_route=\/wp\/v2\/types\/post"}],"author":[{"embeddable":true,"href":"https:\/\/www.interaccionnoticias.com.mx\/index.php?rest_route=\/wp\/v2\/users\/21"}],"replies":[{"embeddable":true,"href":"https:\/\/www.interaccionnoticias.com.mx\/index.php?rest_route=%2Fwp%2Fv2%2Fcomments&post=90247"}],"version-history":[{"count":1,"href":"https:\/\/www.interaccionnoticias.com.mx\/index.php?rest_route=\/wp\/v2\/posts\/90247\/revisions"}],"predecessor-version":[{"id":90249,"href":"https:\/\/www.interaccionnoticias.com.mx\/index.php?rest_route=\/wp\/v2\/posts\/90247\/revisions\/90249"}],"wp:featuredmedia":[{"embeddable":true,"href":"https:\/\/www.interaccionnoticias.com.mx\/index.php?rest_route=\/wp\/v2\/media\/90248"}],"wp:attachment":[{"href":"https:\/\/www.interaccionnoticias.com.mx\/index.php?rest_route=%2Fwp%2Fv2%2Fmedia&parent=90247"}],"wp:term":[{"taxonomy":"category","embeddable":true,"href":"https:\/\/www.interaccionnoticias.com.mx\/index.php?rest_route=%2Fwp%2Fv2%2Fcategories&post=90247"},{"taxonomy":"post_tag","embeddable":true,"href":"https:\/\/www.interaccionnoticias.com.mx\/index.php?rest_route=%2Fwp%2Fv2%2Ftags&post=90247"}],"curies":[{"name":"wp","href":"https:\/\/api.w.org\/{rel}","templated":true}]}}