{"id":90232,"date":"2025-04-15T15:15:00","date_gmt":"2025-04-15T20:15:00","guid":{"rendered":"https:\/\/www.interaccionnoticias.com.mx\/?p=90232"},"modified":"2025-04-16T01:32:48","modified_gmt":"2025-04-16T06:32:48","slug":"confirma-alcalde-de-chilpancingo-problema-de-inseguridad-en-la-sierra-pero-en-dias-pasados","status":"publish","type":"post","link":"https:\/\/www.interaccionnoticias.com.mx\/?p=90232","title":{"rendered":"Confirma alcalde de Chilpancingo \u00abproblema\u00bb de inseguridad en la Sierra, pero en d\u00edas pasados"},"content":{"rendered":"\n<p><em><strong>&#8212; Sostiene que ya se pudo normalizar la situaci\u00f3n, con personal del Estado y Federaci\u00f3n<\/strong><\/em><\/p>\n\n\n\n<p><strong>Rogelio Agust\u00edn<\/strong><\/p>\n\n\n\n<p>El alcalde Gustavo Alarc\u00f3n Herrera confirm\u00f3 que s\u00ed hubo \u00abun problema\u00bb de inseguridad en la comunidad de Jaleaca, ubicada en la parte de la Sierra, pero sostuvo que ya est\u00e1n posicionados en el lugar elementos del Estado y la Federaci\u00f3n para reinstalar la tranquilidad.<\/p>\n\n\n\n<p>La semana pasada se difundieron versiones en redes sociales respecto al resurgimiento de la violencia en comunidades de la Sierra de los municipios de Chilpancingo, Eduardo Neri y Leonardo Bravo, lo que incluso propici\u00f3 la quema de una vivienda en Yextla.<\/p>\n\n\n\n<p>Este martes, Alarc\u00f3n Herrera confirm\u00f3 que efectivamente, hubo un problema de inseguridad en Jaleaca, comunidad que pertenece a Chilpancingo, pero sostuvo que en la comunicaci\u00f3n m\u00e1s reciente que tuvo con las autoridades comunitarias, pudo informarse de que ya est\u00e1n tranquilos y que realizan sus actividades con normalidad.<\/p>\n\n\n\n<p>Lo que no respondi\u00f3, fue el cuestionamiento relacionado con la posibilidad de que haya bajas humanas en esos hechos o personas lesionadas.<\/p>\n\n\n\n<p>Tampoco habl\u00f3 sobre un presunto desplazamiento de pobladores.<\/p>\n\n\n\n<p>Lo que enfatiz\u00f3, es que ya hay personal del Estado y la Federaci\u00f3n posicionados en Jaleaca, lo que inhibe que haya m\u00e1s agresiones entre los grupos de civiles que se disputan la parte media de la Sierra.<\/p>\n\n\n\n<figure class=\"wp-block-gallery has-nested-images columns-default is-cropped wp-block-gallery-1 is-layout-flex wp-block-gallery-is-layout-flex\"><\/figure>\n","protected":false},"excerpt":{"rendered":"<p>&#8212; Sostiene que ya se pudo normalizar la situaci\u00f3n, con personal del Estado y Federaci\u00f3n Rogelio Agust\u00edn El alcalde Gustavo Alarc\u00f3n Herrera confirm\u00f3 que s\u00ed hubo \u00abun problema\u00bb de inseguridad&hellip; <\/p>\n","protected":false},"author":19,"featured_media":90233,"comment_status":"open","ping_status":"open","sticky":false,"template":"","format":"standard","meta":{"fifu_image_url":"","fifu_image_alt":"","footnotes":""},"categories":[13],"tags":[],"class_list":["post-90232","post","type-post","status-publish","format-standard","has-post-thumbnail","hentry","category-capital"],"_links":{"self":[{"href":"https:\/\/www.interaccionnoticias.com.mx\/index.php?rest_route=\/wp\/v2\/posts\/90232","targetHints":{"allow":["GET"]}}],"collection":[{"href":"https:\/\/www.interaccionnoticias.com.mx\/index.php?rest_route=\/wp\/v2\/posts"}],"about":[{"href":"https:\/\/www.interaccionnoticias.com.mx\/index.php?rest_route=\/wp\/v2\/types\/post"}],"author":[{"embeddable":true,"href":"https:\/\/www.interaccionnoticias.com.mx\/index.php?rest_route=\/wp\/v2\/users\/19"}],"replies":[{"embeddable":true,"href":"https:\/\/www.interaccionnoticias.com.mx\/index.php?rest_route=%2Fwp%2Fv2%2Fcomments&post=90232"}],"version-history":[{"count":1,"href":"https:\/\/www.interaccionnoticias.com.mx\/index.php?rest_route=\/wp\/v2\/posts\/90232\/revisions"}],"predecessor-version":[{"id":90234,"href":"https:\/\/www.interaccionnoticias.com.mx\/index.php?rest_route=\/wp\/v2\/posts\/90232\/revisions\/90234"}],"wp:featuredmedia":[{"embeddable":true,"href":"https:\/\/www.interaccionnoticias.com.mx\/index.php?rest_route=\/wp\/v2\/media\/90233"}],"wp:attachment":[{"href":"https:\/\/www.interaccionnoticias.com.mx\/index.php?rest_route=%2Fwp%2Fv2%2Fmedia&parent=90232"}],"wp:term":[{"taxonomy":"category","embeddable":true,"href":"https:\/\/www.interaccionnoticias.com.mx\/index.php?rest_route=%2Fwp%2Fv2%2Fcategories&post=90232"},{"taxonomy":"post_tag","embeddable":true,"href":"https:\/\/www.interaccionnoticias.com.mx\/index.php?rest_route=%2Fwp%2Fv2%2Ftags&post=90232"}],"curies":[{"name":"wp","href":"https:\/\/api.w.org\/{rel}","templated":true}]}}