{"id":89804,"date":"2025-04-04T19:44:00","date_gmt":"2025-04-05T01:44:00","guid":{"rendered":"https:\/\/www.interaccionnoticias.com.mx\/?p=89804"},"modified":"2025-04-04T22:43:29","modified_gmt":"2025-04-05T04:43:29","slug":"participan-atletas-con-discapacidad-intelectual-y-sindrome-de-down-en-el-primer-encuentro-de-atletismo","status":"publish","type":"post","link":"https:\/\/www.interaccionnoticias.com.mx\/?p=89804","title":{"rendered":"Participan atletas con Discapacidad Intelectual y S\u00edndrome de Down en el Primer Encuentro de Atletismo"},"content":{"rendered":"\n<p><strong><em>&#8212; Yasenit Bruno Moran, es madre de Sofia Arrellano de 14 a\u00f1os de edad quien particip\u00f3 en Atletismo. Sofia padece microcefalia y problemas visuales, ha ganado varias medallas en atletismo y de grande quiere ser futbolista.<\/em><\/strong><\/p>\n\n\n\n<p><strong>Yasm\u00edn Garc\u00eda<\/strong><\/p>\n\n\n\n<p>Se llev\u00f3 a cabo el Primer Encuentro de Atletismo para Atletas con Discapacidad Intelectual y S\u00edndrome de Down en Chilpancingo con la participaci\u00f3n de 50 competidores en las diferentes pruebas de resistencia, salto de longitud, y lanzamiento de jabalina.<\/p>\n\n\n\n<p>Diego Cort\u00e9s Reyna, entrenador de deporte adaptado y coordinador del programa Para Guerrero, mencion\u00f3 que est\u00e1n integrando a personas con discapacidad intelectual y s\u00edndrome de down.<\/p>\n\n\n\n<p>\u00abQueremos retomar estas actividades tenemos deportistas en sillas de ruedas y amputados, queremos incluir a personas con discapacidad intelectual y s\u00edndrome de down\u00bb, sostuvo.<\/p>\n\n\n\n<p>Los participantes fueron de diversos Centros de Atenci\u00f3n M\u00faltiple (CAM), como el CAM 28 de Chichihualco; el CAM 49 de Quechultenango; el CAM 01; CAM 23 y el CAM 67 de Chilpancingo.<\/p>\n\n\n\n<p>Cortes Reyna inform\u00f3 que los beneficios son a nivel f\u00edsico y de salud de las personas con discapacidad, el avance es en el aspecto psicol\u00f3gico y social.<\/p>\n\n\n\n<p>Esta iniciativa nace con la finalidad de impulsar el desarrollo de las actividades deportivas en la ciudad capital, fortaleciendo el esp\u00edritu y la integraci\u00f3n de los atletas.<\/p>\n\n\n\n<p>Asegur\u00f3 que los padres juegan un papel fundamental en el desarrollo de las personas con discapacidad.<\/p>\n\n\n\n<p>Yasenit Bruno Moran, es madre de Sofia Arrellano de 14 a\u00f1os de edad quien particip\u00f3 en Atletismo.<\/p>\n\n\n\n<p>Relat\u00f3 que Sofia padece microcefalia y problemas visuales, ha ganado varias medallas en atletismo y de grande quiere ser futbolista.<\/p>\n\n\n\n<p>\u00abMuy contenta me siento muy orgullosa de ella, ya ha avanzado mucho porque al principio no caminaba Sofi se arrastraba, con sus terapias tambi\u00e9n ha avanzado mucho\u00bb, relat\u00f3 su mam\u00e1.<\/p>\n\n\n\n<p>La madre de Sofia se siente orgullosa de ella y desde la tribuna del Polideportivo donde se realizaron las competencias la animo.<\/p>\n\n\n\n<p>\u00abMe siento emocionadisima de verla ella me dec\u00eda mam\u00e1 voy a participar pero quiero que me eches porras, siempre he estado con ella para este tipo de eventos no hay impedimento\u00bb.<\/p>\n\n\n\n<figure class=\"wp-block-gallery has-nested-images columns-default is-cropped wp-block-gallery-1 is-layout-flex wp-block-gallery-is-layout-flex\">\n<figure class=\"wp-block-image size-large\"><img decoding=\"async\" src=\"data:image\/gif;base64,R0lGODlhAQABAIAAAAAAAP\/\/\/ywAAAAAAQABAAACAUwAOw==\" fifu-lazy=\"1\" fifu-data-sizes=\"auto\" fifu-data-srcset=\"https:\/\/i3.wp.com\/www.interaccionnoticias.com.mx\/wp-content\/uploads\/2025\/04\/250404-atletas-con-Discapacidad-4-copia-1024x683.jpg?ssl=1&w=75&resize=75&ssl=1 75w, https:\/\/i3.wp.com\/www.interaccionnoticias.com.mx\/wp-content\/uploads\/2025\/04\/250404-atletas-con-Discapacidad-4-copia-1024x683.jpg?ssl=1&w=100&resize=100&ssl=1 100w, https:\/\/i3.wp.com\/www.interaccionnoticias.com.mx\/wp-content\/uploads\/2025\/04\/250404-atletas-con-Discapacidad-4-copia-1024x683.jpg?ssl=1&w=150&resize=150&ssl=1 150w, https:\/\/i3.wp.com\/www.interaccionnoticias.com.mx\/wp-content\/uploads\/2025\/04\/250404-atletas-con-Discapacidad-4-copia-1024x683.jpg?ssl=1&w=240&resize=240&ssl=1 240w, https:\/\/i3.wp.com\/www.interaccionnoticias.com.mx\/wp-content\/uploads\/2025\/04\/250404-atletas-con-Discapacidad-4-copia-1024x683.jpg?ssl=1&w=320&resize=320&ssl=1 320w, https:\/\/i3.wp.com\/www.interaccionnoticias.com.mx\/wp-content\/uploads\/2025\/04\/250404-atletas-con-Discapacidad-4-copia-1024x683.jpg?ssl=1&w=500&resize=500&ssl=1 500w, https:\/\/i3.wp.com\/www.interaccionnoticias.com.mx\/wp-content\/uploads\/2025\/04\/250404-atletas-con-Discapacidad-4-copia-1024x683.jpg?ssl=1&w=640&resize=640&ssl=1 640w, https:\/\/i3.wp.com\/www.interaccionnoticias.com.mx\/wp-content\/uploads\/2025\/04\/250404-atletas-con-Discapacidad-4-copia-1024x683.jpg?ssl=1&w=800&resize=800&ssl=1 800w, https:\/\/i3.wp.com\/www.interaccionnoticias.com.mx\/wp-content\/uploads\/2025\/04\/250404-atletas-con-Discapacidad-4-copia-1024x683.jpg?ssl=1&w=1024&resize=1024&ssl=1 1024w, https:\/\/i3.wp.com\/www.interaccionnoticias.com.mx\/wp-content\/uploads\/2025\/04\/250404-atletas-con-Discapacidad-4-copia-1024x683.jpg?ssl=1&w=1280&resize=1280&ssl=1 1280w, https:\/\/i3.wp.com\/www.interaccionnoticias.com.mx\/wp-content\/uploads\/2025\/04\/250404-atletas-con-Discapacidad-4-copia-1024x683.jpg?ssl=1&w=1600&resize=1600&ssl=1 1600w\" data-id=\"89807\" fifu-data-src=\"https:\/\/i3.wp.com\/www.interaccionnoticias.com.mx\/wp-content\/uploads\/2025\/04\/250404-atletas-con-Discapacidad-4-copia-1024x683.jpg?ssl=1\" alt=\"\" class=\"wp-image-89807\"\/><\/figure>\n\n\n\n<figure class=\"wp-block-image size-large\"><img decoding=\"async\" src=\"data:image\/gif;base64,R0lGODlhAQABAIAAAAAAAP\/\/\/ywAAAAAAQABAAACAUwAOw==\" fifu-lazy=\"1\" fifu-data-sizes=\"auto\" fifu-data-srcset=\"https:\/\/i2.wp.com\/www.interaccionnoticias.com.mx\/wp-content\/uploads\/2025\/04\/250404-atletas-con-Discapacidad-2-copia-1024x683.jpg?ssl=1&w=75&resize=75&ssl=1 75w, https:\/\/i2.wp.com\/www.interaccionnoticias.com.mx\/wp-content\/uploads\/2025\/04\/250404-atletas-con-Discapacidad-2-copia-1024x683.jpg?ssl=1&w=100&resize=100&ssl=1 100w, https:\/\/i2.wp.com\/www.interaccionnoticias.com.mx\/wp-content\/uploads\/2025\/04\/250404-atletas-con-Discapacidad-2-copia-1024x683.jpg?ssl=1&w=150&resize=150&ssl=1 150w, https:\/\/i2.wp.com\/www.interaccionnoticias.com.mx\/wp-content\/uploads\/2025\/04\/250404-atletas-con-Discapacidad-2-copia-1024x683.jpg?ssl=1&w=240&resize=240&ssl=1 240w, https:\/\/i2.wp.com\/www.interaccionnoticias.com.mx\/wp-content\/uploads\/2025\/04\/250404-atletas-con-Discapacidad-2-copia-1024x683.jpg?ssl=1&w=320&resize=320&ssl=1 320w, https:\/\/i2.wp.com\/www.interaccionnoticias.com.mx\/wp-content\/uploads\/2025\/04\/250404-atletas-con-Discapacidad-2-copia-1024x683.jpg?ssl=1&w=500&resize=500&ssl=1 500w, https:\/\/i2.wp.com\/www.interaccionnoticias.com.mx\/wp-content\/uploads\/2025\/04\/250404-atletas-con-Discapacidad-2-copia-1024x683.jpg?ssl=1&w=640&resize=640&ssl=1 640w, https:\/\/i2.wp.com\/www.interaccionnoticias.com.mx\/wp-content\/uploads\/2025\/04\/250404-atletas-con-Discapacidad-2-copia-1024x683.jpg?ssl=1&w=800&resize=800&ssl=1 800w, https:\/\/i2.wp.com\/www.interaccionnoticias.com.mx\/wp-content\/uploads\/2025\/04\/250404-atletas-con-Discapacidad-2-copia-1024x683.jpg?ssl=1&w=1024&resize=1024&ssl=1 1024w, https:\/\/i2.wp.com\/www.interaccionnoticias.com.mx\/wp-content\/uploads\/2025\/04\/250404-atletas-con-Discapacidad-2-copia-1024x683.jpg?ssl=1&w=1280&resize=1280&ssl=1 1280w, https:\/\/i2.wp.com\/www.interaccionnoticias.com.mx\/wp-content\/uploads\/2025\/04\/250404-atletas-con-Discapacidad-2-copia-1024x683.jpg?ssl=1&w=1600&resize=1600&ssl=1 1600w\" data-id=\"89805\" fifu-data-src=\"https:\/\/i2.wp.com\/www.interaccionnoticias.com.mx\/wp-content\/uploads\/2025\/04\/250404-atletas-con-Discapacidad-2-copia-1024x683.jpg?ssl=1\" alt=\"\" class=\"wp-image-89805\"\/><\/figure>\n\n\n\n<figure class=\"wp-block-image size-large\"><img decoding=\"async\" src=\"data:image\/gif;base64,R0lGODlhAQABAIAAAAAAAP\/\/\/ywAAAAAAQABAAACAUwAOw==\" fifu-lazy=\"1\" fifu-data-sizes=\"auto\" fifu-data-srcset=\"https:\/\/i0.wp.com\/www.interaccionnoticias.com.mx\/wp-content\/uploads\/2025\/04\/250404-atletas-con-Discapacidad-3-copia-1024x683.jpg?ssl=1&w=75&resize=75&ssl=1 75w, https:\/\/i0.wp.com\/www.interaccionnoticias.com.mx\/wp-content\/uploads\/2025\/04\/250404-atletas-con-Discapacidad-3-copia-1024x683.jpg?ssl=1&w=100&resize=100&ssl=1 100w, https:\/\/i0.wp.com\/www.interaccionnoticias.com.mx\/wp-content\/uploads\/2025\/04\/250404-atletas-con-Discapacidad-3-copia-1024x683.jpg?ssl=1&w=150&resize=150&ssl=1 150w, https:\/\/i0.wp.com\/www.interaccionnoticias.com.mx\/wp-content\/uploads\/2025\/04\/250404-atletas-con-Discapacidad-3-copia-1024x683.jpg?ssl=1&w=240&resize=240&ssl=1 240w, https:\/\/i0.wp.com\/www.interaccionnoticias.com.mx\/wp-content\/uploads\/2025\/04\/250404-atletas-con-Discapacidad-3-copia-1024x683.jpg?ssl=1&w=320&resize=320&ssl=1 320w, https:\/\/i0.wp.com\/www.interaccionnoticias.com.mx\/wp-content\/uploads\/2025\/04\/250404-atletas-con-Discapacidad-3-copia-1024x683.jpg?ssl=1&w=500&resize=500&ssl=1 500w, https:\/\/i0.wp.com\/www.interaccionnoticias.com.mx\/wp-content\/uploads\/2025\/04\/250404-atletas-con-Discapacidad-3-copia-1024x683.jpg?ssl=1&w=640&resize=640&ssl=1 640w, https:\/\/i0.wp.com\/www.interaccionnoticias.com.mx\/wp-content\/uploads\/2025\/04\/250404-atletas-con-Discapacidad-3-copia-1024x683.jpg?ssl=1&w=800&resize=800&ssl=1 800w, https:\/\/i0.wp.com\/www.interaccionnoticias.com.mx\/wp-content\/uploads\/2025\/04\/250404-atletas-con-Discapacidad-3-copia-1024x683.jpg?ssl=1&w=1024&resize=1024&ssl=1 1024w, https:\/\/i0.wp.com\/www.interaccionnoticias.com.mx\/wp-content\/uploads\/2025\/04\/250404-atletas-con-Discapacidad-3-copia-1024x683.jpg?ssl=1&w=1280&resize=1280&ssl=1 1280w, https:\/\/i0.wp.com\/www.interaccionnoticias.com.mx\/wp-content\/uploads\/2025\/04\/250404-atletas-con-Discapacidad-3-copia-1024x683.jpg?ssl=1&w=1600&resize=1600&ssl=1 1600w\" data-id=\"89806\" fifu-data-src=\"https:\/\/i0.wp.com\/www.interaccionnoticias.com.mx\/wp-content\/uploads\/2025\/04\/250404-atletas-con-Discapacidad-3-copia-1024x683.jpg?ssl=1\" alt=\"\" class=\"wp-image-89806\"\/><\/figure>\n\n\n\n<figure class=\"wp-block-image size-large\"><img decoding=\"async\" src=\"data:image\/gif;base64,R0lGODlhAQABAIAAAAAAAP\/\/\/ywAAAAAAQABAAACAUwAOw==\" fifu-lazy=\"1\" fifu-data-sizes=\"auto\" fifu-data-srcset=\"https:\/\/i1.wp.com\/www.interaccionnoticias.com.mx\/wp-content\/uploads\/2025\/04\/250404-atletas-con-Discapacidad-5-copia-1024x683.jpg?ssl=1&w=75&resize=75&ssl=1 75w, https:\/\/i1.wp.com\/www.interaccionnoticias.com.mx\/wp-content\/uploads\/2025\/04\/250404-atletas-con-Discapacidad-5-copia-1024x683.jpg?ssl=1&w=100&resize=100&ssl=1 100w, https:\/\/i1.wp.com\/www.interaccionnoticias.com.mx\/wp-content\/uploads\/2025\/04\/250404-atletas-con-Discapacidad-5-copia-1024x683.jpg?ssl=1&w=150&resize=150&ssl=1 150w, https:\/\/i1.wp.com\/www.interaccionnoticias.com.mx\/wp-content\/uploads\/2025\/04\/250404-atletas-con-Discapacidad-5-copia-1024x683.jpg?ssl=1&w=240&resize=240&ssl=1 240w, https:\/\/i1.wp.com\/www.interaccionnoticias.com.mx\/wp-content\/uploads\/2025\/04\/250404-atletas-con-Discapacidad-5-copia-1024x683.jpg?ssl=1&w=320&resize=320&ssl=1 320w, https:\/\/i1.wp.com\/www.interaccionnoticias.com.mx\/wp-content\/uploads\/2025\/04\/250404-atletas-con-Discapacidad-5-copia-1024x683.jpg?ssl=1&w=500&resize=500&ssl=1 500w, https:\/\/i1.wp.com\/www.interaccionnoticias.com.mx\/wp-content\/uploads\/2025\/04\/250404-atletas-con-Discapacidad-5-copia-1024x683.jpg?ssl=1&w=640&resize=640&ssl=1 640w, https:\/\/i1.wp.com\/www.interaccionnoticias.com.mx\/wp-content\/uploads\/2025\/04\/250404-atletas-con-Discapacidad-5-copia-1024x683.jpg?ssl=1&w=800&resize=800&ssl=1 800w, https:\/\/i1.wp.com\/www.interaccionnoticias.com.mx\/wp-content\/uploads\/2025\/04\/250404-atletas-con-Discapacidad-5-copia-1024x683.jpg?ssl=1&w=1024&resize=1024&ssl=1 1024w, https:\/\/i1.wp.com\/www.interaccionnoticias.com.mx\/wp-content\/uploads\/2025\/04\/250404-atletas-con-Discapacidad-5-copia-1024x683.jpg?ssl=1&w=1280&resize=1280&ssl=1 1280w, https:\/\/i1.wp.com\/www.interaccionnoticias.com.mx\/wp-content\/uploads\/2025\/04\/250404-atletas-con-Discapacidad-5-copia-1024x683.jpg?ssl=1&w=1600&resize=1600&ssl=1 1600w\" data-id=\"89808\" fifu-data-src=\"https:\/\/i1.wp.com\/www.interaccionnoticias.com.mx\/wp-content\/uploads\/2025\/04\/250404-atletas-con-Discapacidad-5-copia-1024x683.jpg?ssl=1\" alt=\"\" class=\"wp-image-89808\"\/><\/figure>\n\n\n\n<figure class=\"wp-block-image size-large\"><img decoding=\"async\" src=\"data:image\/gif;base64,R0lGODlhAQABAIAAAAAAAP\/\/\/ywAAAAAAQABAAACAUwAOw==\" fifu-lazy=\"1\" fifu-data-sizes=\"auto\" fifu-data-srcset=\"https:\/\/i3.wp.com\/www.interaccionnoticias.com.mx\/wp-content\/uploads\/2025\/04\/250404-atletas-con-Discapacidad-1024x683.jpg?ssl=1&w=75&resize=75&ssl=1 75w, https:\/\/i3.wp.com\/www.interaccionnoticias.com.mx\/wp-content\/uploads\/2025\/04\/250404-atletas-con-Discapacidad-1024x683.jpg?ssl=1&w=100&resize=100&ssl=1 100w, https:\/\/i3.wp.com\/www.interaccionnoticias.com.mx\/wp-content\/uploads\/2025\/04\/250404-atletas-con-Discapacidad-1024x683.jpg?ssl=1&w=150&resize=150&ssl=1 150w, https:\/\/i3.wp.com\/www.interaccionnoticias.com.mx\/wp-content\/uploads\/2025\/04\/250404-atletas-con-Discapacidad-1024x683.jpg?ssl=1&w=240&resize=240&ssl=1 240w, https:\/\/i3.wp.com\/www.interaccionnoticias.com.mx\/wp-content\/uploads\/2025\/04\/250404-atletas-con-Discapacidad-1024x683.jpg?ssl=1&w=320&resize=320&ssl=1 320w, https:\/\/i3.wp.com\/www.interaccionnoticias.com.mx\/wp-content\/uploads\/2025\/04\/250404-atletas-con-Discapacidad-1024x683.jpg?ssl=1&w=500&resize=500&ssl=1 500w, https:\/\/i3.wp.com\/www.interaccionnoticias.com.mx\/wp-content\/uploads\/2025\/04\/250404-atletas-con-Discapacidad-1024x683.jpg?ssl=1&w=640&resize=640&ssl=1 640w, https:\/\/i3.wp.com\/www.interaccionnoticias.com.mx\/wp-content\/uploads\/2025\/04\/250404-atletas-con-Discapacidad-1024x683.jpg?ssl=1&w=800&resize=800&ssl=1 800w, https:\/\/i3.wp.com\/www.interaccionnoticias.com.mx\/wp-content\/uploads\/2025\/04\/250404-atletas-con-Discapacidad-1024x683.jpg?ssl=1&w=1024&resize=1024&ssl=1 1024w, https:\/\/i3.wp.com\/www.interaccionnoticias.com.mx\/wp-content\/uploads\/2025\/04\/250404-atletas-con-Discapacidad-1024x683.jpg?ssl=1&w=1280&resize=1280&ssl=1 1280w, https:\/\/i3.wp.com\/www.interaccionnoticias.com.mx\/wp-content\/uploads\/2025\/04\/250404-atletas-con-Discapacidad-1024x683.jpg?ssl=1&w=1600&resize=1600&ssl=1 1600w\" data-id=\"89809\" fifu-data-src=\"https:\/\/i3.wp.com\/www.interaccionnoticias.com.mx\/wp-content\/uploads\/2025\/04\/250404-atletas-con-Discapacidad-1024x683.jpg?ssl=1\" alt=\"\" class=\"wp-image-89809\"\/><\/figure>\n<\/figure>\n","protected":false},"excerpt":{"rendered":"<p>&#8212; Yasenit Bruno Moran, es madre de Sofia Arrellano de 14 a\u00f1os de edad quien particip\u00f3 en Atletismo. Sofia padece microcefalia y problemas visuales, ha ganado varias medallas en atletismo&hellip; <\/p>\n","protected":false},"author":32,"featured_media":89805,"comment_status":"open","ping_status":"open","sticky":false,"template":"","format":"standard","meta":{"fifu_image_url":"","fifu_image_alt":"","footnotes":""},"categories":[243],"tags":[],"class_list":["post-89804","post","type-post","status-publish","format-standard","has-post-thumbnail","hentry","category-deportes"],"_links":{"self":[{"href":"https:\/\/www.interaccionnoticias.com.mx\/index.php?rest_route=\/wp\/v2\/posts\/89804","targetHints":{"allow":["GET"]}}],"collection":[{"href":"https:\/\/www.interaccionnoticias.com.mx\/index.php?rest_route=\/wp\/v2\/posts"}],"about":[{"href":"https:\/\/www.interaccionnoticias.com.mx\/index.php?rest_route=\/wp\/v2\/types\/post"}],"author":[{"embeddable":true,"href":"https:\/\/www.interaccionnoticias.com.mx\/index.php?rest_route=\/wp\/v2\/users\/32"}],"replies":[{"embeddable":true,"href":"https:\/\/www.interaccionnoticias.com.mx\/index.php?rest_route=%2Fwp%2Fv2%2Fcomments&post=89804"}],"version-history":[{"count":1,"href":"https:\/\/www.interaccionnoticias.com.mx\/index.php?rest_route=\/wp\/v2\/posts\/89804\/revisions"}],"predecessor-version":[{"id":89810,"href":"https:\/\/www.interaccionnoticias.com.mx\/index.php?rest_route=\/wp\/v2\/posts\/89804\/revisions\/89810"}],"wp:featuredmedia":[{"embeddable":true,"href":"https:\/\/www.interaccionnoticias.com.mx\/index.php?rest_route=\/wp\/v2\/media\/89805"}],"wp:attachment":[{"href":"https:\/\/www.interaccionnoticias.com.mx\/index.php?rest_route=%2Fwp%2Fv2%2Fmedia&parent=89804"}],"wp:term":[{"taxonomy":"category","embeddable":true,"href":"https:\/\/www.interaccionnoticias.com.mx\/index.php?rest_route=%2Fwp%2Fv2%2Fcategories&post=89804"},{"taxonomy":"post_tag","embeddable":true,"href":"https:\/\/www.interaccionnoticias.com.mx\/index.php?rest_route=%2Fwp%2Fv2%2Ftags&post=89804"}],"curies":[{"name":"wp","href":"https:\/\/api.w.org\/{rel}","templated":true}]}}