{"id":89573,"date":"2025-03-31T17:44:59","date_gmt":"2025-03-31T23:44:59","guid":{"rendered":"https:\/\/www.interaccionnoticias.com.mx\/?p=89573"},"modified":"2025-03-31T17:45:00","modified_gmt":"2025-03-31T23:45:00","slug":"gobierno-de-guerrero-reitera-habra-multas-para-quien-incremente-de-manera-arbitraria-las-tarifas-del-transporte-publico","status":"publish","type":"post","link":"https:\/\/www.interaccionnoticias.com.mx\/?p=89573","title":{"rendered":"Gobierno de Guerrero reitera: Habr\u00e1 multas para quien incremente de manera arbitraria las tarifas del transporte p\u00fablico"},"content":{"rendered":"\n<p><em><strong>&#8212; Las sanciones van de los 400 a los mil 200 pesos, se\u00f1ala el Director de Transportes, Arturo Salinas Sandoval<br>&#8212; En la ruta Chilpancingo-Mazatlan se quejaron del incremento del pasaje desde este 31 de marzo<\/strong><\/em><\/p>\n\n\n\n<p><strong>Yasm\u00edn Garc\u00eda<\/strong><\/p>\n\n\n\n<p>El titular de la Comisi\u00f3n T\u00e9cnica de Transporte y Vialidad del Gobierno de Guerrero, Arturo Salinas Sandoval advirti\u00f3 que las multas para quienes incrementen de manera arbitraria las tarifas del transporte p\u00fablico, van de los 400 pesos a los mil 200 pesos.<\/p>\n\n\n\n<p>Salinas Sandoval explic\u00f3 que se puse en marcha un operativo en campo, ante los avisos que colocaron transportistas de las rutas for\u00e1neas en sus unidades, donde se anunciaba el incremento del pasaje, pero sin contar con ning\u00fan tipo de documentaci\u00f3n oficial.<\/p>\n\n\n\n<p>\u00abLa primera infracci\u00f3n es de 400 pesos y se le exige al transportista cancelar ese incremento a la tarifa, si vuelve a reincidir la multa aumenta a mil 200, y si hay una tercera infracci\u00f3n se le retira su conseci\u00f3n\u00bb, anticip\u00f3 el funcionario.<\/p>\n\n\n\n<p>Indic\u00f3 que adem\u00e1s de la alteraci\u00f3n a las tarifas del pasaje, se han detectado unidades piratas en Acapulco y Chilpancingo, por lo que las han retirado de las calles.<\/p>\n\n\n\n<p>\u00abAqui en Chilpancingo detuvimos una camioneta, esa pag\u00f3 10 mil pesos de infracci\u00f3n pero los transportistas cerraron, bloquearon y los dejamos, ir despu\u00e9s quisieron recuperar las placas, la licencia y le aplicamos la infracci\u00f3n de 10 mil pesos, pero adem\u00e1s fue sacada de circulaci\u00f3n\u00bb, manifest\u00f3.<\/p>\n\n\n\n<p>Las rutas for\u00e1neas que anunciaron incremento en sus tarifas son de la Monta\u00f1a Baja y Circuito R\u00edo Azul.<\/p>\n\n\n\n<p>Usuarios del transporte de la ruta Chilpancingo-Mazatlan se quejaron del incremento del pasaje de 20 pesos a 25, supuestamente desde este lunes 31 de marzo.<\/p>\n\n\n\n<figure class=\"wp-block-gallery has-nested-images columns-default is-cropped wp-block-gallery-1 is-layout-flex wp-block-gallery-is-layout-flex\">\n<figure class=\"wp-block-image size-large\"><img decoding=\"async\" src=\"data:image\/gif;base64,R0lGODlhAQABAIAAAAAAAP\/\/\/ywAAAAAAQABAAACAUwAOw==\" fifu-lazy=\"1\" fifu-data-sizes=\"auto\" fifu-data-srcset=\"https:\/\/i1.wp.com\/www.interaccionnoticias.com.mx\/wp-content\/uploads\/2025\/03\/250331-CC-transporte-publico-1-1024x765.jpg?ssl=1&w=75&resize=75&ssl=1 75w, https:\/\/i1.wp.com\/www.interaccionnoticias.com.mx\/wp-content\/uploads\/2025\/03\/250331-CC-transporte-publico-1-1024x765.jpg?ssl=1&w=100&resize=100&ssl=1 100w, https:\/\/i1.wp.com\/www.interaccionnoticias.com.mx\/wp-content\/uploads\/2025\/03\/250331-CC-transporte-publico-1-1024x765.jpg?ssl=1&w=150&resize=150&ssl=1 150w, https:\/\/i1.wp.com\/www.interaccionnoticias.com.mx\/wp-content\/uploads\/2025\/03\/250331-CC-transporte-publico-1-1024x765.jpg?ssl=1&w=240&resize=240&ssl=1 240w, https:\/\/i1.wp.com\/www.interaccionnoticias.com.mx\/wp-content\/uploads\/2025\/03\/250331-CC-transporte-publico-1-1024x765.jpg?ssl=1&w=320&resize=320&ssl=1 320w, https:\/\/i1.wp.com\/www.interaccionnoticias.com.mx\/wp-content\/uploads\/2025\/03\/250331-CC-transporte-publico-1-1024x765.jpg?ssl=1&w=500&resize=500&ssl=1 500w, https:\/\/i1.wp.com\/www.interaccionnoticias.com.mx\/wp-content\/uploads\/2025\/03\/250331-CC-transporte-publico-1-1024x765.jpg?ssl=1&w=640&resize=640&ssl=1 640w, https:\/\/i1.wp.com\/www.interaccionnoticias.com.mx\/wp-content\/uploads\/2025\/03\/250331-CC-transporte-publico-1-1024x765.jpg?ssl=1&w=800&resize=800&ssl=1 800w, https:\/\/i1.wp.com\/www.interaccionnoticias.com.mx\/wp-content\/uploads\/2025\/03\/250331-CC-transporte-publico-1-1024x765.jpg?ssl=1&w=1024&resize=1024&ssl=1 1024w, https:\/\/i1.wp.com\/www.interaccionnoticias.com.mx\/wp-content\/uploads\/2025\/03\/250331-CC-transporte-publico-1-1024x765.jpg?ssl=1&w=1280&resize=1280&ssl=1 1280w, https:\/\/i1.wp.com\/www.interaccionnoticias.com.mx\/wp-content\/uploads\/2025\/03\/250331-CC-transporte-publico-1-1024x765.jpg?ssl=1&w=1600&resize=1600&ssl=1 1600w\" data-id=\"89574\" fifu-data-src=\"https:\/\/i1.wp.com\/www.interaccionnoticias.com.mx\/wp-content\/uploads\/2025\/03\/250331-CC-transporte-publico-1-1024x765.jpg?ssl=1\" alt=\"\" class=\"wp-image-89574\"\/><\/figure>\n\n\n\n<figure class=\"wp-block-image size-large\"><img decoding=\"async\" src=\"data:image\/gif;base64,R0lGODlhAQABAIAAAAAAAP\/\/\/ywAAAAAAQABAAACAUwAOw==\" fifu-lazy=\"1\" fifu-data-sizes=\"auto\" fifu-data-srcset=\"https:\/\/i3.wp.com\/www.interaccionnoticias.com.mx\/wp-content\/uploads\/2025\/03\/250331-CC-transporte-publico-2-1024x772.jpg?ssl=1&w=75&resize=75&ssl=1 75w, https:\/\/i3.wp.com\/www.interaccionnoticias.com.mx\/wp-content\/uploads\/2025\/03\/250331-CC-transporte-publico-2-1024x772.jpg?ssl=1&w=100&resize=100&ssl=1 100w, https:\/\/i3.wp.com\/www.interaccionnoticias.com.mx\/wp-content\/uploads\/2025\/03\/250331-CC-transporte-publico-2-1024x772.jpg?ssl=1&w=150&resize=150&ssl=1 150w, https:\/\/i3.wp.com\/www.interaccionnoticias.com.mx\/wp-content\/uploads\/2025\/03\/250331-CC-transporte-publico-2-1024x772.jpg?ssl=1&w=240&resize=240&ssl=1 240w, https:\/\/i3.wp.com\/www.interaccionnoticias.com.mx\/wp-content\/uploads\/2025\/03\/250331-CC-transporte-publico-2-1024x772.jpg?ssl=1&w=320&resize=320&ssl=1 320w, https:\/\/i3.wp.com\/www.interaccionnoticias.com.mx\/wp-content\/uploads\/2025\/03\/250331-CC-transporte-publico-2-1024x772.jpg?ssl=1&w=500&resize=500&ssl=1 500w, https:\/\/i3.wp.com\/www.interaccionnoticias.com.mx\/wp-content\/uploads\/2025\/03\/250331-CC-transporte-publico-2-1024x772.jpg?ssl=1&w=640&resize=640&ssl=1 640w, https:\/\/i3.wp.com\/www.interaccionnoticias.com.mx\/wp-content\/uploads\/2025\/03\/250331-CC-transporte-publico-2-1024x772.jpg?ssl=1&w=800&resize=800&ssl=1 800w, https:\/\/i3.wp.com\/www.interaccionnoticias.com.mx\/wp-content\/uploads\/2025\/03\/250331-CC-transporte-publico-2-1024x772.jpg?ssl=1&w=1024&resize=1024&ssl=1 1024w, https:\/\/i3.wp.com\/www.interaccionnoticias.com.mx\/wp-content\/uploads\/2025\/03\/250331-CC-transporte-publico-2-1024x772.jpg?ssl=1&w=1280&resize=1280&ssl=1 1280w, https:\/\/i3.wp.com\/www.interaccionnoticias.com.mx\/wp-content\/uploads\/2025\/03\/250331-CC-transporte-publico-2-1024x772.jpg?ssl=1&w=1600&resize=1600&ssl=1 1600w\" data-id=\"89575\" fifu-data-src=\"https:\/\/i3.wp.com\/www.interaccionnoticias.com.mx\/wp-content\/uploads\/2025\/03\/250331-CC-transporte-publico-2-1024x772.jpg?ssl=1\" alt=\"\" class=\"wp-image-89575\"\/><\/figure>\n<\/figure>\n","protected":false},"excerpt":{"rendered":"<p>&#8212; Las sanciones van de los 400 a los mil 200 pesos, se\u00f1ala el Director de Transportes, Arturo Salinas Sandoval&#8212; En la ruta Chilpancingo-Mazatlan se quejaron del incremento del pasaje&hellip; <\/p>\n","protected":false},"author":32,"featured_media":89575,"comment_status":"open","ping_status":"open","sticky":false,"template":"","format":"standard","meta":{"fifu_image_url":"","fifu_image_alt":"","footnotes":""},"categories":[11],"tags":[],"class_list":["post-89573","post","type-post","status-publish","format-standard","has-post-thumbnail","hentry","category-guerrero"],"_links":{"self":[{"href":"https:\/\/www.interaccionnoticias.com.mx\/index.php?rest_route=\/wp\/v2\/posts\/89573","targetHints":{"allow":["GET"]}}],"collection":[{"href":"https:\/\/www.interaccionnoticias.com.mx\/index.php?rest_route=\/wp\/v2\/posts"}],"about":[{"href":"https:\/\/www.interaccionnoticias.com.mx\/index.php?rest_route=\/wp\/v2\/types\/post"}],"author":[{"embeddable":true,"href":"https:\/\/www.interaccionnoticias.com.mx\/index.php?rest_route=\/wp\/v2\/users\/32"}],"replies":[{"embeddable":true,"href":"https:\/\/www.interaccionnoticias.com.mx\/index.php?rest_route=%2Fwp%2Fv2%2Fcomments&post=89573"}],"version-history":[{"count":1,"href":"https:\/\/www.interaccionnoticias.com.mx\/index.php?rest_route=\/wp\/v2\/posts\/89573\/revisions"}],"predecessor-version":[{"id":89576,"href":"https:\/\/www.interaccionnoticias.com.mx\/index.php?rest_route=\/wp\/v2\/posts\/89573\/revisions\/89576"}],"wp:featuredmedia":[{"embeddable":true,"href":"https:\/\/www.interaccionnoticias.com.mx\/index.php?rest_route=\/wp\/v2\/media\/89575"}],"wp:attachment":[{"href":"https:\/\/www.interaccionnoticias.com.mx\/index.php?rest_route=%2Fwp%2Fv2%2Fmedia&parent=89573"}],"wp:term":[{"taxonomy":"category","embeddable":true,"href":"https:\/\/www.interaccionnoticias.com.mx\/index.php?rest_route=%2Fwp%2Fv2%2Fcategories&post=89573"},{"taxonomy":"post_tag","embeddable":true,"href":"https:\/\/www.interaccionnoticias.com.mx\/index.php?rest_route=%2Fwp%2Fv2%2Ftags&post=89573"}],"curies":[{"name":"wp","href":"https:\/\/api.w.org\/{rel}","templated":true}]}}