{"id":89555,"date":"2025-03-31T14:44:19","date_gmt":"2025-03-31T20:44:19","guid":{"rendered":"https:\/\/www.interaccionnoticias.com.mx\/?p=89555"},"modified":"2025-03-31T14:44:19","modified_gmt":"2025-03-31T20:44:19","slug":"celebran-misa-por-la-paz-y-por-desparecidos-en-guerrero","status":"publish","type":"post","link":"https:\/\/www.interaccionnoticias.com.mx\/?p=89555","title":{"rendered":"Celebran misa por la paz y por desparecidos en Guerrero"},"content":{"rendered":"\n<p><strong><em>&#8212; La iglesia pidi\u00f3 a las autoridades agilizar las investigaciones sobre ese tipo de casos, para que las madres buscadoras tengan paz<\/em><\/strong><\/p>\n\n\n\n<p><strong>Yasm\u00edn Garc\u00eda<\/strong><\/p>\n\n\n\n<p>El Colectivo Guerrero No+ Desaparecidos y la parroquia de la Santa Cruz, perteneciente a la Di\u00f3cesis Chilpancingo-Chilapa celebraron una misa por la paz y por la localizaci\u00f3n de personas desaparecidas en Guerrero.<\/p>\n\n\n\n<p>A partir de este 30 de marzo se celebrar\u00e1 una misa los d\u00edas 30 de cada mes en la parroquia de la Santa Cruz, ubicada en el barrio del mismo nombre, cerca del centro de Chilpancingo.<\/p>\n\n\n\n<p>Las madres buscadoras colocaron zapatos en memoria de las v\u00edctimas del rancho Izaguirre, ubicado en Teuchitl\u00e1n, Jalisco, as\u00ed como fotograf\u00edas de sus seres queridos desaparecidos.<\/p>\n\n\n\n<p>Tambi\u00e9n colocaron y ocho velas en memoria de los j\u00f3venes asesinados en Guanajuato, quienes pertenec\u00edan a la parroquia de San Jos\u00e9 Mendoza de la iglesia cat\u00f3lica.<\/p>\n\n\n\n<p>En la homil\u00eda el sacerdote Gamaliel Villalobos conden\u00f3 las muertes violentas en Guerrero y en el pa\u00eds as\u00ed como las desapariciones forzadas.<\/p>\n\n\n\n<p>\u00abPidamos por los j\u00f3venes que han fallecido, por los j\u00f3venes que mataron en Guanajuato y esos zapatos son por los jovenes del rancho, vamos a pedir por ellos que han muerto all\u00e1 en Jalisco, para que cese la violencia\u00bb, anot\u00f3.<\/p>\n\n\n\n<p>El sacerdote hizo un pase de lista de personas desaparecidas de diferentes colectivos como: Memoria, Verdad y Justicia Acapulco, Guerrero No+ Desaparecidos, entre otros.<\/p>\n\n\n\n<p>El p\u00e1rroco se solidariz\u00f3 con las madres buscadoras y les asegur\u00f3 que no estan solas porque, la iglesia cat\u00f3lica camina con ellas.<\/p>\n\n\n\n<p>\u00abEn este proceso, en este peregrinar las llam\u00f3 a no sentirse solas que hay una iglesia que camina con ustedes que ora y que hay esperanza\u00bb, enfatiz\u00f3.<\/p>\n\n\n\n<p>A las autoridades pidi\u00f3 agilizar las investigaciones de los casos de desaparici\u00f3n para traer paz a las familias de las v\u00edctimas, con la intenci\u00f3n de que ya tengan tranquilidad.<\/p>\n\n\n\n<p>Al t\u00e9rmino de la misa, pidi\u00f3 a las madres buscadoras pasar al frente y abri\u00f3 el buz\u00f3n de paz instalado en la parroquia por las madres, donde entreg\u00f3 las cartas qu\u00e9 la poblaci\u00f3n deposit\u00f3 de manera an\u00f3nima.<\/p>\n\n\n\n<p>Estos buzones fueron instalados por las madres buscadoras del Colectivo Guerrero No+ Desaparecidos en las diferentes iglesias y parroquias de la ciudad capital, con la finalidad de abrir la posibilidad para que quien tenga informaci\u00f3n del paradero de sus seres queridos, la haga saber de manera an\u00f3nima o deje mensajes de aliento para los integrantes de los colectivos.<\/p>\n","protected":false},"excerpt":{"rendered":"<p>&#8212; La iglesia pidi\u00f3 a las autoridades agilizar las investigaciones sobre ese tipo de casos, para que las madres buscadoras tengan paz Yasm\u00edn Garc\u00eda El Colectivo Guerrero No+ Desaparecidos y&hellip; <\/p>\n","protected":false},"author":32,"featured_media":89556,"comment_status":"open","ping_status":"open","sticky":false,"template":"","format":"standard","meta":{"fifu_image_url":"","fifu_image_alt":"","footnotes":""},"categories":[29],"tags":[],"class_list":["post-89555","post","type-post","status-publish","format-standard","has-post-thumbnail","hentry","category-sociedad"],"_links":{"self":[{"href":"https:\/\/www.interaccionnoticias.com.mx\/index.php?rest_route=\/wp\/v2\/posts\/89555","targetHints":{"allow":["GET"]}}],"collection":[{"href":"https:\/\/www.interaccionnoticias.com.mx\/index.php?rest_route=\/wp\/v2\/posts"}],"about":[{"href":"https:\/\/www.interaccionnoticias.com.mx\/index.php?rest_route=\/wp\/v2\/types\/post"}],"author":[{"embeddable":true,"href":"https:\/\/www.interaccionnoticias.com.mx\/index.php?rest_route=\/wp\/v2\/users\/32"}],"replies":[{"embeddable":true,"href":"https:\/\/www.interaccionnoticias.com.mx\/index.php?rest_route=%2Fwp%2Fv2%2Fcomments&post=89555"}],"version-history":[{"count":1,"href":"https:\/\/www.interaccionnoticias.com.mx\/index.php?rest_route=\/wp\/v2\/posts\/89555\/revisions"}],"predecessor-version":[{"id":89557,"href":"https:\/\/www.interaccionnoticias.com.mx\/index.php?rest_route=\/wp\/v2\/posts\/89555\/revisions\/89557"}],"wp:featuredmedia":[{"embeddable":true,"href":"https:\/\/www.interaccionnoticias.com.mx\/index.php?rest_route=\/wp\/v2\/media\/89556"}],"wp:attachment":[{"href":"https:\/\/www.interaccionnoticias.com.mx\/index.php?rest_route=%2Fwp%2Fv2%2Fmedia&parent=89555"}],"wp:term":[{"taxonomy":"category","embeddable":true,"href":"https:\/\/www.interaccionnoticias.com.mx\/index.php?rest_route=%2Fwp%2Fv2%2Fcategories&post=89555"},{"taxonomy":"post_tag","embeddable":true,"href":"https:\/\/www.interaccionnoticias.com.mx\/index.php?rest_route=%2Fwp%2Fv2%2Ftags&post=89555"}],"curies":[{"name":"wp","href":"https:\/\/api.w.org\/{rel}","templated":true}]}}