{"id":89545,"date":"2025-03-31T12:59:08","date_gmt":"2025-03-31T18:59:08","guid":{"rendered":"https:\/\/www.interaccionnoticias.com.mx\/?p=89545"},"modified":"2025-03-31T12:59:09","modified_gmt":"2025-03-31T18:59:09","slug":"rancho-izaguirre-el-fracaso-de-la-verdad","status":"publish","type":"post","link":"https:\/\/www.interaccionnoticias.com.mx\/?p=89545","title":{"rendered":"RANCHO IZAGUIRRE: \u00bfEL FRACASO DE LA VERDAD?"},"content":{"rendered":"\n<p><strong><em>(Primera parte)<\/em><\/strong><\/p>\n\n\n\n<p><strong>MIRADA INTERIOR<\/strong><\/p>\n\n\n\n<p><strong>Por: Isa\u00edas Alan\u00eds<\/strong><\/p>\n\n\n\n<p>En el corpus del pensamiento occidental, Arist\u00f3teles consideraba a la verdad como una \u201cpropiedad de nuestro juicio sobre el mundo\u201d. La relaci\u00f3n filosof\u00eda, historia, verdad, ha dado traspi\u00e9s y aciertos. El modelo hist\u00f3rico tradicional ha sido trocado en sutiles formas de entender y confundir la relaci\u00f3n, ser, sujeto, esencia existencia, cultura, modelo de producci\u00f3n y una realidad metaf\u00edsica reunida en torno al ser y al no ser.<\/p>\n\n\n\n<p>El historicismo revisa las leyes de la historia y ofrece especulaciones sobre los acontecimientos, cargada al viejo Hegel, Compte, Marx y posteriores pensadores que construyeron la historicidad dimensional del ser, del sujeto y en el \u00e1mbito de la cultura, desarrollo, competencias y contradicciones sumadas a ejemplos hist\u00f3ricos manoseados, que van de campos de concentraci\u00f3n alemanes, matanza en \u00c1frica por hambre y machete, exterminio humano en las dictaduras del Cono Sur, limpieza \u00e9tnica en Gaza y otros pa\u00edses.<\/p>\n\n\n\n<p>En M\u00e9xico nos retrotrae a una serie de actos criminales a lo largo de la historia. El exterminio de opositores a don Porfirio, ejecuci\u00f3n de Madero y Pino Suarez; cr\u00edmenes de estado de Carranza al actual gobierno, al que se suman: muerte y encarcelamiento de maestros, ferrocarrileros, estudiantes, 2 de octubre no se olvida, Jueves de Corpus, Rub\u00e9n Jaramillo y la Guerra Sucia en el sur de M\u00e9xico, Acteal, San Fernando, Aguas Blancas, etc.<\/p>\n\n\n\n<p>En el Renacimieneto nace el concepto de historia, ya no son datos, n\u00fameros descontextualizados del corpus social, econ\u00f3mico y cultural. Actualmente en los sistemas pol\u00edticos, del color que sean, la verdad ha perdido validez. Existen verdades absolutas, no verificables cuando \u00e9stas alteran en rigor basamentos del estado. Se tiende a la disociaci\u00f3n y a un marco interpretativo que desv\u00eda la verdad coexistente en hechos que alteran la historia oficial. Surge la especulaci\u00f3n, que desplaza a la verdad y multiplica interpretaciones que no cuadra con el contexto donde acontecieron los hechos. Guerra de datos a cargo de intelectuales org\u00e1nicos, periodistas por paga, \u201ccronistas dateros descontextualizados\u201d, facebuqueros y Bots.<\/p>\n\n\n\n<p>Del pensamiento renacentista al historicismo, el positivismo de Compte, el materialismo hist\u00f3rico de Marx, a la Escuela de los Annales de Lucien Febre y Marc Bloch con enfoque multidisciplinario sin centrarse exclusivamente en el \u00e1mbito pol\u00edtico y sus posteriores historiadores. Un repaso hist\u00f3rico es fundamental para entender por qu\u00e9 el estado ha perdido la regencia de autoridad, leyes, poder ejecutivo y judicial entregado a las manos ensangrentadas de c\u00f3mplices pol\u00edticos, socios que abonan la semilla de la violencia y la descomposici\u00f3n de las instituciones, de hombres y mujeres al frente a una responsabilidad que denigran y traicionan.<\/p>\n\n\n\n<p>Los barones de la droga se mataban entre ellos en vendettas que los medios masivos se encargaban de dimensionar y convertirlos en h\u00e9roes jolibudescos en EEUU. En M\u00e9xico, el cine no ha sido tan desafortunado, se muestra el \u201clado bueno\u201d de los narcos en corridos, cuyo mensaje exacerba el valor de tal o cual \u201cpersonaje\u201d, ligado al pueblo, y este lo toma como ejemplo a imitar. El narco corrido cumple a cabalidad como difusor de valores e incrustarlos en la psique del mexicano. Esta propaganda -adem\u00e1s- es un negocio multimillonario.<\/p>\n\n\n\n<p>La serie de ajusticiamientos de los \u00faltimos treinta a\u00f1os es un ejemplo de c\u00f3mo la verdad en la que se asienta el estado ha cruzado la l\u00ednea divisoria entre la mentira en si, y la verdad negada con el firme prop\u00f3sito de defender al estado y a la clase pol\u00edtica que cubre sus cr\u00edmenes. Y con su control, es c\u00f3mplice de la corrupci\u00f3n a fuerzas militares y civiles. Le dan la espalda al pueblo y siembran la semilla como en Sinaloa, entidad presa en una guerra entre dos facciones delincuenciales que cobra vidas inocentes.<\/p>\n\n\n\n<p>En esta polaridad cohabitan dos minor\u00edas una dentro y la otra fuera de la ley. La primera es sometida por dinero y a golpe de bala. La otra, hunde sus tent\u00e1culos en el terror, truquea las leyes a su favor; delincuentes de alta peligrosidad son dejados en libertad mediante amparos chuecos; cuentas bancarias desbloqueadas por jueces dinereros, libertad bajo fianza; lo mismo de un delincuente de cuello blanco que de un narco que opera desde el coraz\u00f3n de comunidades, rancher\u00edas, alcald\u00edas, estados y a convertido a la naci\u00f3n en campo de batalla y territorios controlados, que a su vez pelean con el grupo opositor.<\/p>\n\n\n\n<p>Hay un cambio de piel, \u201c la fuerza del estado\u201d, en territorios usurpados, la ejercen los barones de la droga. Y en ese punto axial, surge la negaci\u00f3n del estado y el poder de la mentira sobre la realidad; hay que tapar el da\u00f1o, simular que se investiga: \u201cinventar una verdad hist\u00f3rica\u201d. Tal es el caso de matanzas del 2 de octubre, Acteal, San Fernando, y un largo etc\u00e9tera. La conflagraci\u00f3n imparable: los barones de la droga dominan al estado, sitian un territorio a sangre y fuego, cobran impuestos como se\u00f1ores feudales con derecho de pernada, cooptando a fuerzas del orden y dominando la c\u00e9lula de la democracia: el municipio. Polic\u00edas, soldados, guardias, jueces, magistrados, juzgadores, engrosan a su n\u00f3mina. Pero eso no es todo, toman la conducci\u00f3n del municipio y se encargan de obras, control de recursos, cobro de impuestos dobles y la concentraci\u00f3n del poder en las manos de uno o dos barones y su corte de sicarios, contables, hackers, y un harem de \u201cbuchonas\u201d para dar y compartir con sus aliados. El uso de la mujer como cuerpo inanimado, cosific\u00e1ndola con cargo al patriarcado feudal; montan un aparato de guerra contra carteles enemigos desatando matanzas espantosas entre ellos -tambi\u00e9n en gremios- que se oponen al pago \u201cde piso\u201d.<\/p>\n\n\n\n<p>La raya entre los 43 Estudiantes de Ayotzinapa desaparecidos y asesinados, con el rancho Izaguirre, tiene dos momentos. En el primero se creo la \u201cverdad hist\u00f3rica\u201d, en el segundo, la verdad sin comprobar apunta a \u201cun campo de entrenamiento\u201d. Ambas no se sujetan a la historia. En Cocula encontraron unos huesos, no hay evidencias. En el Rancho Izaguirre, hasta ahora, no hay cuerpos, hay evidencias; zapatos, mochilas, ropa, gorras, l\u00e1piz labial, condones, libretas y un vac\u00edo profundo: \u00bfD\u00f3nde est\u00e1n los due\u00f1os de esas prendas? \u00bfFueron incinerados en hornos artesanales, lanzados al r\u00edo Santiago, a la Laguna de Chapala, enterrados en fosas clandestinas, lanzados al mar en avionetas, o andan \u201cvivitos y coleando\u201d, asaltando, cobrando piso, asesinando soldados, civiles, ni\u00f1os, \u201ccontras\u201d y otros, dedicados al trasiego de droga a los EEUU?<\/p>\n\n\n\n<p>Hasta el momento, no hay verdad, y si existe \u00bfD\u00f3nde est\u00e1? \u00bfqui\u00e9n la sabe? El estado tiene que dar respuestas concretas que pas\u00f3 en el rancho Izaguirre. \u00bfPor qu\u00e9 el gobierno de Jalisco no detuvo el secuestro de j\u00f3venes realizado en sus narices? \u00bfPor qu\u00e9 el estado mexicano, no cre\u00f3 los empleos para miles de mujeres y hombres que egresan de escuelas profesionales como desempleados?<\/p>\n","protected":false},"excerpt":{"rendered":"<p>(Primera parte) MIRADA INTERIOR Por: Isa\u00edas Alan\u00eds En el corpus del pensamiento occidental, Arist\u00f3teles consideraba a la verdad como una \u201cpropiedad de nuestro juicio sobre el mundo\u201d. La relaci\u00f3n filosof\u00eda,&hellip; <\/p>\n","protected":false},"author":7,"featured_media":89546,"comment_status":"open","ping_status":"open","sticky":false,"template":"","format":"standard","meta":{"fifu_image_url":"","fifu_image_alt":"","footnotes":""},"categories":[16],"tags":[],"class_list":["post-89545","post","type-post","status-publish","format-standard","has-post-thumbnail","hentry","category-opinion"],"_links":{"self":[{"href":"https:\/\/www.interaccionnoticias.com.mx\/index.php?rest_route=\/wp\/v2\/posts\/89545","targetHints":{"allow":["GET"]}}],"collection":[{"href":"https:\/\/www.interaccionnoticias.com.mx\/index.php?rest_route=\/wp\/v2\/posts"}],"about":[{"href":"https:\/\/www.interaccionnoticias.com.mx\/index.php?rest_route=\/wp\/v2\/types\/post"}],"author":[{"embeddable":true,"href":"https:\/\/www.interaccionnoticias.com.mx\/index.php?rest_route=\/wp\/v2\/users\/7"}],"replies":[{"embeddable":true,"href":"https:\/\/www.interaccionnoticias.com.mx\/index.php?rest_route=%2Fwp%2Fv2%2Fcomments&post=89545"}],"version-history":[{"count":2,"href":"https:\/\/www.interaccionnoticias.com.mx\/index.php?rest_route=\/wp\/v2\/posts\/89545\/revisions"}],"predecessor-version":[{"id":89553,"href":"https:\/\/www.interaccionnoticias.com.mx\/index.php?rest_route=\/wp\/v2\/posts\/89545\/revisions\/89553"}],"wp:featuredmedia":[{"embeddable":true,"href":"https:\/\/www.interaccionnoticias.com.mx\/index.php?rest_route=\/wp\/v2\/media\/89546"}],"wp:attachment":[{"href":"https:\/\/www.interaccionnoticias.com.mx\/index.php?rest_route=%2Fwp%2Fv2%2Fmedia&parent=89545"}],"wp:term":[{"taxonomy":"category","embeddable":true,"href":"https:\/\/www.interaccionnoticias.com.mx\/index.php?rest_route=%2Fwp%2Fv2%2Fcategories&post=89545"},{"taxonomy":"post_tag","embeddable":true,"href":"https:\/\/www.interaccionnoticias.com.mx\/index.php?rest_route=%2Fwp%2Fv2%2Ftags&post=89545"}],"curies":[{"name":"wp","href":"https:\/\/api.w.org\/{rel}","templated":true}]}}