{"id":89516,"date":"2025-03-30T19:18:00","date_gmt":"2025-03-31T01:18:00","guid":{"rendered":"https:\/\/www.interaccionnoticias.com.mx\/?p=89516"},"modified":"2025-03-30T20:05:46","modified_gmt":"2025-03-31T02:05:46","slug":"arrancan-campanas-del-poder-judicial-de-la-federacion-a-nivel-nacional","status":"publish","type":"post","link":"https:\/\/www.interaccionnoticias.com.mx\/?p=89516","title":{"rendered":"Arrancan campa\u00f1as del Poder Judicial de la Federaci\u00f3n a nivel nacional"},"content":{"rendered":"\n<p><em><strong>&#8212; En guerrero se elegir\u00e1n 10 magistraturas y 10 jueces de distrito<\/strong><\/em><\/p>\n\n\n\n<p><strong>Jes\u00fas Dorantes<\/strong><\/p>\n\n\n\n<p><strong>Chilpancingo, Gro.- <\/strong>Este domingo 30 de marzo iniciaron las campa\u00f1as electorales para ocupar 881 puestos dentro del Poder Judicial de la Federaci\u00f3n (PJF), en Guerrero la contienda se disputar\u00e1n 10 magistraturas y 10 jueces de distrito del Vig\u00e9simo Primer Circuito, con un total de 18 aspirantes a magistraturas y 37 a juezas y jueces de distrito.<\/p>\n\n\n\n<p>Entre los postulantes a magistraturas de circuito se encuentran Alondra Rojas Carmona, propuesta por el PJF, y Dulce Mar\u00eda Rodr\u00edguez Terrazas, respaldada por el PJF, el Poder Legislativo Federal (PLF) y el Poder Ejecutivo Federal (PEF).<\/p>\n\n\n\n<p>Tambi\u00e9n figuran en la contienda Juan Pablo Ram\u00edrez Navarrete, postulado por el PJF, y los actuales magistrados Luis Eduardo Jim\u00e9nez Mart\u00ednez, Lucio Lyeva Nava y Alberto Emilio Carmona.<\/p>\n\n\n\n<p>El PEF ha postulado a Yolanda Mora Silva; Adalberto Valenzo Mart\u00ednez, Zeus Hern\u00e1ndez Zamora, Samuel Salamanca V\u00e1zquez y Tom\u00e1s Flores.<\/p>\n\n\n\n<p>El PLF respalda a Guadalupe Mart\u00ednez Guerrero; Jos\u00e9 Antonio Garc\u00eda Leyva, Jorge Jes\u00fas Beltr\u00e1n Pineda, Zaira Roc\u00edo Gallegos L\u00f3pez, Manuel Galeana Alarc\u00f3n, Ruvi Martha Rosas y Ra\u00fal Valdez Mosso.<\/p>\n\n\n\n<p>Para las posiciones de juezas y jueces en Guerrero, la lista la integran Evelina Ram\u00edrez Venegas, Nayeli Urbano Ju\u00e1rez, Sergio Calixto Su\u00e1rez, Freddy Tinoco Islas, Luis Roberto Jim\u00e9nez Cabrera, Jos\u00e9 Antonio Valente Ram\u00edrez, Edgar Herrera Borja y V\u00edctor Silva S\u00e1nchez, todos propuestos por el PJF.<\/p>\n\n\n\n<p>El Poder Ejecutivo postul\u00f3 a Marcelino Joseph Haydn Ju\u00e1rez Mart\u00ednez; Librado Antonio G\u00f3mez Morales, Ver\u00f3nica Z\u00e1rate L\u00f3pez, Vera Luc\u00eda Burguete Cruz, Genaro Garc\u00eda Carrasco, Francisco Iv\u00e1n Rend\u00f3n Carbajal, Adriana Patricia Salgado Gonz\u00e1lez, Ra\u00fal Gonz\u00e1lez L\u00f3pez, Emmanuel Reyna V\u00e9lez y Carlos Alberto Lara Gaona.<\/p>\n\n\n\n<p>En cuanto a los candidatos del PLF, est\u00e1n Carlos Alberro Larumbe Ram\u00edrez; Adolfo Albarr\u00e1n Figueroa, Victoriano Guzm\u00e1n Contreras, \u00c1ngel Andr\u00e9s Suazo Rodr\u00edguez, Hever Fern\u00e1ndez Nava, Eva Bibiano Mayo y Amhed Arafath Alc\u00e1zar Abraham.<\/p>\n\n\n\n<p>Entre quienes buscan reelegirse figuran Rodolfo Mart\u00ednez Guzm\u00e1n, Erik Garc\u00eda J\u00e1uregui, Omar Oliver Cervantes, Nadia Socorro Moreno Jim\u00e9nez, \u00c1ngel Eduardo Herrera Rodr\u00edguez, Jos\u00e9 \u00c1lvaro Vargas Ornelas y Pablo Alejandro Tecocoatzi Ju\u00e1rez.<\/p>\n\n\n\n<p>A nivel nacional, el pr\u00f3ximo 1 de junio se elegir\u00e1n nueve ministras y ministros de la Suprema Corte de Justicia de la Naci\u00f3n, con cinco plazas para mujeres y cuatro para hombres. Tambi\u00e9n se renovar\u00e1n cinco magistraturas del Tribunal de Disciplina Judicial, dos de la Sala Superior del Tribunal Electoral del PJF y 15 de las salas regionales.<\/p>\n\n\n\n<div class=\"wp-block-jetpack-slideshow aligncenter\" data-effect=\"slide\"><div class=\"wp-block-jetpack-slideshow_container swiper-container\"><ul class=\"wp-block-jetpack-slideshow_swiper-wrapper swiper-wrapper\"><li class=\"wp-block-jetpack-slideshow_slide swiper-slide\"><figure><img decoding=\"async\" src=\"data:image\/gif;base64,R0lGODlhAQABAIAAAAAAAP\/\/\/ywAAAAAAQABAAACAUwAOw==\" fifu-lazy=\"1\" fifu-data-sizes=\"auto\" fifu-data-srcset=\"https:\/\/i3.wp.com\/www.interaccionnoticias.com.mx\/wp-content\/uploads\/2025\/03\/250330-Poder-Judicial-2-1024x683.jpg?ssl=1&w=75&resize=75&ssl=1 75w, https:\/\/i3.wp.com\/www.interaccionnoticias.com.mx\/wp-content\/uploads\/2025\/03\/250330-Poder-Judicial-2-1024x683.jpg?ssl=1&w=100&resize=100&ssl=1 100w, https:\/\/i3.wp.com\/www.interaccionnoticias.com.mx\/wp-content\/uploads\/2025\/03\/250330-Poder-Judicial-2-1024x683.jpg?ssl=1&w=150&resize=150&ssl=1 150w, https:\/\/i3.wp.com\/www.interaccionnoticias.com.mx\/wp-content\/uploads\/2025\/03\/250330-Poder-Judicial-2-1024x683.jpg?ssl=1&w=240&resize=240&ssl=1 240w, https:\/\/i3.wp.com\/www.interaccionnoticias.com.mx\/wp-content\/uploads\/2025\/03\/250330-Poder-Judicial-2-1024x683.jpg?ssl=1&w=320&resize=320&ssl=1 320w, https:\/\/i3.wp.com\/www.interaccionnoticias.com.mx\/wp-content\/uploads\/2025\/03\/250330-Poder-Judicial-2-1024x683.jpg?ssl=1&w=500&resize=500&ssl=1 500w, https:\/\/i3.wp.com\/www.interaccionnoticias.com.mx\/wp-content\/uploads\/2025\/03\/250330-Poder-Judicial-2-1024x683.jpg?ssl=1&w=640&resize=640&ssl=1 640w, https:\/\/i3.wp.com\/www.interaccionnoticias.com.mx\/wp-content\/uploads\/2025\/03\/250330-Poder-Judicial-2-1024x683.jpg?ssl=1&w=800&resize=800&ssl=1 800w, https:\/\/i3.wp.com\/www.interaccionnoticias.com.mx\/wp-content\/uploads\/2025\/03\/250330-Poder-Judicial-2-1024x683.jpg?ssl=1&w=1024&resize=1024&ssl=1 1024w, https:\/\/i3.wp.com\/www.interaccionnoticias.com.mx\/wp-content\/uploads\/2025\/03\/250330-Poder-Judicial-2-1024x683.jpg?ssl=1&w=1280&resize=1280&ssl=1 1280w, https:\/\/i3.wp.com\/www.interaccionnoticias.com.mx\/wp-content\/uploads\/2025\/03\/250330-Poder-Judicial-2-1024x683.jpg?ssl=1&w=1600&resize=1600&ssl=1 1600w\" alt=\"\" class=\"wp-block-jetpack-slideshow_image wp-image-89517\" data-id=\"89517\" fifu-data-src=\"https:\/\/i3.wp.com\/www.interaccionnoticias.com.mx\/wp-content\/uploads\/2025\/03\/250330-Poder-Judicial-2-1024x683.jpg?ssl=1\"\/><\/figure><\/li><li class=\"wp-block-jetpack-slideshow_slide swiper-slide\"><figure><img decoding=\"async\" src=\"data:image\/gif;base64,R0lGODlhAQABAIAAAAAAAP\/\/\/ywAAAAAAQABAAACAUwAOw==\" fifu-lazy=\"1\" fifu-data-sizes=\"auto\" fifu-data-srcset=\"https:\/\/i0.wp.com\/www.interaccionnoticias.com.mx\/wp-content\/uploads\/2025\/03\/250330-Poder-Judicial-1-1024x683.jpg?ssl=1&w=75&resize=75&ssl=1 75w, https:\/\/i0.wp.com\/www.interaccionnoticias.com.mx\/wp-content\/uploads\/2025\/03\/250330-Poder-Judicial-1-1024x683.jpg?ssl=1&w=100&resize=100&ssl=1 100w, https:\/\/i0.wp.com\/www.interaccionnoticias.com.mx\/wp-content\/uploads\/2025\/03\/250330-Poder-Judicial-1-1024x683.jpg?ssl=1&w=150&resize=150&ssl=1 150w, https:\/\/i0.wp.com\/www.interaccionnoticias.com.mx\/wp-content\/uploads\/2025\/03\/250330-Poder-Judicial-1-1024x683.jpg?ssl=1&w=240&resize=240&ssl=1 240w, https:\/\/i0.wp.com\/www.interaccionnoticias.com.mx\/wp-content\/uploads\/2025\/03\/250330-Poder-Judicial-1-1024x683.jpg?ssl=1&w=320&resize=320&ssl=1 320w, https:\/\/i0.wp.com\/www.interaccionnoticias.com.mx\/wp-content\/uploads\/2025\/03\/250330-Poder-Judicial-1-1024x683.jpg?ssl=1&w=500&resize=500&ssl=1 500w, https:\/\/i0.wp.com\/www.interaccionnoticias.com.mx\/wp-content\/uploads\/2025\/03\/250330-Poder-Judicial-1-1024x683.jpg?ssl=1&w=640&resize=640&ssl=1 640w, https:\/\/i0.wp.com\/www.interaccionnoticias.com.mx\/wp-content\/uploads\/2025\/03\/250330-Poder-Judicial-1-1024x683.jpg?ssl=1&w=800&resize=800&ssl=1 800w, https:\/\/i0.wp.com\/www.interaccionnoticias.com.mx\/wp-content\/uploads\/2025\/03\/250330-Poder-Judicial-1-1024x683.jpg?ssl=1&w=1024&resize=1024&ssl=1 1024w, https:\/\/i0.wp.com\/www.interaccionnoticias.com.mx\/wp-content\/uploads\/2025\/03\/250330-Poder-Judicial-1-1024x683.jpg?ssl=1&w=1280&resize=1280&ssl=1 1280w, https:\/\/i0.wp.com\/www.interaccionnoticias.com.mx\/wp-content\/uploads\/2025\/03\/250330-Poder-Judicial-1-1024x683.jpg?ssl=1&w=1600&resize=1600&ssl=1 1600w\" alt=\"\" class=\"wp-block-jetpack-slideshow_image wp-image-89518\" data-id=\"89518\" fifu-data-src=\"https:\/\/i0.wp.com\/www.interaccionnoticias.com.mx\/wp-content\/uploads\/2025\/03\/250330-Poder-Judicial-1-1024x683.jpg?ssl=1\"\/><\/figure><\/li><\/ul><a class=\"wp-block-jetpack-slideshow_button-prev swiper-button-prev swiper-button-white\" role=\"button\"><\/a><a class=\"wp-block-jetpack-slideshow_button-next swiper-button-next swiper-button-white\" role=\"button\"><\/a><a aria-label=\"Pause Slideshow\" class=\"wp-block-jetpack-slideshow_button-pause\" role=\"button\"><\/a><div class=\"wp-block-jetpack-slideshow_pagination swiper-pagination swiper-pagination-white\"><\/div><\/div><\/div>\n","protected":false},"excerpt":{"rendered":"<p>&#8212; En guerrero se elegir\u00e1n 10 magistraturas y 10 jueces de distrito Jes\u00fas Dorantes Chilpancingo, Gro.- Este domingo 30 de marzo iniciaron las campa\u00f1as electorales para ocupar 881 puestos dentro&hellip; <\/p>\n","protected":false},"author":8,"featured_media":89518,"comment_status":"open","ping_status":"open","sticky":false,"template":"","format":"standard","meta":{"fifu_image_url":"","fifu_image_alt":"","footnotes":""},"categories":[11],"tags":[],"class_list":["post-89516","post","type-post","status-publish","format-standard","has-post-thumbnail","hentry","category-guerrero"],"_links":{"self":[{"href":"https:\/\/www.interaccionnoticias.com.mx\/index.php?rest_route=\/wp\/v2\/posts\/89516","targetHints":{"allow":["GET"]}}],"collection":[{"href":"https:\/\/www.interaccionnoticias.com.mx\/index.php?rest_route=\/wp\/v2\/posts"}],"about":[{"href":"https:\/\/www.interaccionnoticias.com.mx\/index.php?rest_route=\/wp\/v2\/types\/post"}],"author":[{"embeddable":true,"href":"https:\/\/www.interaccionnoticias.com.mx\/index.php?rest_route=\/wp\/v2\/users\/8"}],"replies":[{"embeddable":true,"href":"https:\/\/www.interaccionnoticias.com.mx\/index.php?rest_route=%2Fwp%2Fv2%2Fcomments&post=89516"}],"version-history":[{"count":1,"href":"https:\/\/www.interaccionnoticias.com.mx\/index.php?rest_route=\/wp\/v2\/posts\/89516\/revisions"}],"predecessor-version":[{"id":89519,"href":"https:\/\/www.interaccionnoticias.com.mx\/index.php?rest_route=\/wp\/v2\/posts\/89516\/revisions\/89519"}],"wp:featuredmedia":[{"embeddable":true,"href":"https:\/\/www.interaccionnoticias.com.mx\/index.php?rest_route=\/wp\/v2\/media\/89518"}],"wp:attachment":[{"href":"https:\/\/www.interaccionnoticias.com.mx\/index.php?rest_route=%2Fwp%2Fv2%2Fmedia&parent=89516"}],"wp:term":[{"taxonomy":"category","embeddable":true,"href":"https:\/\/www.interaccionnoticias.com.mx\/index.php?rest_route=%2Fwp%2Fv2%2Fcategories&post=89516"},{"taxonomy":"post_tag","embeddable":true,"href":"https:\/\/www.interaccionnoticias.com.mx\/index.php?rest_route=%2Fwp%2Fv2%2Ftags&post=89516"}],"curies":[{"name":"wp","href":"https:\/\/api.w.org\/{rel}","templated":true}]}}