{"id":89506,"date":"2025-03-30T17:50:00","date_gmt":"2025-03-30T23:50:00","guid":{"rendered":"https:\/\/www.interaccionnoticias.com.mx\/?p=89506"},"modified":"2025-03-30T19:49:07","modified_gmt":"2025-03-31T01:49:07","slug":"un-adolescente-fue-privado-de-la-vida-en-acapulco","status":"publish","type":"post","link":"https:\/\/www.interaccionnoticias.com.mx\/?p=89506","title":{"rendered":"Un adolescente fue privado de la vida en Acapulco"},"content":{"rendered":"\n<p><strong><em>&#8212; Los hechos ocurrieron en la colonia Arroyo Seco<br>&#8212; Sus victimarios le dispararon unas siete ocasiones<\/em><\/strong><\/p>\n\n\n\n<p><strong>Javier Trujillo<\/strong><\/p>\n\n\n\n<p><strong>Acapulco, Gro. \u2013 <\/strong>En las inmediaciones del andador Miguel \u00c1vila, un adolescente fue asesinado a balazos por la espalda, en la populosa colonia Arroyo Seco, ubicada en la zona suburbana.<\/p>\n\n\n\n<p>Tras el crimen contra el menor de edad, sus familiares llegaron hasta la escena del crimen y levantaron el cad\u00e1ver y se lo llevaron hasta el domicilio particular en la citada colonia de Acapulco.<\/p>\n\n\n\n<p>Los hechos se reportaron a las 15: 30 horas entre las calles Fuerte de San Diego y equina del andador Miguel \u00c1vila, muy cerca del k\u00ednder Rub\u00e9n Figueroa, se indica en el parte policial.<\/p>\n\n\n\n<p>Fue a trav\u00e9s del Servicio de Emergencia del 911, que se alert\u00f3 a las autoridades policiales que el menor, fue identificado como Jairo \u201cN\u201d, ten\u00eda 16 a\u00f1os de edad, y trabajaba como vendedor de bolillos.<\/p>\n\n\n\n<p>Testigos de los hechos, se\u00f1alaron que un solitario sujeto se acerc\u00f3 por la espalda del menor y le dispar\u00f3 en siete ocasiones con un arma de grueso calibre para huir en seguida de la escena del crimen.<\/p>\n\n\n\n<p>M\u00e1s tarde, cuando arribaron autoridades policiales, de la Guardia Nacional y de la Fiscal\u00eda General del Estado, a la escena del crimen ya no encontraron el cad\u00e1ver de la v\u00edctima y se les dijo que la familia se lo hab\u00eda llevado.<\/p>\n\n\n\n<p>Cabe mencionar que en el lugar del homicidio personal de los Servicios Periciales y de la Polic\u00eda Investigadora Ministerial, encontraron indicios bal\u00edsticos percutidos y manchas de sangre.<\/p>\n","protected":false},"excerpt":{"rendered":"<p>&#8212; Los hechos ocurrieron en la colonia Arroyo Seco&#8212; Sus victimarios le dispararon unas siete ocasiones Javier Trujillo Acapulco, Gro. \u2013 En las inmediaciones del andador Miguel \u00c1vila, un adolescente&hellip; <\/p>\n","protected":false},"author":3,"featured_media":89507,"comment_status":"open","ping_status":"open","sticky":false,"template":"","format":"standard","meta":{"fifu_image_url":"","fifu_image_alt":"","footnotes":""},"categories":[27],"tags":[],"class_list":["post-89506","post","type-post","status-publish","format-standard","has-post-thumbnail","hentry","category-seguridad-publica"],"_links":{"self":[{"href":"https:\/\/www.interaccionnoticias.com.mx\/index.php?rest_route=\/wp\/v2\/posts\/89506","targetHints":{"allow":["GET"]}}],"collection":[{"href":"https:\/\/www.interaccionnoticias.com.mx\/index.php?rest_route=\/wp\/v2\/posts"}],"about":[{"href":"https:\/\/www.interaccionnoticias.com.mx\/index.php?rest_route=\/wp\/v2\/types\/post"}],"author":[{"embeddable":true,"href":"https:\/\/www.interaccionnoticias.com.mx\/index.php?rest_route=\/wp\/v2\/users\/3"}],"replies":[{"embeddable":true,"href":"https:\/\/www.interaccionnoticias.com.mx\/index.php?rest_route=%2Fwp%2Fv2%2Fcomments&post=89506"}],"version-history":[{"count":1,"href":"https:\/\/www.interaccionnoticias.com.mx\/index.php?rest_route=\/wp\/v2\/posts\/89506\/revisions"}],"predecessor-version":[{"id":89508,"href":"https:\/\/www.interaccionnoticias.com.mx\/index.php?rest_route=\/wp\/v2\/posts\/89506\/revisions\/89508"}],"wp:featuredmedia":[{"embeddable":true,"href":"https:\/\/www.interaccionnoticias.com.mx\/index.php?rest_route=\/wp\/v2\/media\/89507"}],"wp:attachment":[{"href":"https:\/\/www.interaccionnoticias.com.mx\/index.php?rest_route=%2Fwp%2Fv2%2Fmedia&parent=89506"}],"wp:term":[{"taxonomy":"category","embeddable":true,"href":"https:\/\/www.interaccionnoticias.com.mx\/index.php?rest_route=%2Fwp%2Fv2%2Fcategories&post=89506"},{"taxonomy":"post_tag","embeddable":true,"href":"https:\/\/www.interaccionnoticias.com.mx\/index.php?rest_route=%2Fwp%2Fv2%2Ftags&post=89506"}],"curies":[{"name":"wp","href":"https:\/\/api.w.org\/{rel}","templated":true}]}}