{"id":89486,"date":"2025-03-30T09:43:00","date_gmt":"2025-03-30T15:43:00","guid":{"rendered":"https:\/\/www.interaccionnoticias.com.mx\/?p=89486"},"modified":"2025-03-30T16:45:06","modified_gmt":"2025-03-30T22:45:06","slug":"felix-verde","status":"publish","type":"post","link":"https:\/\/www.interaccionnoticias.com.mx\/?p=89486","title":{"rendered":"F\u00e9lix; Verde"},"content":{"rendered":"\n<p><strong>David Mart\u00ednez T\u00e9llez<\/strong><\/p>\n\n\n\n<p><strong><em>Analista pol\u00edtico, comunic\u00f3logo y acad\u00e9mico UAGro<\/em><\/strong><\/p>\n\n\n\n<p>El s\u00e1bado 29 de marzo corri\u00f3 el rumor que el partido verde (ecologista) se ali\u00f3 o que apoyar\u00eda al senador F\u00e9lix Salgado Macedonio rumbo a la gubernatura de Guerrero. Ya en entrevista la presidenta nacional de este partido pol\u00edtico Karen Castrej\u00f3n dijo que ella ser\u00e1 la candidata.<\/p>\n\n\n\n<p>Al difundir el chisme alent\u00f3 a quienes simpatizan con el senador, pues \u201c va ganando terreno\u201d. Llevar\u00eda dos organizaciones a su favor: aguirrismo y el partido verde de Guerrero.<\/p>\n\n\n\n<p>Pasadas las horas lleg\u00f3 la informaci\u00f3n de que la presidenta nacional del Verde, que por cierto es originaria de Guerrero, ser\u00eda la postulada. Declaraciones realizadas en un evento en Acapulco donde estuvo la plana mayor guerrerense de este partido.<\/p>\n\n\n\n<p>Posibles escenarios: el Verde sale en estos momentos con candidata, ya avanzado el proceso declinar\u00eda a este partido (mas bien la candidata) a favor de F\u00e9lix. Con ese progreso ser\u00eda muy dif\u00edcil que otro candidato llegara a negociar con estos verdes.<\/p>\n\n\n\n<p>El Verde se mantiene con su fuerza pol\u00edtica y dividir\u00eda a Morena; los verdes se inclinan hacia la expresi\u00f3n pol\u00edtica de la presidenta en donde se encuentra Estela Dami\u00e1n Peralta.<\/p>\n\n\n\n<p>Desde ahorita ha creado confusi\u00f3n entre algunos sectores pol\u00edticos. En su momento se ver\u00e1 dentro de las filas del Verde. Y esa desorden le conviene a F\u00e9lix.<\/p>\n\n\n\n<p>En el discurso de Karen Salgado hubo elogios al papel desempe\u00f1ado de la presidenta Claudia Sheinbaum; es decir, parecer\u00eda que est\u00e1n con la mandataria nacional; pero tambi\u00e9n puede ser un discurso disfrazado.<\/p>\n\n\n\n<p>Entonces, parecer\u00eda que van por un panorama lleno de confusiones. De incertidumbres.<\/p>\n\n\n\n<p>F\u00e9lix dice que no aspira a ser candidato a gobernador; sus acciones con reuniones en Guerrero lo contradicen. Para esto la siguiente frase: \u201cpone la cara contra el sol\u201d. Y este es mal augurio para la entidad, pues en caso de ganar no tendr\u00eda Guerrero el apoyo de la presidenta. Habr\u00eda rencor desde el poder ejecutivo federal.<\/p>\n\n\n\n<p>Esto de las campa\u00f1as apenas empiezan; no dejo de apuntar que algunas de ellas ya son ilegales de acuerdo a la legislaci\u00f3n electoral en vigor.<\/p>\n","protected":false},"excerpt":{"rendered":"<p>David Mart\u00ednez T\u00e9llez Analista pol\u00edtico, comunic\u00f3logo y acad\u00e9mico UAGro El s\u00e1bado 29 de marzo corri\u00f3 el rumor que el partido verde (ecologista) se ali\u00f3 o que apoyar\u00eda al senador F\u00e9lix&hellip; <\/p>\n","protected":false},"author":27,"featured_media":82316,"comment_status":"open","ping_status":"open","sticky":false,"template":"","format":"standard","meta":{"fifu_image_url":"","fifu_image_alt":"","footnotes":""},"categories":[16],"tags":[],"class_list":["post-89486","post","type-post","status-publish","format-standard","has-post-thumbnail","hentry","category-opinion"],"_links":{"self":[{"href":"https:\/\/www.interaccionnoticias.com.mx\/index.php?rest_route=\/wp\/v2\/posts\/89486","targetHints":{"allow":["GET"]}}],"collection":[{"href":"https:\/\/www.interaccionnoticias.com.mx\/index.php?rest_route=\/wp\/v2\/posts"}],"about":[{"href":"https:\/\/www.interaccionnoticias.com.mx\/index.php?rest_route=\/wp\/v2\/types\/post"}],"author":[{"embeddable":true,"href":"https:\/\/www.interaccionnoticias.com.mx\/index.php?rest_route=\/wp\/v2\/users\/27"}],"replies":[{"embeddable":true,"href":"https:\/\/www.interaccionnoticias.com.mx\/index.php?rest_route=%2Fwp%2Fv2%2Fcomments&post=89486"}],"version-history":[{"count":1,"href":"https:\/\/www.interaccionnoticias.com.mx\/index.php?rest_route=\/wp\/v2\/posts\/89486\/revisions"}],"predecessor-version":[{"id":89487,"href":"https:\/\/www.interaccionnoticias.com.mx\/index.php?rest_route=\/wp\/v2\/posts\/89486\/revisions\/89487"}],"wp:featuredmedia":[{"embeddable":true,"href":"https:\/\/www.interaccionnoticias.com.mx\/index.php?rest_route=\/wp\/v2\/media\/82316"}],"wp:attachment":[{"href":"https:\/\/www.interaccionnoticias.com.mx\/index.php?rest_route=%2Fwp%2Fv2%2Fmedia&parent=89486"}],"wp:term":[{"taxonomy":"category","embeddable":true,"href":"https:\/\/www.interaccionnoticias.com.mx\/index.php?rest_route=%2Fwp%2Fv2%2Fcategories&post=89486"},{"taxonomy":"post_tag","embeddable":true,"href":"https:\/\/www.interaccionnoticias.com.mx\/index.php?rest_route=%2Fwp%2Fv2%2Ftags&post=89486"}],"curies":[{"name":"wp","href":"https:\/\/api.w.org\/{rel}","templated":true}]}}