{"id":89468,"date":"2025-03-29T13:58:00","date_gmt":"2025-03-29T19:58:00","guid":{"rendered":"https:\/\/www.interaccionnoticias.com.mx\/?p=89468"},"modified":"2025-03-30T00:14:23","modified_gmt":"2025-03-30T06:14:23","slug":"en-emboscada-matan-a-cinco-personas-en-zapotitlan-tablas-un-dirigente-municipal-del-pt-y-tres-mujeres","status":"publish","type":"post","link":"https:\/\/www.interaccionnoticias.com.mx\/?p=89468","title":{"rendered":"En emboscada, matan a cinco personas en Zapotitl\u00e1n Tablas; un dirigente municipal del PT y tres mujeres"},"content":{"rendered":"\n<p><em><strong>&#8212; La FGE-Guerrero confirma que ya inici\u00f3 la investigaci\u00f3n<br>&#8212; El PT pide justicia para su dirigente en Copanatoyac y destaca que entres las v\u00edctimas hay tres mujeres<\/strong><\/em><\/p>\n\n\n\n<p><strong>Rogelio Agust\u00edn<\/strong><\/p>\n\n\n\n<p>La Fiscal\u00eda General del Estado (FGE) investiga una emboscada en las inmediaciones de Zapotitl\u00e1n Tablas con el saldo preliminar de cinco personas muertas, en tanto que la dirigencia estatal del PT confirm\u00f3 que entre las v\u00edctimas est\u00e1 el coordinador municipal en Copanatoyac, Juvenal Peralta Calleja y su esposa.<\/p>\n\n\n\n<p>De acuerdo con las versiones que se tienen sobre el hecho, la emboscada en contra del tambi\u00e9n empresario originario de Potoich\u00e1n se registr\u00f3 la tarde del viernes 28 de marzo, cuando las v\u00edctimas circulaban a bordo de un veh\u00edculo particular en las inmediaciones de la comunidad de Laguna Membrilla, perteneciente a Zapotitl\u00e1n Tablas.<\/p>\n\n\n\n<p>La FGE inform\u00f3 este s\u00e1bado emiti\u00f3 un comunicado en el que confirma que ya investiga los hechos registrados en la regi\u00f3n Monta\u00f1a.<\/p>\n\n\n\n<p>La dependencia indic\u00f3 que una vez que se tuvo conocimientos de los hechos, el Ministerio P\u00fablico inici\u00f3 una carpeta de investigaci\u00f3n, en tanto que personal de la Polic\u00eda Ministerial se despleg\u00f3 en la zona.<\/p>\n\n\n\n<p>V\u00eda comunicado, la dirigencia estatal del PT confirm\u00f3 que Juvenal Peralta era desde el pasado 28 de febrero coordinador de ese partido en el municipio de Copanatoyac.<\/p>\n\n\n\n<p>La dirigencia del PT indic\u00f3 tambi\u00e9n, que en la emboscada murieron el se\u00f1or Peralta Calleja, su esposa y tres familiares m\u00e1s, estableciendo que son cinco las v\u00edctimas mortales.<\/p>\n\n\n\n<p>En el comunicado se exige a la FGE-Guerrero una investigaci\u00f3n a fondo de los hechos para que cuanto antes se detenga a los responsables y se judicialice la carpeta correspondiente.<\/p>\n\n\n\n<p>Tambi\u00e9n reclamaron que la investigaci\u00f3n se realice con perspectiva de g\u00e9nero, ya que en la emboscada murieron tres mujeres.<\/p>\n\n\n\n<p>Y tambi\u00e9n advierte que dicha dirigencia estar\u00e1 pendiente del avance que tengan las indagatorias, para evitar que haya impunidad.<\/p>\n\n\n\n<div class=\"wp-block-jetpack-slideshow aligncenter\" data-effect=\"slide\"><div class=\"wp-block-jetpack-slideshow_container swiper-container\"><ul class=\"wp-block-jetpack-slideshow_swiper-wrapper swiper-wrapper\"><li class=\"wp-block-jetpack-slideshow_slide swiper-slide\"><figure><img decoding=\"async\" src=\"data:image\/gif;base64,R0lGODlhAQABAIAAAAAAAP\/\/\/ywAAAAAAQABAAACAUwAOw==\" fifu-lazy=\"1\" fifu-data-sizes=\"auto\" fifu-data-srcset=\"https:\/\/i0.wp.com\/www.interaccionnoticias.com.mx\/wp-content\/uploads\/2025\/03\/250329-Juvenal-Peralta-Calleja-1-576x1024.jpg?ssl=1&w=75&resize=75&ssl=1 75w, https:\/\/i0.wp.com\/www.interaccionnoticias.com.mx\/wp-content\/uploads\/2025\/03\/250329-Juvenal-Peralta-Calleja-1-576x1024.jpg?ssl=1&w=100&resize=100&ssl=1 100w, https:\/\/i0.wp.com\/www.interaccionnoticias.com.mx\/wp-content\/uploads\/2025\/03\/250329-Juvenal-Peralta-Calleja-1-576x1024.jpg?ssl=1&w=150&resize=150&ssl=1 150w, https:\/\/i0.wp.com\/www.interaccionnoticias.com.mx\/wp-content\/uploads\/2025\/03\/250329-Juvenal-Peralta-Calleja-1-576x1024.jpg?ssl=1&w=240&resize=240&ssl=1 240w, https:\/\/i0.wp.com\/www.interaccionnoticias.com.mx\/wp-content\/uploads\/2025\/03\/250329-Juvenal-Peralta-Calleja-1-576x1024.jpg?ssl=1&w=320&resize=320&ssl=1 320w, https:\/\/i0.wp.com\/www.interaccionnoticias.com.mx\/wp-content\/uploads\/2025\/03\/250329-Juvenal-Peralta-Calleja-1-576x1024.jpg?ssl=1&w=500&resize=500&ssl=1 500w, https:\/\/i0.wp.com\/www.interaccionnoticias.com.mx\/wp-content\/uploads\/2025\/03\/250329-Juvenal-Peralta-Calleja-1-576x1024.jpg?ssl=1&w=640&resize=640&ssl=1 640w, https:\/\/i0.wp.com\/www.interaccionnoticias.com.mx\/wp-content\/uploads\/2025\/03\/250329-Juvenal-Peralta-Calleja-1-576x1024.jpg?ssl=1&w=800&resize=800&ssl=1 800w, https:\/\/i0.wp.com\/www.interaccionnoticias.com.mx\/wp-content\/uploads\/2025\/03\/250329-Juvenal-Peralta-Calleja-1-576x1024.jpg?ssl=1&w=1024&resize=1024&ssl=1 1024w, https:\/\/i0.wp.com\/www.interaccionnoticias.com.mx\/wp-content\/uploads\/2025\/03\/250329-Juvenal-Peralta-Calleja-1-576x1024.jpg?ssl=1&w=1280&resize=1280&ssl=1 1280w, https:\/\/i0.wp.com\/www.interaccionnoticias.com.mx\/wp-content\/uploads\/2025\/03\/250329-Juvenal-Peralta-Calleja-1-576x1024.jpg?ssl=1&w=1600&resize=1600&ssl=1 1600w\" alt=\"\" class=\"wp-block-jetpack-slideshow_image wp-image-89469\" data-id=\"89469\" fifu-data-src=\"https:\/\/i0.wp.com\/www.interaccionnoticias.com.mx\/wp-content\/uploads\/2025\/03\/250329-Juvenal-Peralta-Calleja-1-576x1024.jpg?ssl=1\"\/><\/figure><\/li><li class=\"wp-block-jetpack-slideshow_slide swiper-slide\"><figure><img decoding=\"async\" src=\"data:image\/gif;base64,R0lGODlhAQABAIAAAAAAAP\/\/\/ywAAAAAAQABAAACAUwAOw==\" fifu-lazy=\"1\" fifu-data-sizes=\"auto\" fifu-data-srcset=\"https:\/\/i3.wp.com\/www.interaccionnoticias.com.mx\/wp-content\/uploads\/2025\/03\/250329-Juvenal-Peralta-Calleja-2-791x1024.jpg?ssl=1&w=75&resize=75&ssl=1 75w, https:\/\/i3.wp.com\/www.interaccionnoticias.com.mx\/wp-content\/uploads\/2025\/03\/250329-Juvenal-Peralta-Calleja-2-791x1024.jpg?ssl=1&w=100&resize=100&ssl=1 100w, https:\/\/i3.wp.com\/www.interaccionnoticias.com.mx\/wp-content\/uploads\/2025\/03\/250329-Juvenal-Peralta-Calleja-2-791x1024.jpg?ssl=1&w=150&resize=150&ssl=1 150w, https:\/\/i3.wp.com\/www.interaccionnoticias.com.mx\/wp-content\/uploads\/2025\/03\/250329-Juvenal-Peralta-Calleja-2-791x1024.jpg?ssl=1&w=240&resize=240&ssl=1 240w, https:\/\/i3.wp.com\/www.interaccionnoticias.com.mx\/wp-content\/uploads\/2025\/03\/250329-Juvenal-Peralta-Calleja-2-791x1024.jpg?ssl=1&w=320&resize=320&ssl=1 320w, https:\/\/i3.wp.com\/www.interaccionnoticias.com.mx\/wp-content\/uploads\/2025\/03\/250329-Juvenal-Peralta-Calleja-2-791x1024.jpg?ssl=1&w=500&resize=500&ssl=1 500w, https:\/\/i3.wp.com\/www.interaccionnoticias.com.mx\/wp-content\/uploads\/2025\/03\/250329-Juvenal-Peralta-Calleja-2-791x1024.jpg?ssl=1&w=640&resize=640&ssl=1 640w, https:\/\/i3.wp.com\/www.interaccionnoticias.com.mx\/wp-content\/uploads\/2025\/03\/250329-Juvenal-Peralta-Calleja-2-791x1024.jpg?ssl=1&w=800&resize=800&ssl=1 800w, https:\/\/i3.wp.com\/www.interaccionnoticias.com.mx\/wp-content\/uploads\/2025\/03\/250329-Juvenal-Peralta-Calleja-2-791x1024.jpg?ssl=1&w=1024&resize=1024&ssl=1 1024w, https:\/\/i3.wp.com\/www.interaccionnoticias.com.mx\/wp-content\/uploads\/2025\/03\/250329-Juvenal-Peralta-Calleja-2-791x1024.jpg?ssl=1&w=1280&resize=1280&ssl=1 1280w, https:\/\/i3.wp.com\/www.interaccionnoticias.com.mx\/wp-content\/uploads\/2025\/03\/250329-Juvenal-Peralta-Calleja-2-791x1024.jpg?ssl=1&w=1600&resize=1600&ssl=1 1600w\" alt=\"\" class=\"wp-block-jetpack-slideshow_image wp-image-89470\" data-id=\"89470\" fifu-data-src=\"https:\/\/i3.wp.com\/www.interaccionnoticias.com.mx\/wp-content\/uploads\/2025\/03\/250329-Juvenal-Peralta-Calleja-2-791x1024.jpg?ssl=1\"\/><\/figure><\/li><\/ul><a class=\"wp-block-jetpack-slideshow_button-prev swiper-button-prev swiper-button-white\" role=\"button\"><\/a><a class=\"wp-block-jetpack-slideshow_button-next swiper-button-next swiper-button-white\" role=\"button\"><\/a><a aria-label=\"Pause Slideshow\" class=\"wp-block-jetpack-slideshow_button-pause\" role=\"button\"><\/a><div class=\"wp-block-jetpack-slideshow_pagination swiper-pagination swiper-pagination-white\"><\/div><\/div><\/div>\n","protected":false},"excerpt":{"rendered":"<p>&#8212; La FGE-Guerrero confirma que ya inici\u00f3 la investigaci\u00f3n&#8212; El PT pide justicia para su dirigente en Copanatoyac y destaca que entres las v\u00edctimas hay tres mujeres Rogelio Agust\u00edn La&hellip; <\/p>\n","protected":false},"author":21,"featured_media":89471,"comment_status":"open","ping_status":"open","sticky":false,"template":"","format":"standard","meta":{"fifu_image_url":"","fifu_image_alt":"","footnotes":""},"categories":[27],"tags":[],"class_list":["post-89468","post","type-post","status-publish","format-standard","has-post-thumbnail","hentry","category-seguridad-publica"],"_links":{"self":[{"href":"https:\/\/www.interaccionnoticias.com.mx\/index.php?rest_route=\/wp\/v2\/posts\/89468","targetHints":{"allow":["GET"]}}],"collection":[{"href":"https:\/\/www.interaccionnoticias.com.mx\/index.php?rest_route=\/wp\/v2\/posts"}],"about":[{"href":"https:\/\/www.interaccionnoticias.com.mx\/index.php?rest_route=\/wp\/v2\/types\/post"}],"author":[{"embeddable":true,"href":"https:\/\/www.interaccionnoticias.com.mx\/index.php?rest_route=\/wp\/v2\/users\/21"}],"replies":[{"embeddable":true,"href":"https:\/\/www.interaccionnoticias.com.mx\/index.php?rest_route=%2Fwp%2Fv2%2Fcomments&post=89468"}],"version-history":[{"count":1,"href":"https:\/\/www.interaccionnoticias.com.mx\/index.php?rest_route=\/wp\/v2\/posts\/89468\/revisions"}],"predecessor-version":[{"id":89472,"href":"https:\/\/www.interaccionnoticias.com.mx\/index.php?rest_route=\/wp\/v2\/posts\/89468\/revisions\/89472"}],"wp:featuredmedia":[{"embeddable":true,"href":"https:\/\/www.interaccionnoticias.com.mx\/index.php?rest_route=\/wp\/v2\/media\/89471"}],"wp:attachment":[{"href":"https:\/\/www.interaccionnoticias.com.mx\/index.php?rest_route=%2Fwp%2Fv2%2Fmedia&parent=89468"}],"wp:term":[{"taxonomy":"category","embeddable":true,"href":"https:\/\/www.interaccionnoticias.com.mx\/index.php?rest_route=%2Fwp%2Fv2%2Fcategories&post=89468"},{"taxonomy":"post_tag","embeddable":true,"href":"https:\/\/www.interaccionnoticias.com.mx\/index.php?rest_route=%2Fwp%2Fv2%2Ftags&post=89468"}],"curies":[{"name":"wp","href":"https:\/\/api.w.org\/{rel}","templated":true}]}}